{"id":279994,"date":"2025-12-09T20:07:10","date_gmt":"2025-12-09T20:07:10","guid":{"rendered":"https:\/\/www.europesays.com\/es\/279994\/"},"modified":"2025-12-09T20:07:10","modified_gmt":"2025-12-09T20:07:10","slug":"miley-cyrus-de-la-reconstruccion-al-equilibrio-y-el-compromiso-junto-al-musico-maxx-morando","status":"publish","type":"post","link":"https:\/\/www.europesays.com\/es\/279994\/","title":{"rendered":"Miley Cyrus, de la reconstrucci\u00f3n al equilibrio y el compromiso junto al m\u00fasico Maxx Morando"},"content":{"rendered":"<p class=\"paragraph\"><b>Miley Cyrus<\/b> (33) confirm\u00f3 su <b>compromiso <\/b>con el m\u00fasico <b>Maxx Morando<\/b> (27), con quien mantiene una relaci\u00f3n desde hace cuatro a\u00f1os. La propuesta la tom\u00f3 completamente por sorpresa durante un viaje a Asia, seg\u00fan confes\u00f3 en &#8216;Good Morning America&#8217;, despu\u00e9s de que <b>el anillo de oro y diamantes que luci\u00f3 en el estreno de &#8216;Avatar 3&#8217; desatara todos los rumores<\/b>.<\/p>\n<p class=\"paragraph\">\u00a0La cantante encontr\u00f3 en su pareja un apoyo incondicional que favorece lo que ella define como su \u00abdr\u00e1stico crecimiento\u00bb y<b> le proporciona serenidad<\/b>. Antes de llegar aqu\u00ed, son muchas las veces que hemos visto a Miley Cyrus reconstruirse en todas sus facetas, tanto en la m\u00fasica como en la vida y en el amor.\u00a0<\/p>\n<p class=\"paragraph\">Una de sus transformaciones m\u00e1s comentadas fue la <b>transici\u00f3n de ni\u00f1a Disney a mujer.<\/b> Conocida inicialmente como la divertida y c\u00e1ndida protagonista de <b>&#8216;Hannah Montana&#8217;,<\/b> la serie de Disney Channel que la convirti\u00f3 en un fen\u00f3meno global, creci\u00f3 bajo el escrutinio p\u00fablico y la presi\u00f3n profesional. Aquella situaci\u00f3n le provoc\u00f3 <b>problemas de acoso escolar y deriv\u00f3 en una depresi\u00f3n<\/b>.\u00a0<\/p>\n<p class=\"paragraph\">Al llegar a la edad adulta, la artista decidi\u00f3 romper de forma radical con su imagen infantil, reivindicando su autonom\u00eda personal mediante la experimentaci\u00f3n musical, pero tambi\u00e9n a trav\u00e9s de la provocaci\u00f3n en sus gestos y su indumentaria. Una evoluci\u00f3n que gener\u00f3 controversia. Tuvo <b>problemas con las drogas legales e ilegales<\/b>, rehabilitaciones y reca\u00eddas, una relaci\u00f3n larga con el Liam Hemsworth que termin\u00f3 en boda y divorcio, y la p\u00e9rdida de su casa de Malib\u00fa con todos sus recuerdos en el terrible incendio de noviembre de 2018.\u00a0<\/p>\n<p class=\"paragraph\"><b>RECONSTRUCCI\u00d3N<\/b><\/p>\n<p class=\"paragraph\">La propia artista explic\u00f3 que la boda con Hemsworth respondi\u00f3, en parte, al deseo de aferrarse a lo que quedaba. \u00abNo paraba de preguntarme qu\u00e9 prop\u00f3sito hab\u00eda detr\u00e1s de esa destrucci\u00f3n\u00bb. De aquello <b>renaci\u00f3 con &#8216;Flowers&#8217;,<\/b> una canci\u00f3n de empoderamiento y amor propio que refleja su proceso de duelo y superaci\u00f3n. Para entonces ya estaba a su lado Maxx Morando, <b>bater\u00eda del grupo de rock Liily<\/b>, a quien conoci\u00f3 en 2021 en una cita a ciegas.\u00a0<\/p>\n<blockquote class=\"instagram-media\" data-instgrm-captioned=\"\" data-instgrm-permalink=\"https:\/\/www.instagram.com\/p\/DRxQblGjzYI\/?utm_source=ig_embed&amp;utm_campaign=loading\" data-instgrm-version=\"14\" style=\" background:#FFF; border:0; border-radius:3px; box-shadow:0 0 1px 0 rgba(0,0,0,0.5),0 1px 10px 0 rgba(0,0,0,0.15); margin: 1px; max-width:540px; min-width:326px; padding:0; width:99.375%; width:-webkit-calc(100% - 2px); width:calc(100% - 2px);\"\/>\n<p class=\"paragraph\">Hace unos d\u00edas, Cyrus pos\u00f3 junto a su novio en la alfombra roja del estreno de &#8216;Avatar: Fire and Ash&#8217; en Los \u00c1ngeles. De pie ante los fot\u00f3grafos, la cantante coloc\u00f3 su mano sobre el pecho de su pareja, dejando a la vista su nuevo anillo con un <b>espectacular diamante de talla coj\u00edn engastado en una banda gruesa de oro amarillo de 14 quilates<\/b>. Una joya dise\u00f1ada por la firma Jacquie Aiche con la que, sin decir una palabra, gritaba a los cuatro vientos su compromiso.<\/p>\n<p><script async src=\"\/\/www.instagram.com\/embed.js\"><\/script><\/p>\n","protected":false},"excerpt":{"rendered":"Miley Cyrus (33) confirm\u00f3 su compromiso con el m\u00fasico Maxx Morando (27), con quien mantiene una relaci\u00f3n desde&hellip;\n","protected":false},"author":2,"featured_media":279995,"comment_status":"","ping_status":"","sticky":false,"template":"","format":"standard","meta":{"footnotes":""},"categories":[170],"tags":[1625,25386,146,147,8427,25,24,25385,184,185,10209,23],"class_list":{"0":"post-279994","1":"post","2":"type-post","3":"status-publish","4":"format-standard","5":"has-post-thumbnail","7":"category-musica","8":"tag-compromiso","9":"tag-cyrus","10":"tag-entertainment","11":"tag-entretenimiento","12":"tag-equilibrio","13":"tag-es","14":"tag-espana","15":"tag-miley","16":"tag-music","17":"tag-musica","18":"tag-reconstruccion","19":"tag-spain"},"share_on_mastodon":{"url":"https:\/\/pubeurope.com\/@es\/115691418044752072","error":""},"_links":{"self":[{"href":"https:\/\/www.europesays.com\/es\/wp-json\/wp\/v2\/posts\/279994","targetHints":{"allow":["GET"]}}],"collection":[{"href":"https:\/\/www.europesays.com\/es\/wp-json\/wp\/v2\/posts"}],"about":[{"href":"https:\/\/www.europesays.com\/es\/wp-json\/wp\/v2\/types\/post"}],"author":[{"embeddable":true,"href":"https:\/\/www.europesays.com\/es\/wp-json\/wp\/v2\/users\/2"}],"replies":[{"embeddable":true,"href":"https:\/\/www.europesays.com\/es\/wp-json\/wp\/v2\/comments?post=279994"}],"version-history":[{"count":0,"href":"https:\/\/www.europesays.com\/es\/wp-json\/wp\/v2\/posts\/279994\/revisions"}],"wp:featuredmedia":[{"embeddable":true,"href":"https:\/\/www.europesays.com\/es\/wp-json\/wp\/v2\/media\/279995"}],"wp:attachment":[{"href":"https:\/\/www.europesays.com\/es\/wp-json\/wp\/v2\/media?parent=279994"}],"wp:term":[{"taxonomy":"category","embeddable":true,"href":"https:\/\/www.europesays.com\/es\/wp-json\/wp\/v2\/categories?post=279994"},{"taxonomy":"post_tag","embeddable":true,"href":"https:\/\/www.europesays.com\/es\/wp-json\/wp\/v2\/tags?post=279994"}],"curies":[{"name":"wp","href":"https:\/\/api.w.org\/{rel}","templated":true}]}}