{"id":280001,"date":"2025-12-09T20:11:16","date_gmt":"2025-12-09T20:11:16","guid":{"rendered":"https:\/\/www.europesays.com\/es\/280001\/"},"modified":"2025-12-09T20:11:16","modified_gmt":"2025-12-09T20:11:16","slug":"la-navidad-ilumina-torrelodones-ayuntamiento-de-torrelodones","status":"publish","type":"post","link":"https:\/\/www.europesays.com\/es\/280001\/","title":{"rendered":"La Navidad ilumina Torrelodones &#8211; Ayuntamiento de Torrelodones"},"content":{"rendered":"<p>El jueves 11, a las 18:00h, encendido de la Navidad<\/p>\n<p>\u00a0<\/p>\n<p>El esp\u00edritu navide\u00f1o llega a Torrelodones con el encendido este pr\u00f3ximo jueves 11. A partir de las 18:00h, se iluminar\u00e1n las calles y las plazas y el gran \u00e1rbol que preside la Plaza de la Constituci\u00f3n. Comenzar\u00e1n los actos navide\u00f1os que ha programado el Ayuntamiento de Torrelodones para celebrar la Navidad entre todos, especialmente con la mirada puesta en los m\u00e1s peque\u00f1os.<\/p>\n<p>Vuelven los tradicionales concursos navide\u00f1os, la m\u00fasica, el deporte, la cultura, los juegos\u2026<\/p>\n<p>Con los villancicos a cargo de los ni\u00f1os de los centros educativos, la\u00a0actuaci\u00f3n del grupo \u201cSomos\u201d y la inauguraci\u00f3n del Bel\u00e9n tradicional, que a\u00f1o a a\u00f1o se instala en la Plaza de la Constituci\u00f3n, comienzan las actividades navide\u00f1as.<\/p>\n<p>El tren de la Navidad, juegos en los parques, Pinocho el musical, los conciertos de fin de a\u00f1o y a\u00f1o nuevo, el mercadillo navide\u00f1o, el encuentro coral, el teatro, el deporte y las actividades para los m\u00e1s j\u00f3venes. En definitiva, una Navidad para el disfrute de las familias en Torrelodones.<\/p>\n<p>\u201cQueremos que el esp\u00edritu navide\u00f1o llegue a cada rinc\u00f3n de Torrelodones. Por eso, este a\u00f1o hemos preparado una programaci\u00f3n pensando en todos: desde los m\u00e1s peque\u00f1os, con las actuaciones de los villancicos, los juegos en los parques, el musical, pasando por los j\u00f3venes, que tendr\u00e1n su espacio de ocio en Torreforum, o los mayores. Invito, desde aqu\u00ed a todos los vecinos a disfrutar de las luces, de las celebraciones y a vivir la Navidad con buen \u00e1nimo y todos juntos\u201d, ha dicho la alcaldesa, Almudena Negro, durante la presentaci\u00f3n de la programaci\u00f3n navide\u00f1a, donde ha estado acompa\u00f1ada de la concejal de Fiestas, Sagrario Cillero.\u00a0<\/p>\n<p>\u00a0<\/p>\n<p><img decoding=\"async\" src=\"https:\/\/www.europesays.com\/es\/wp-content\/uploads\/2025\/12\/img_5044.jpg\" alt=\"img 5044\" width=\"50%\"\/><img decoding=\"async\" src=\"https:\/\/www.europesays.com\/es\/wp-content\/uploads\/2025\/12\/alcaldesa-y-concejal-de-seguridad.jpeg\" alt=\"alcaldesa y concejal de seguridad\" width=\"50%\"\/><\/p>\n<p>\u00a0<\/p>\n<p>Las primeras actividades de Navidad comenzaron el pasado 5 de diciembre con la inauguraci\u00f3n del Mercadillo navide\u00f1o, que estar\u00e1 instalado en la Plaza de la Constituci\u00f3n hasta el pr\u00f3ximo 23 de diciembre.<\/p>\n<p>Habr\u00e1 conciertos como el de South Carolina Gospel Choir presenta \u201cMichael Jackson Happy Days\u201d, en el Teatro Bulevar el d\u00eda 11, el encuentro coral de villancicos (12 de diciembre), la actuaci\u00f3n Show Navidad Talents (20 de diciembre), el musical de Pinocho para los m\u00e1s peque\u00f1os (23 de diciembre) o el Concierto de Navidad de la Escuela de M\u00fasica y Danza Ant\u00f3n Garc\u00eda Abril (18 de diciembre), sin olvidar la tradicional Gala de fin de a\u00f1o (el 27 de diciembre).<\/p>\n<p>Los m\u00e1s peque\u00f1os disfrutar\u00e1n de los juegos en los parques con hinchables en Pradogrande y en Floridablanca, el Circo de Don Juli\u00e1n (19 de diciembre)\u00a0\u00a0y el Tren de la Navidad, que volver\u00e1 a recorrer las calles del Pueblo y La Colonia.<\/p>\n<p>\u00a0<\/p>\n<p><strong>Deporte solidario<\/strong><\/p>\n<p>Las actividades deportivas volver\u00e1n a ocupar una parte de la programaci\u00f3n navide\u00f1a, como el 100&#215;100 solidario de nataci\u00f3n, en la piscina municipal (14 de diciembre). Adem\u00e1s, el Polideportivo y el pabell\u00f3n grande, por fin, tendr\u00e1n nombre.<\/p>\n<p>Tal y como anunci\u00f3 la alcaldesa, el Polideportivo llevar\u00e1 el nombre de quien fue su director durante muchos a\u00f1os, Jos\u00e9 Antonio Mur Capelo, y el pabell\u00f3n grande, donde se disputan los partidos de baloncesto, recordar\u00e1 a partir de ahora a la Generaci\u00f3n de oro. El acto, previsto para el s\u00e1bado 13 de diciembre, contar\u00e1 con la presencia de Jorge Garbajosa, Amaya Valdemoro, Rudy Fern\u00e1ndez, Felipe Reyes y Pepu Hern\u00e1ndez, entre otros. Tras este acto, se celebrar\u00e1 el partido de All Stars ben\u00e9fico, en colaboraci\u00f3n con la Fundaci\u00f3n Crecer Jugando.<\/p>\n<p>Y el 20 de diciembre, adem\u00e1s de la tradicional carrera de San Silvestre, se celebrar\u00e1 el d\u00eda del Pat\u00edn solidario.<\/p>\n<p>\u00a0<\/p>\n<p><strong>Torreforum<\/strong><\/p>\n<p>Los m\u00e1s j\u00f3venes tendr\u00e1n su espacio durante estas fechas en Torreforum, donde la concejal\u00eda de Juventud ha programado varias actividades, como el Game Christmas Fest, el 19 de diciembre; el d\u00eda de los juegos de mesa, el 22 de diciembre, y el Campamento tecnol\u00f3gico, incluido en el Programa de Competencias Digitales para la Infancia (CODI), que se celebra, del 23 al 30 de diciembre.\u00a0<\/p>\n<p>Este a\u00f1o volveremos a celebrar las pre\u00favas en la Plaza de la Constituci\u00f3n.<\/p>\n<p>Finalmente, la Cabalgata de Reyes, el d\u00eda m\u00e1s esperado por los peque\u00f1os, saldr\u00e1 de la Casa de Cultura a las 17:00h, y llegar\u00e1 a la Plaza de la Constituci\u00f3n, donde los Reyes Magos y la alcaldesa atender\u00e1n a los m\u00e1s peque\u00f1os para que sus deseos lleguen a todos esta Navidad.\u00a0<\/p>\n<p>\u00a0<\/p>\n<p><strong>Programaci\u00f3n de Navidad en Torrelodones<\/strong><\/p>\n<p>Del 5 al 23 de diciembre. Mercadillo navide\u00f1o. Plaza de la Constituci\u00f3n<\/p>\n<p><strong>11 de diciembre, 18:00h.<\/strong><\/p>\n<p>Encendido del \u00e1rbol e iluminaci\u00f3n de Navidad. Inauguraci\u00f3n del Bel\u00e9n<\/p>\n<p>Espect\u00e1culo en la piedra: Villancicos escolares, actuaci\u00f3n del grupo \u201cSomos\u201d, del Padre Juan Luis<\/p>\n<p>Churros y chocolatada<\/p>\n<p><strong>11 de diciembre, 19:30h<\/strong><\/p>\n<p>Concierto de Gospel. South Carolina Gospel Choir presenta \u201cMichael Jackson Happy Days\u201d. Teatro Bulevar<\/p>\n<p><strong>12 de diciembre, 18:00h<\/strong><\/p>\n<p>Encuentro coral de villancicos\u00a0<\/p>\n<p>Coro Parroquia Asunci\u00f3n de Nuestra Se\u00f1ora, Agrupaci\u00f3n Torrecanto y Coro Divertente<\/p>\n<p>Hall Casa de Cultura Paco de Luc\u00eda\u00a0<\/p>\n<p><strong>13 de diciembre, 10:00h<\/strong><\/p>\n<p>Chocolatada con churros. Cafeter\u00eda edificio Servicios Sociales<\/p>\n<p><strong>13 de diciembre, 11:00h<\/strong><\/p>\n<p>Juegos infantiles en Pradogrande: hinchables y animaci\u00f3n infantil<\/p>\n<p><strong>13 de diciembre, 17:00h<\/strong><\/p>\n<p>All Star Christmas Basket Navidad. Polideportivo municipal<\/p>\n<p><strong>14 de diciembre, 11:00h<\/strong><\/p>\n<p>100&#215;100 solidario de nataci\u00f3n. Piscina municipal<\/p>\n<p><strong>18 de diciembre, 19:30h<\/strong><\/p>\n<p>Concierto de Navidad de la Escuela de M\u00fasica y Danza \u201cAnt\u00f3n Mart\u00edn\u201d. Teatro Bulevar\u00a0<\/p>\n<p><strong>19 de diciembre, 13:00 a 20:00h<\/strong><\/p>\n<p>Game Christmas Fest. Concursos. Torreforum<\/p>\n<p><strong>19 de diciembre, 18:30h<\/strong><\/p>\n<p>Espect\u00e1culo Circo familiar: el circo de Don Juli\u00e1n. Parque Floridablanca.<\/p>\n<p>(En caso de lluvia, la actividad ser\u00e1 en la Plaza del Centro Comercial- Planta 1\u00aa)<\/p>\n<p><strong>20 de diciembre, 11:00h\/12:00h<\/strong><\/p>\n<p>Carrera San Silvestre. Salida y llegada calle Real con Hermanos Velasco<\/p>\n<p><strong>20 de diciembre, 11:00h<\/strong><\/p>\n<p>Juegos infantiles Parque Pradogrande: hinchables y animaci\u00f3n infantil<\/p>\n<p><strong>20 de diciembre, 13:00h<\/strong><\/p>\n<p>Actuaci\u00f3n Show Navidad Talents. Escenario de la piedra. Plaza de la Constituci\u00f3n<\/p>\n<p><strong>20 de diciembre, 18:00h<\/strong><\/p>\n<p>Pat\u00edn solidario. Pabell\u00f3n grande Polideportivo (Club Patinaje Torrelodones)<\/p>\n<p><strong>20 de diciembre, 20:00h<\/strong><\/p>\n<p>Concierto de A\u00f1o Nuevo, a cargo de la Banda Sinf\u00f3nica de Torrelodones. Teatro colegio Los Sauces<\/p>\n<p><strong>22 de diciembre, 10:30 a 14:30h<\/strong><\/p>\n<p>Jornada de juegos de mesa. Torreforum\u00a0<\/p>\n<p><strong>Del 23 al 30 de diciembre, 10 a 14:00h<\/strong><\/p>\n<p>Campamento tecnol\u00f3gico DIGI + Torreforum<strong>\u00a0<\/strong><\/p>\n<p><strong>23 de diciembre, 18:00h<\/strong><\/p>\n<p>Teatro musical \u201cPinocho el musical\u201d. Teatro Bulevar<\/p>\n<p><strong>26 y 27 de diciembre, 17 a 21:00h<\/strong><\/p>\n<p>Tren de la Navidad, recorriendo las calles del Pueblo<\/p>\n<p><strong>27 de diciembre, 11:00h<\/strong><\/p>\n<p>Juegos infantiles Parque Floridablanca. Los Prados: hinchables y animaci\u00f3n infantil<\/p>\n<p><strong>27 de diciembre, 19:30h<\/strong><\/p>\n<p>Concierto Gala fin de a\u00f1o 2025. Orquesta Johannes Strauss. Teatro Bulevar de Torrelodones<\/p>\n<p><strong>31 de diciembre, 12:00h<\/strong><\/p>\n<p>Pre\u00favas. Plaza de la Constituci\u00f3n<\/p>\n<p><strong>1 de enero, 01:00h<\/strong><\/p>\n<p>Autob\u00fas de Nochevieja con desplazamientos a Madrid (ida y vuelta)<\/p>\n<p><strong>3 y 4 de enero<\/strong>,\u00a0<strong>17 a 21:00h<\/strong><\/p>\n<p>Tren de la Navidad por las calles de La Colonia<\/p>\n<p><strong>3 de enero, 11:00h<\/strong><\/p>\n<p>Juegos infantiles Parque Floridablanca. Los Prados: hinchables y animaci\u00f3n infantil<\/p>\n<p><strong>5 de enero, 17:00h<\/strong><\/p>\n<p>Gran Cabalgata de Reyes, con salida de la Casa de Cultura, y recepci\u00f3n de SSMM a los ni\u00f1os en la Plaza de la Constituci\u00f3n.\u00a0<\/p>\n","protected":false},"excerpt":{"rendered":"El jueves 11, a las 18:00h, encendido de la Navidad \u00a0 El esp\u00edritu navide\u00f1o llega a Torrelodones con&hellip;\n","protected":false},"author":2,"featured_media":280002,"comment_status":"","ping_status":"","sticky":false,"template":"","format":"standard","meta":{"footnotes":""},"categories":[91],"tags":[67916,146,147,25,24,67917,67914,67915,23],"class_list":{"0":"post-280001","1":"post","2":"type-post","3":"status-publish","4":"format-standard","5":"has-post-thumbnail","7":"category-entretenimiento","8":"tag-almudena-negro","9":"tag-entertainment","10":"tag-entretenimiento","11":"tag-es","12":"tag-espana","13":"tag-luces-torrelodones","14":"tag-navidad-torrelodones","15":"tag-programacion-navidena-torrelodones","16":"tag-spain"},"share_on_mastodon":{"url":"https:\/\/pubeurope.com\/@es\/115691434254351796","error":""},"_links":{"self":[{"href":"https:\/\/www.europesays.com\/es\/wp-json\/wp\/v2\/posts\/280001","targetHints":{"allow":["GET"]}}],"collection":[{"href":"https:\/\/www.europesays.com\/es\/wp-json\/wp\/v2\/posts"}],"about":[{"href":"https:\/\/www.europesays.com\/es\/wp-json\/wp\/v2\/types\/post"}],"author":[{"embeddable":true,"href":"https:\/\/www.europesays.com\/es\/wp-json\/wp\/v2\/users\/2"}],"replies":[{"embeddable":true,"href":"https:\/\/www.europesays.com\/es\/wp-json\/wp\/v2\/comments?post=280001"}],"version-history":[{"count":0,"href":"https:\/\/www.europesays.com\/es\/wp-json\/wp\/v2\/posts\/280001\/revisions"}],"wp:featuredmedia":[{"embeddable":true,"href":"https:\/\/www.europesays.com\/es\/wp-json\/wp\/v2\/media\/280002"}],"wp:attachment":[{"href":"https:\/\/www.europesays.com\/es\/wp-json\/wp\/v2\/media?parent=280001"}],"wp:term":[{"taxonomy":"category","embeddable":true,"href":"https:\/\/www.europesays.com\/es\/wp-json\/wp\/v2\/categories?post=280001"},{"taxonomy":"post_tag","embeddable":true,"href":"https:\/\/www.europesays.com\/es\/wp-json\/wp\/v2\/tags?post=280001"}],"curies":[{"name":"wp","href":"https:\/\/api.w.org\/{rel}","templated":true}]}}