{"id":280007,"date":"2025-12-09T20:14:08","date_gmt":"2025-12-09T20:14:08","guid":{"rendered":"https:\/\/www.europesays.com\/es\/280007\/"},"modified":"2025-12-09T20:14:08","modified_gmt":"2025-12-09T20:14:08","slug":"el-nobel-a-maria-corina-machado-pone-a-la-oposicion-venezolana-en-el-primer-plano-internacional-internacional","status":"publish","type":"post","link":"https:\/\/www.europesays.com\/es\/280007\/","title":{"rendered":"El Nobel a Mar\u00eda Corina Machado pone a la oposici\u00f3n venezolana en el primer plano internacional | Internacional"},"content":{"rendered":"<p class=\"\">Una mezcla de enorme expectativa, emoci\u00f3n y cierta dosis de incredulidad se ha apoderado de la g\u00e9lida Oslo en las \u00faltimas horas. Isabel busca refugio del fr\u00edo mientras camina orgullosa por las calles de la capital noruega con la bandera de Venezuela a cuestas. Acaba de llegar desde Estocolmo para ser testigo de lo que considera que ser\u00e1 un momento hist\u00f3rico para su pa\u00eds: la entrega del premio <a href=\"https:\/\/elpais.com\/internacional\/2025-12-09\/el-misterio-sobre-la-presencia-de-maria-corina-machado-en-los-nobel-se-mantiene-horas-antes-de-la-entrega-del-premio-en-oslo.html\" target=\"_self\" rel=\"nofollow noopener\" title=\"https:\/\/elpais.com\/internacional\/2025-12-09\/el-misterio-sobre-la-presencia-de-maria-corina-machado-en-los-nobel-se-mantiene-horas-antes-de-la-entrega-del-premio-en-oslo.html\">Nobel de la Paz<\/a> a la l\u00edder opositora <a href=\"https:\/\/elpais.com\/america\/2025-12-09\/de-la-clandestinidad-al-nobel-el-ano-oculto-de-maria-corina-machado.html\" target=\"_self\" rel=\"nofollow noopener\" title=\"https:\/\/elpais.com\/america\/2025-12-09\/de-la-clandestinidad-al-nobel-el-ano-oculto-de-maria-corina-machado.html\">Mar\u00eda Corina Machado<\/a>. \u201cMe siento como si lo hubiera ganado yo\u201d, dice emocionada la mujer de 54 a\u00f1os, que pide que se omita su apellido por temor a represalias contra sus familiares que permanecen en territorio venezolano. \u201cEste premio me devolvi\u00f3 la esperanza de que la situaci\u00f3n puede mejorar, de que seremos libres otra vez\u201d, agrega Josefina, de 46, que hizo el viaje con ella desde Suecia, mientras ambas cuentan los minutos para que se celebre la ceremonia oficial este mi\u00e9rcoles.<\/p>\n<p class=\"\"><a href=\"https:\/\/elpais.com\/internacional\/2025-12-08\/se-sabe-algo-de-maria-corina-la-expectativa-sobre-la-presencia-de-la-lider-venezolana-en-oslo-crece-ante-la-entrega-del-nobel-de-la-paz.html\" target=\"_self\" rel=\"nofollow noopener\" title=\"https:\/\/elpais.com\/internacional\/2025-12-08\/se-sabe-algo-de-maria-corina-la-expectativa-sobre-la-presencia-de-la-lider-venezolana-en-oslo-crece-ante-la-entrega-del-nobel-de-la-paz.html\">La posibilidad de que Machado tambi\u00e9n aterrice en Noruega<\/a> y acuda a recoger el premio en persona ha provocado una enorme expectativa dentro y fuera de Venezuela. Y el misterio se ha mantenido durante este martes, cuando estaba previsto que la dirigente opositora de 58 a\u00f1os participara en una rueda de prensa en el Instituto Nobel, que fue pospuesta y despu\u00e9s cancelada de forma definitiva por los organizadores. <\/p>\n<p class=\"\">\u201cEn este punto, no podemos dar ninguna informaci\u00f3n sobre cu\u00e1ndo ni c\u00f3mo va a llegar a la ceremonia del premio Nobel de la Paz\u201d, inform\u00f3 Erik Aasheim, portavoz del <a href=\"https:\/\/elpais.com\/america\/2025-12-06\/el-instituto-nobel-afirma-que-maria-corina-machado-estara-en-oslo-para-recoger-el-nobel-de-la-paz.html\" target=\"_self\" rel=\"nofollow noopener\" title=\"https:\/\/elpais.com\/america\/2025-12-06\/el-instituto-nobel-afirma-que-maria-corina-machado-estara-en-oslo-para-recoger-el-nobel-de-la-paz.html\">instituto noruego<\/a> a los medios que estaban acreditados para cubrir el acto. Iba a ser la primera actividad oficial de una larga lista de eventos protocolarios y se supon\u00eda que iba a ser la primera aparici\u00f3n p\u00fablica de Machado desde que decidi\u00f3 continuar con su lucha pol\u00edtica desde la clandestinidad en agosto del a\u00f1o pasado. \u201cEstamos a la expectativa, nadie sabe nada\u201d, rese\u00f1a Isabel con aire de misterio y la ilusi\u00f3n intacta de ver a la l\u00edder opositora en persona. <\/p>\n<p class=\"\">El Nobel ha puesto los ojos del mundo en Machado y en la crisis pol\u00edtica de Venezuela. La decisi\u00f3n del Comit\u00e9 Noruego del Nobel de concederle el reconocimiento <a href=\"https:\/\/elpais.com\/internacional\/2025-12-09\/los-venezolanos-que-levantan-sus-antorchas-para-celebrar-el-nobel-a-maria-corina-machado.html\" target=\"_self\" rel=\"nofollow noopener\" title=\"https:\/\/elpais.com\/internacional\/2025-12-09\/los-venezolanos-que-levantan-sus-antorchas-para-celebrar-el-nobel-a-maria-corina-machado.html\">lleg\u00f3 de manera sorpresiva<\/a>, incluso para ella y sus seguidores m\u00e1s fieles. Despu\u00e9s de meses de presiones de <a href=\"https:\/\/elpais.com\/internacional\/2025-07-22\/trump-premio-nobel-de-la-paz-el-presidente-y-sus-aliados-maniobran-para-lograrlo.html\" target=\"_self\" rel=\"nofollow noopener\" title=\"https:\/\/elpais.com\/internacional\/2025-07-22\/trump-premio-nobel-de-la-paz-el-presidente-y-sus-aliados-maniobran-para-lograrlo.html\">Donald Trump<\/a>, que realiz\u00f3 una campa\u00f1a activa por hacerse con el premio desde su regreso a la Casa Blanca en enero pasado, y tras recibir 338 nominaciones distintas, los organizadores eligieron como la ganadora de este a\u00f1o a la figura m\u00e1s inc\u00f3moda para el Gobierno de <a href=\"https:\/\/elpais.com\/america\/2025-12-01\/nicolas-maduro-ante-sus-simpatizantes-no-nos-podran-sacar-jamas-del-camino-de-la-revolucion.html\" target=\"_self\" rel=\"nofollow noopener\" title=\"https:\/\/elpais.com\/america\/2025-12-01\/nicolas-maduro-ante-sus-simpatizantes-no-nos-podran-sacar-jamas-del-camino-de-la-revolucion.html\">Nicol\u00e1s Maduro<\/a> y el rostro m\u00e1s visible de una oposici\u00f3n perseguida, fragmentada y orillada al exilio. <\/p>\n<p class=\"\">El <a href=\"https:\/\/elpais.com\/videos\/2025-10-10\/por-que-ha-ganado-el-nobel-de-la-paz-maria-corina-machado.html?autoplay=1\" target=\"_self\" rel=\"nofollow noopener\" title=\"https:\/\/elpais.com\/videos\/2025-10-10\/por-que-ha-ganado-el-nobel-de-la-paz-maria-corina-machado.html?autoplay=1\">anuncio se produjo el pasado 10 de octubre<\/a>, en un momento de m\u00e1xima tensi\u00f3n entre Estados Unidos y Venezuela, espoleado por un despliegue militar sin precedentes frente a las costas venezolanas. Se dio tambi\u00e9n pr\u00e1cticamente un a\u00f1o despu\u00e9s de las \u00faltimas elecciones presidenciales, en las que Maduro se proclam\u00f3 ganador, pese a la condena internacional, las acusaciones de fraude y las evidencias recabadas por la oposici\u00f3n de que Edmundo Gonz\u00e1lez, el candidato que Machado apoy\u00f3 despu\u00e9s de que el r\u00e9gimen le impidiera presentarse a los comicios, hab\u00eda ganado por amplio margen.<\/p>\n<p class=\"\">El Comit\u00e9 Noruego del Nobel pudo haber eludido la pol\u00e9mica, pero eligi\u00f3 a Machado por \u201csu incansable labor en la promoci\u00f3n de los derechos democr\u00e1ticos del pueblo de Venezuela y por su lucha para lograr una transici\u00f3n justa y pac\u00edfica de la dictadura a la democracia\u201d. El Nobel de este a\u00f1o es un premio a una trayectoria de m\u00e1s de dos d\u00e9cadas de lucha contra la represi\u00f3n, otorgado a una l\u00edder pol\u00edtica que ha tenido que vivir en la clandestinidad por alzar la voz en un pa\u00eds donde hacerlo se ha convertido en un crimen. <\/p>\n<p class=\"\">Pero es tambi\u00e9n un reconocimiento del sufrimiento colectivo de la disidencia venezolana. Para quienes han sido silenciados. Para cientos de presos pol\u00edticos. Para m\u00e1s de ocho millones que han tenido que abandonar el pa\u00eds empujados por el hambre, la necesidad o la persecuci\u00f3n. \u201cEl Nobel es nuestro\u201d. El lema que ha abanderado la l\u00edder opositora en las \u00faltimas semanas es tambi\u00e9n el grito de batalla de quienes se han dado cita en Oslo. \u201cEs una se\u00f1al de que el mundo nos ve, de que por fin nos est\u00e1n escuchando\u201d, afirma Sonia Zapata, una venezolana que vive en Noruega desde hace 20 a\u00f1os. <\/p>\n<p class=\"\">La figura de Machado divide opiniones. Para el chavismo, que lleva m\u00e1s de dos d\u00e9cadas de confrontaci\u00f3n abierta con la l\u00edder opositora, encarna las conjuras de la extrema derecha, la hipocres\u00eda del capitalismo y el servilismo ante Estados Unidos. Para sus partidarios es el s\u00edmbolo de que otra Venezuela es posible, el ejemplo de que resistir vale la pena y tambi\u00e9n es la l\u00edder que est\u00e1 dispuesta a asumir todos los sacrificios para sacar el pa\u00eds adelante. No hay medias tintas en el contexto pol\u00edtico venezolano.<\/p>\n<p class=\"\">Fuera del pa\u00eds sudamericano, algunas de las convicciones y las alianzas pol\u00edticas de Machado tambi\u00e9n han provocado cr\u00edticas. \u201cDedico este premio al sufrido pueblo de Venezuela y al presidente Trump por su decidido apoyo a nuestra causa\u201d, escribi\u00f3 en su cuenta de X al enterarse de que iba a recibir el reconocimiento. <\/p>\n<p class=\"\">La dirigente venezolana tambi\u00e9n ha apoyado p\u00fablicamente la posibilidad de una intervenci\u00f3n internacional para poner fin al r\u00e9gimen de Maduro y ha respaldado las medidas de mano dura y las sanciones que impulsa Estados Unidos para ahondar el aislamiento diplom\u00e1tico del Gobierno chavista. Sus detractores han cuestionado si sus ideas se alinean con los valores de paz que promueve el Nobel. Sus partidarios defienden que poner fin a una dictadura requiere de medidas excepcionales y que el apoyo de Trump ha sido crucial en momentos en los que la presi\u00f3n internacional ha estado en horas bajas. Y el amago de una operaci\u00f3n militar estadounidense es otra de las inc\u00f3gnitas que se dibujan en el horizonte de esta entrega del Nobel.<\/p>\n<p class=\"\">\u201cLa libertad hay que conquistarla y frente a una tiran\u00eda de este tipo se requiere fuerza moral, espiritual y f\u00edsica\u201d, <a href=\"https:\/\/elpais.com\/america\/2025-10-10\/maria-corina-machado-maduro-decide-si-lo-toma-o-lo-deja-pero-va-a-salir-con-o-sin-negociacion.html\" target=\"_self\" rel=\"nofollow noopener\" title=\"https:\/\/elpais.com\/america\/2025-10-10\/maria-corina-machado-maduro-decide-si-lo-toma-o-lo-deja-pero-va-a-salir-con-o-sin-negociacion.html\">asegur\u00f3 en una entrevista con EL PA\u00cdS<\/a> unas horas despu\u00e9s de ser anunciada como la ganadora. \u201cMaduro decide si lo toma o lo deja, pero va a salir con o sin negociaci\u00f3n\u201d, agreg\u00f3. <\/p>\n<p class=\"\">Todas las decisiones que ha tomado Machado han sido objeto de escrutinio, sobre todo desde hace dos meses, cuando se anunci\u00f3 el premio. Se ha criticado, por ejemplo, la inclusi\u00f3n como invitados de honor del presidente ultraconservador de Argentina, <a href=\"https:\/\/elpais.com\/america-colombia\/2025-12-09\/de-mulino-a-milei-los-lideres-que-arropan-a-maria-corina-machado-en-la-entrega-del-nobel-de-la-paz.html\" target=\"_self\" rel=\"nofollow noopener\" title=\"https:\/\/elpais.com\/america-colombia\/2025-12-09\/de-mulino-a-milei-los-lideres-que-arropan-a-maria-corina-machado-en-la-entrega-del-nobel-de-la-paz.html\">Javier Milei<\/a>, y otros mandatarios latinoamericanos de derechas, como el ecuatoriano Daniel Noboa o el paraguayo Santiago Pe\u00f1a. Milei ha llegado este martes a Oslo, mientras que el l\u00edder paname\u00f1o, Jos\u00e9 Ra\u00fal Mulino, lo hizo el lunes. <\/p>\n<p class=\"\">El Comit\u00e9 Noruego del Nobel ha defendido su decisi\u00f3n con el argumento de que lo que reconoce es la lucha por la democracia, al margen de las diferencias ideol\u00f3gicas. El Centro Nobel de la Paz, otra organizaci\u00f3n clave en los preparativos, lo ha resumido as\u00ed: \u201cLa divisi\u00f3n pol\u00edtica global de nuestro tiempo no es izquierda contra derecha, sino democracia contra dictadura\u201d. En algunos medios del pa\u00eds escandinavo, donde se palpa que el contexto venezolano es una realidad lejana, el galard\u00f3n se ha rese\u00f1ado como una respuesta al llamado esp\u00edritu de los tiempos, una reivindicaci\u00f3n de la democracia en tiempos de guerras, liderazgos personalistas, amenazas permanentes y se\u00f1ales acumuladas de desgaste democr\u00e1tico en Occidente. <\/p>\n<p class=\"\">Con todo, el reconocimiento es ox\u00edgeno puro para una oposici\u00f3n venezolana que lleva a\u00f1os sufriendo la represi\u00f3n sistem\u00e1tica del chavismo y que a\u00fan arrastra divisiones internas. Y ante el incierto desenlace de la escalada de Trump en el Caribe, todos los defensores de la causa democr\u00e1tica venezolana reciben este mi\u00e9rcoles un nuevo impulso desde Oslo. <\/p>\n","protected":false},"excerpt":{"rendered":"Una mezcla de enorme expectativa, emoci\u00f3n y cierta dosis de incredulidad se ha apoderado de la g\u00e9lida Oslo&hellip;\n","protected":false},"author":2,"featured_media":280008,"comment_status":"","ping_status":"","sticky":false,"template":"","format":"standard","meta":{"footnotes":""},"categories":[42],"tags":[17,18,1196,4372,352,629,13,14,11,61,62,63,64,19,20,1804,4371,9,1194,25064,4907,10,15,16,49324,22448,12,21,22,1192,65,66,67],"class_list":{"0":"post-280007","1":"post","2":"type-post","3":"status-publish","4":"format-standard","5":"has-post-thumbnail","7":"category-internacional","8":"tag-breaking-news","9":"tag-breakingnews","10":"tag-chavismo","11":"tag-crisis-politicas","12":"tag-donald-trump","13":"tag-estados-unidos","14":"tag-featured-news","15":"tag-featurednews","16":"tag-headlines","17":"tag-internacional","18":"tag-international","19":"tag-international-news","20":"tag-internationalnews","21":"tag-latest-news","22":"tag-latestnews","23":"tag-latinoamerica","24":"tag-maria-corina-machado","25":"tag-news","26":"tag-nicolas-maduro","27":"tag-nobel-de-la-paz","28":"tag-noruega","29":"tag-noticias","30":"tag-noticias-destacadas","31":"tag-noticiasdestacadas","32":"tag-oslo","33":"tag-premios-nobel","34":"tag-titulares","35":"tag-ultimas-noticias","36":"tag-ultimasnoticias","37":"tag-venezuela","38":"tag-world","39":"tag-world-news","40":"tag-worldnews"},"share_on_mastodon":{"url":"","error":"Validation failed: Text character limit of 500 exceeded"},"_links":{"self":[{"href":"https:\/\/www.europesays.com\/es\/wp-json\/wp\/v2\/posts\/280007","targetHints":{"allow":["GET"]}}],"collection":[{"href":"https:\/\/www.europesays.com\/es\/wp-json\/wp\/v2\/posts"}],"about":[{"href":"https:\/\/www.europesays.com\/es\/wp-json\/wp\/v2\/types\/post"}],"author":[{"embeddable":true,"href":"https:\/\/www.europesays.com\/es\/wp-json\/wp\/v2\/users\/2"}],"replies":[{"embeddable":true,"href":"https:\/\/www.europesays.com\/es\/wp-json\/wp\/v2\/comments?post=280007"}],"version-history":[{"count":0,"href":"https:\/\/www.europesays.com\/es\/wp-json\/wp\/v2\/posts\/280007\/revisions"}],"wp:featuredmedia":[{"embeddable":true,"href":"https:\/\/www.europesays.com\/es\/wp-json\/wp\/v2\/media\/280008"}],"wp:attachment":[{"href":"https:\/\/www.europesays.com\/es\/wp-json\/wp\/v2\/media?parent=280007"}],"wp:term":[{"taxonomy":"category","embeddable":true,"href":"https:\/\/www.europesays.com\/es\/wp-json\/wp\/v2\/categories?post=280007"},{"taxonomy":"post_tag","embeddable":true,"href":"https:\/\/www.europesays.com\/es\/wp-json\/wp\/v2\/tags?post=280007"}],"curies":[{"name":"wp","href":"https:\/\/api.w.org\/{rel}","templated":true}]}}