{"id":280011,"date":"2025-12-09T20:16:20","date_gmt":"2025-12-09T20:16:20","guid":{"rendered":"https:\/\/www.europesays.com\/es\/280011\/"},"modified":"2025-12-09T20:16:20","modified_gmt":"2025-12-09T20:16:20","slug":"guardiola-para-ganar-al-madrid-en-esta-competicion-tienes-que-ser-mucho-mejor-realmadrid-com","status":"publish","type":"post","link":"https:\/\/www.europesays.com\/es\/280011\/","title":{"rendered":"Guardiola: \u201cPara ganar al Madrid en esta competici\u00f3n tienes que ser mucho mejor\u201d &#8211; realmadrid.com"},"content":{"rendered":"<ol>\n<li><a href=\"https:\/\/news.google.com\/rss\/articles\/CBMixgFBVV95cUxPVV9Kbm1JUlVWaTJEc3NNcll0Ui0xVjJUYndIanpsRjlwbVhicmdyekY4bkw2eXZlWlJnY1dtZ0xWSm45TUs1LXIxTGtzMTdzSWVpM1ZmSnZzczhnaUt2ZmVCY0FkbXd4clVSSTFPbVluOUlXNjhpNDAtQWxQSFVvNzhLRVdQWDFMUnJBa2JvTEFVWndhUlREYXpCVHpkWUEwWWtoN0g5aUNTb3U5dVFWS1psLXpzanBSYUdaNWlfeVBCV0wxVFE?oc=5\" target=\"_blank\" rel=\"nofollow noopener\">Guardiola: \u201cPara ganar al Madrid en esta competici\u00f3n tienes que ser mucho mejor\u201d<\/a>&nbsp;&nbsp;realmadrid.com<\/li>\n<li><a href=\"https:\/\/news.google.com\/rss\/articles\/CBMivgFBVV95cUxPR2hiUTkyczBSRUhPTjdBOHJKYWVPSjhzN3BNc3dDX1IzSXpWTTFXVTB4czNKdHBHaFY1TWFVa1RZX1h1SGhRUTRHVlQ3dkFoaVJ2VjRKZWlrX0VueE5jTThOVTBWQkNQd1BBM09hWWhUNzVBZHc1ZFZNYWdpLWJyT2xSOGpQejJsaTJIQmN1dzJ5T1J1ckppVzN4WmctMUVuTldfRm9RM21WcndSMlJMYU1jSWhtT2tqOHFiclF3?oc=5\" target=\"_blank\" rel=\"nofollow noopener\">Guardiola: \u201cDir\u00eda a Xabi que mee con la suya; y como no mear\u00e1 colonia, le ir\u00e1 bien\u201d<\/a>&nbsp;&nbsp;Diario AS<\/li>\n<li><a href=\"https:\/\/news.google.com\/rss\/articles\/CBMinAFBVV95cUxNdlZycGlkMFoxVUxWNXp5V25DQkxEMW9oNk01RFpJNkxkX3Y1T0NjZVl3Q1gtTXp2X2RJTGhsLWFOdHlLTVFiUGJsVTBhU1FqQXB6ZC1ZeWxac054NkdVX2RBMElnVVFkLUZ2ZVI2elh1Zy1TNEVoWVFRcjAxTWtGUFJQVXYyQW9KRkJlNWh2dUdMVHlzVkx3cWcyREXSAZwBQVVfeXFMT0QzMllORXpvZXZFWWktUERrdmVwUmpNcVFEamlZN0xmQ1BsNkZadjZ2cGpBdTJZVzVkQTdHWDBxRDZ3U3VtUEhUYlY0NEt0b3R5cDZzSFJuUWluMS1VRHBPLXlwbW9SQWtCWE9DVm1LYThibmF1RkM4WEEyVHdMY085bnVCMndudjVDNTRBY3lCWUlJc3VTQ0lpc0sw?oc=5\" target=\"_blank\" rel=\"nofollow noopener\">Guardiola, sobre Xabi Alonso: \u00abQue mee con la suya, y como no mear\u00e1 colonia, le ir\u00e1 bien\u00bb<\/a>&nbsp;&nbsp;El Mundo<\/li>\n<li><a href=\"https:\/\/news.google.com\/rss\/articles\/CBMioAFBVV95cUxOLTM2VXEyT2RTUFU5LTJoVmw5TW00bW5LcjZMWUs3U1hpRGQ0V2ZmOVJtYnhDVm8zS2NKaGFyaXVBU0l4aVRIY3VhUEI1dWlYcElKV3RsdTljeVJIUEFuc1QzQlBqeEJDeTNXclNfeEJnM0dGQmRyMzV3TGMxOTU2ejRFeFUycjNxcjFLay0tM3o5TVZIcVZoeV9NSGhZNm5J?oc=5\" target=\"_blank\" rel=\"nofollow noopener\">Pep Guardiola: \u00abQue Xabi mee con la suya; como no mear\u00e1 colonia, le ir\u00e1 bien\u00bb<\/a>&nbsp;&nbsp;ABC<\/li>\n<li><a href=\"https:\/\/news.google.com\/rss\/articles\/CBMivAFBVV95cUxNaFBNY0JLVjJWQnU4R1ZHYlpfWGtXS0tsR3RXWmFwWUI0clhYaG5TX1Q4UUxHSG10eG1OUnJFLXQzRkxySUZWV19Lck9LajhVS3dfZ1diVEFCajZ6RDVDN3NLMlpNNm13X1lyUDhZTF9vYndBNG5YV3BLN19kT1NIY1hWa1BDZEZUbmxfYVdfc2JUR1VyWnJNMlhpdnprZzUtWXZySl93UUMxdU5INi03Yi0zMW5LRy0zdDFSR9IBvAFBVV95cUxQV1RpM1ZjclZOWnFjMnctM0FFYUNVUWRuN0hyWTVFUy1pMVR2dm5SX3dPcTFTbldxdC04dWZhbTd6am4yUjVxZWpnQmRqREM5V2xONjRyX2lHd0V1bFBRSXRWWDRxdXhlY2FrMW9iVUxlMXdCbnVEVndySmJaNFc1QUlibjBUV2lJb3ZRSTV4b3M1UDNhcnlSYTZNMG11dVB5V2o0WV9XQ2RrMy1RbW9VMm1TU2ZFRU4xQ0N0eA?oc=5\" target=\"_blank\" rel=\"nofollow noopener\">Guardiola: \u00abLe dir\u00eda a Xabi que mee con la suya, y como no mear\u00e1 colonia, le ir\u00e1 bien\u00bb<\/a>&nbsp;&nbsp;MARCA<\/li>\n<\/ol>\n","protected":false},"excerpt":{"rendered":"Guardiola: \u201cPara ganar al Madrid en esta competici\u00f3n tienes que ser mucho mejor\u201d&nbsp;&nbsp;realmadrid.com Guardiola: \u201cDir\u00eda a Xabi que&hellip;\n","protected":false},"author":2,"featured_media":171506,"comment_status":"","ping_status":"","sticky":false,"template":"","format":"standard","meta":{"footnotes":""},"categories":[5],"tags":[17,18,25,24,13,14,11,6523,19,20,9,10,15,16,3048,23,12,21,22],"class_list":{"0":"post-280011","1":"post","2":"type-post","3":"status-publish","4":"format-standard","5":"has-post-thumbnail","7":"category-titulares","8":"tag-breaking-news","9":"tag-breakingnews","10":"tag-es","11":"tag-espana","12":"tag-featured-news","13":"tag-featurednews","14":"tag-headlines","15":"tag-home","16":"tag-latest-news","17":"tag-latestnews","18":"tag-news","19":"tag-noticias","20":"tag-noticias-destacadas","21":"tag-noticiasdestacadas","22":"tag-real-madrid","23":"tag-spain","24":"tag-titulares","25":"tag-ultimas-noticias","26":"tag-ultimasnoticias"},"share_on_mastodon":{"url":"https:\/\/pubeurope.com\/@es\/115691453345610882","error":""},"_links":{"self":[{"href":"https:\/\/www.europesays.com\/es\/wp-json\/wp\/v2\/posts\/280011","targetHints":{"allow":["GET"]}}],"collection":[{"href":"https:\/\/www.europesays.com\/es\/wp-json\/wp\/v2\/posts"}],"about":[{"href":"https:\/\/www.europesays.com\/es\/wp-json\/wp\/v2\/types\/post"}],"author":[{"embeddable":true,"href":"https:\/\/www.europesays.com\/es\/wp-json\/wp\/v2\/users\/2"}],"replies":[{"embeddable":true,"href":"https:\/\/www.europesays.com\/es\/wp-json\/wp\/v2\/comments?post=280011"}],"version-history":[{"count":0,"href":"https:\/\/www.europesays.com\/es\/wp-json\/wp\/v2\/posts\/280011\/revisions"}],"wp:featuredmedia":[{"embeddable":true,"href":"https:\/\/www.europesays.com\/es\/wp-json\/wp\/v2\/media\/171506"}],"wp:attachment":[{"href":"https:\/\/www.europesays.com\/es\/wp-json\/wp\/v2\/media?parent=280011"}],"wp:term":[{"taxonomy":"category","embeddable":true,"href":"https:\/\/www.europesays.com\/es\/wp-json\/wp\/v2\/categories?post=280011"},{"taxonomy":"post_tag","embeddable":true,"href":"https:\/\/www.europesays.com\/es\/wp-json\/wp\/v2\/tags?post=280011"}],"curies":[{"name":"wp","href":"https:\/\/api.w.org\/{rel}","templated":true}]}}