{"id":280029,"date":"2025-12-09T20:32:08","date_gmt":"2025-12-09T20:32:08","guid":{"rendered":"https:\/\/www.europesays.com\/es\/280029\/"},"modified":"2025-12-09T20:32:08","modified_gmt":"2025-12-09T20:32:08","slug":"resumen-goles-videos-bayern-munich-ensena-su-pegada-y-le-da-la-vuelta-al-sporting-de-lisboa-tudn-uefa-champions-league","status":"publish","type":"post","link":"https:\/\/www.europesays.com\/es\/280029\/","title":{"rendered":"Resumen, goles, videos: Bayern M\u00fanich ense\u00f1a su pegada y le da la vuelta al Sporting de Lisboa | TUDN UEFA Champions League"},"content":{"rendered":"<p>Adem\u00e1s, las <b>emociones<\/b> tanto alemanes como portugueses las dejaron para la segunda mitad, pese a que en el primer lapso hubo balones al poste y atajadas de los arqueros, pero no goles.<\/p>\n<p>Los tantos del encuentro fueron obra de <b>Kimmich<\/b>, en propia puerta a los 54, por los lusos, y de <b>Gnabry<\/b>, a los 65, de <b> Karl<\/b> a 69 (tras un fallo del arquero <b>Rui Silva<\/b>) a los 69 , y finalmente de <b>Tah,<\/b> a los 77, por los locales germanos.<\/p>\n<p>Fue muy evidente, el <b>cambio de velocidad y de futbol<\/b> de los de casa tras recibir el autogol que los puso en desventaja. El visitante no pudo hacer demasiado y finalmente acept\u00f3 su papel de v\u00edctima.<\/p>\n<p>Con este resultado, a falta de que se juegue el resto de la fecha, por el momento <b>Bayern es l\u00edder con 15 puntos<\/b>, mientras <b>Sporting<\/b> se qued\u00f3 con 10 y se ubic\u00f3, a falta tambi\u00e9n de que se juegue el resto de partidos, a mitad de la tabla.<\/p>\n<p>El \u00fanico tanto del partido fue obra de <b>Gelson Martins<\/b> a los 73 minutos del partido.<\/p>\n<p>Con este resultado, el conjunto hel\u00e9nico alcanz\u00f3 <b>cinco puntos<\/b> tras ocho duelos disputados y a\u00fan se encuentra en la parte baja del torneo, mientras el Kairat se qued\u00f3 solo con una unidad, y abajo solo tiene al <b>Ajax<\/b> que a falta de su duelo de la fecha no ha ganado en la competencia.<\/p>\n","protected":false},"excerpt":{"rendered":"Adem\u00e1s, las emociones tanto alemanes como portugueses las dejaron para la segunda mitad, pese a que en el&hellip;\n","protected":false},"author":2,"featured_media":280030,"comment_status":"","ping_status":"","sticky":false,"template":"","format":"standard","meta":{"footnotes":""},"categories":[93],"tags":[9710,168,25,24,23,7876,167,17500],"class_list":{"0":"post-280029","1":"post","2":"type-post","3":"status-publish","4":"format-standard","5":"has-post-thumbnail","7":"category-deportes","8":"tag-bayern-munich","9":"tag-deportes","10":"tag-es","11":"tag-espana","12":"tag-spain","13":"tag-sporting-de-lisboa","14":"tag-sports","15":"tag-uefa-champions-league"},"share_on_mastodon":{"url":"https:\/\/pubeurope.com\/@es\/115691516453291497","error":""},"_links":{"self":[{"href":"https:\/\/www.europesays.com\/es\/wp-json\/wp\/v2\/posts\/280029","targetHints":{"allow":["GET"]}}],"collection":[{"href":"https:\/\/www.europesays.com\/es\/wp-json\/wp\/v2\/posts"}],"about":[{"href":"https:\/\/www.europesays.com\/es\/wp-json\/wp\/v2\/types\/post"}],"author":[{"embeddable":true,"href":"https:\/\/www.europesays.com\/es\/wp-json\/wp\/v2\/users\/2"}],"replies":[{"embeddable":true,"href":"https:\/\/www.europesays.com\/es\/wp-json\/wp\/v2\/comments?post=280029"}],"version-history":[{"count":0,"href":"https:\/\/www.europesays.com\/es\/wp-json\/wp\/v2\/posts\/280029\/revisions"}],"wp:featuredmedia":[{"embeddable":true,"href":"https:\/\/www.europesays.com\/es\/wp-json\/wp\/v2\/media\/280030"}],"wp:attachment":[{"href":"https:\/\/www.europesays.com\/es\/wp-json\/wp\/v2\/media?parent=280029"}],"wp:term":[{"taxonomy":"category","embeddable":true,"href":"https:\/\/www.europesays.com\/es\/wp-json\/wp\/v2\/categories?post=280029"},{"taxonomy":"post_tag","embeddable":true,"href":"https:\/\/www.europesays.com\/es\/wp-json\/wp\/v2\/tags?post=280029"}],"curies":[{"name":"wp","href":"https:\/\/api.w.org\/{rel}","templated":true}]}}