{"id":280038,"date":"2025-12-09T20:37:07","date_gmt":"2025-12-09T20:37:07","guid":{"rendered":"https:\/\/www.europesays.com\/es\/280038\/"},"modified":"2025-12-09T20:37:07","modified_gmt":"2025-12-09T20:37:07","slug":"lecornu-supera-la-primera-votacion-del-presupuesto-de-francia-y-mantiene-con-vida-a-su-ejecutivo-internacional","status":"publish","type":"post","link":"https:\/\/www.europesays.com\/es\/280038\/","title":{"rendered":"Lecornu supera la primera votaci\u00f3n del presupuesto de Francia y mantiene con vida a su Ejecutivo | Internacional"},"content":{"rendered":"<p class=\"\"><a href=\"https:\/\/google.com\/search?q=lecornu+el+pais&amp;oq=lecornu+el+pais&amp;gs_lcrp=EgZjaHJvbWUqBggAEEUYOzIGCAAQRRg7MgoIARAAGBMYFhgeMgcIAhAAGO8FMgcIAxAAGO8FMgoIBBAAGIAEGKIEMgYIBRBFGDwyBggGEEUYPDIGCAcQRRg80gEIMjEwMmowajSoAgCwAgE&amp;sourceid=chrome&amp;ie=UTF-8\" target=\"_self\" rel=\"nofollow noopener\" title=\"https:\/\/google.com\/search?q=lecornu+el+pais&amp;oq=lecornu+el+pais&amp;gs_lcrp=EgZjaHJvbWUqBggAEEUYOzIGCAAQRRg7MgoIARAAGBMYFhgeMgcIAhAAGO8FMgcIAxAAGO8FMgoIBBAAGIAEGKIEMgYIBRBFGDwyBggGEEUYPDIGCAcQRRg80gEIMjEwMmowajSoAgCwAgE&amp;sourceid=chrome&amp;ie=UTF-8\">El primer ministro franc\u00e9s, S\u00e9bastien Lecornu<\/a>, afrontaba este martes el d\u00eda clave de su mandato. No solo estaba en juego la estabilidad de su Gobierno, sino toda una apuesta por un m\u00e9todo de trabajo construido a trav\u00e9s de los acuerdos y del debate parlamentario, ins\u00f3lito en las \u00faltimas d\u00e9cadas en las que ha transcurrido la V Rep\u00fablica. El jefe del Ejecutivo se hab\u00eda comprometido a su llegada a cambiar el sistema, a renunciar al art\u00edculo 49.3 de la Constituci\u00f3n, que le permitir\u00eda aprobar por decreto las iniciativas parlamentarias. No hab\u00eda opci\u00f3n. Volv\u00eda el parlamentarismo, el poder de la Asamblea. Y la apuesta le ha salido bien. De momento. <\/p>\n<p class=\"\">Los diputados han votado este martes por la noche con 247 votos a favor y 234 en contra el proyecto de ley de financiaci\u00f3n de la Seguridad Social. El Ejecutivo ha salvado as\u00ed su primera bola de partido. Quiz\u00e1 la m\u00e1s importante y complicada. Y ha logrado superar la votaci\u00f3n del presupuesto de la Seguridad Social gracias al apoyo del Partido Socialista (PS) pero, sobre todo, <a href=\"https:\/\/elpais.com\/internacional\/2024-09-23\/marine-tondelier-lider-de-los-ecologistas-en-francia-macron-dimitira-antes-de-ser-destituido.html\" target=\"_self\" rel=\"nofollow noopener\" title=\"https:\/\/elpais.com\/internacional\/2024-09-23\/marine-tondelier-lider-de-los-ecologistas-en-francia-macron-dimitira-antes-de-ser-destituido.html\">a la abstenci\u00f3n de Los Ecologistas, <\/a>que han logrado in extremis el apoyo a una de las iniciativas que demandaban. <\/p>\n<p class=\"\">Lecornu, que a\u00f1ad\u00eda tensi\u00f3n asegurando que todo \u201cse decidir\u00eda por pocos votos\u201d, ha tenido que ceder ampliamente a las peticiones de la oposici\u00f3n \u2014ah\u00ed est\u00e1 la suspensi\u00f3n de la reforma de las pensiones o la subida de un 3% del gasto p\u00fablico sanitario\u2014 para lograr superar este importante escollo parlamentario. Una soluci\u00f3n que ir\u00e1 a costa del d\u00e9ficit franc\u00e9s, que dif\u00edcilmente lograr\u00e1 cumplir las previsiones y que, previsiblemente, deber\u00e1 afrontar ya el siguiente Gobierno.<\/p>\n<p class=\"\">La victoria de Lecornu, que permite aprobar por primera vez desde 2022 una parte crucial del presupuesto sin recurrir a un decreto o a una ley especial, concede tambi\u00e9n un respiro al presidente Emmanuel Macron. <a href=\"https:\/\/google.com\/search?q=lecornu+macron+el+pais&amp;oq=lecornu+macron+el+pais&amp;gs_lcrp=EgZjaHJvbWUyBggAEEUYOTIHCAEQABjvBTIHCAIQABjvBTIHCAMQABjvBTIHCAQQABjvBTIHCAUQABjvBTIGCAYQRRg8MgYIBxBFGDzSAQg2ODQ1ajBqNKgCALACAA&amp;sourceid=chrome&amp;ie=UTF-8\" target=\"_self\" rel=\"nofollow noopener\" title=\"https:\/\/google.com\/search?q=lecornu+macron+el+pais&amp;oq=lecornu+macron+el+pais&amp;gs_lcrp=EgZjaHJvbWUyBggAEEUYOTIHCAEQABjvBTIHCAIQABjvBTIHCAMQABjvBTIHCAQQABjvBTIHCAUQABjvBTIGCAYQRRg8MgYIBxBFGDzSAQg2ODQ1ajBqNKgCALACAA&amp;sourceid=chrome&amp;ie=UTF-8\">El primer ministro, estrecho colaborador del jefe del Estado,<\/a> fue una apuesta personal para salir del atolladero en el que se encontraba la legislatura tras las elecciones anticipadas en junio de 2024. Desde entonces, Francia ha tenido tres primeros ministros y no ha logrado aprobar ning\u00fan presupuesto con mayor\u00eda parlamentaria. <\/p>\n<p class=\"\">La supervivencia del Gobierno iba ligada a la suerte del escrutinio, que se preve\u00eda ajustad\u00edsimo. Se necesitaba una gran abstenci\u00f3n y que algunos diputados rompieran filas con la consigna general de su partido. Especialmente en Los Republicanos (la derecha gaullista). Incluso la presidenta de la Asamblea Nacional, Ya\u00ebl Braun-Pivet, que generalmente no se pronuncia sobre las votaciones, sali\u00f3 de su reserva para votar a favor. El texto queda as\u00ed aprobado en segunda lectura, al t\u00e9rmino de largos debates llenos de giros, marcados por numerosas negociaciones entre bastidores entre el Gobierno, los macronistas y la izquierda socialista. Una validaci\u00f3n que no es definitiva, ya que el texto a\u00fan debe \u2014en principio\u2014 ser rechazado por el Senado antes de volver la semana pr\u00f3xima a la Asamblea Nacional para una lectura definitiva. Y despu\u00e9s quedar\u00e1 a\u00fan la votaci\u00f3n de la segunda parte de los Presupuestos Generales del Estado, que deben ser refrendados antes del 31 de diciembre.<\/p>\n<p class=\"\">La abstenci\u00f3n de Los Ecologistas, que no se contemplaba en el guion original, ha sido crucial en la aprobaci\u00f3n del presupuesto. El partido verde forma parte de la alianza de formaciones de izquierda que hasta ahora votaba en contra del Ejecutivo, de modo que su abstenci\u00f3n agranda ahora la grieta abierta en ese espectro. \u201cEl Gobierno quer\u00eda hacer menos, nosotros quer\u00edamos hacer m\u00e1s\u201d, se\u00f1al\u00f3 la presidenta del grupo parlamentario ecologista, Cyrielle Chatelain. \u201cUn compromiso consiste en encontrarse en un punto intermedio, y ese punto intermedio era, como m\u00ednimo, garantizar al personal sanitario que no tendr\u00edan que realizar el mismo trabajo con menos dinero\u201d.<\/p>\n<p class=\"\"><a href=\"https:\/\/google.com\/search?q=lecornu+gobierno+el+pais&amp;oq=lecornu+gobierno+el+pais&amp;gs_lcrp=EgZjaHJvbWUyBggAEEUYOTIGCAEQRRg8MgYIAhBFGDwyBggDEEUYPNIBCDM5MzlqMGo0qAIAsAIB&amp;sourceid=chrome&amp;ie=UTF-8\" target=\"_self\" rel=\"nofollow noopener\" title=\"https:\/\/google.com\/search?q=lecornu+gobierno+el+pais&amp;oq=lecornu+gobierno+el+pais&amp;gs_lcrp=EgZjaHJvbWUyBggAEEUYOTIGCAEQRRg8MgYIAhBFGDwyBggDEEUYPNIBCDM5MzlqMGo0qAIAsAIB&amp;sourceid=chrome&amp;ie=UTF-8\">El Ejecutivo de Lecornu <\/a>recibi\u00f3 una buena noticia el lunes, cuando el primer secretario del Partido Socialista, Olivier Faure, anticip\u00f3 que apoyar\u00e1 el presupuesto de la Seguridad Social. Pero sus 66 diputados en la Asamblea Nacional no eran ni de lejos suficientes, porque algunos podr\u00edan desmarcarse de la consigna de Faure y porque de entrada se sab\u00eda que votar\u00edan en contra los dos partidos de los dos extremos ideol\u00f3gicos, el Reagrupamiento Nacional (RN) de Marine Le Pen y La Francia Insumisa (LFI) de Jean-Luc M\u00e9lenchon, a quien el presupuesto le parec\u00eda \u201cuna aberraci\u00f3n\u201d.<\/p>\n<p class=\"\">\u201cAumentar el gasto aqu\u00ed, reducirlo all\u00e1 sin prever nuevos ingresos ni disminuir un solo euro del gasto mediante la prevenci\u00f3n de enfermedades en expansi\u00f3n (diabetes, accidentes laborales, obesidad, c\u00e1nceres). Todo es absurdo y pol\u00edtico\u201c, denunci\u00f3 M\u00e9lenchon a prop\u00f3sito de la enmienda buscada por Los Ecologistas en materia sanitaria y votada tambi\u00e9n por los socialistas (ambos socios en el Nuevo Frente Popular). El RN, en boca de su portavoz Jean-Philippe Tanguy, considera que el resultado de la votaci\u00f3n es solo \u201dla agon\u00eda del macronismo\u201d.<\/p>\n<p class=\"\">Lecornu deber\u00e1 superar todav\u00eda otros escollos, principalmente el regreso del texto a la Asamblea para la validaci\u00f3n final. LFI ha llamado ya a la rebeli\u00f3n y a que muchos de los diputados de izquierda que han apoyado la norma en esta ocasi\u00f3n la rechacen entonces. Pero el \u00e9xito de este martes consagra al primer ministro como un buen equilibrista en el complicado y fragmentado panorama parlamentario franc\u00e9s. Lecornu ha logrado conciliar los intereses de una buena parte de la Asamblea Nacional sin necesitar los votos de los extremos. Una posibilidad que hasta ahora parec\u00eda imposible y que Macron hab\u00eda defendido a ultranza.<\/p>\n","protected":false},"excerpt":{"rendered":"El primer ministro franc\u00e9s, S\u00e9bastien Lecornu, afrontaba este martes el d\u00eda clave de su mandato. No solo estaba&hellip;\n","protected":false},"author":2,"featured_media":280039,"comment_status":"","ping_status":"","sticky":false,"template":"","format":"standard","meta":{"footnotes":""},"categories":[42],"tags":[17,18,32278,730,13,14,317,11,61,62,63,64,19,20,9,10,15,16,952,67924,40457,12,21,22,65,66,67],"class_list":{"0":"post-280038","1":"post","2":"type-post","3":"status-publish","4":"format-standard","5":"has-post-thumbnail","7":"category-internacional","8":"tag-breaking-news","9":"tag-breakingnews","10":"tag-crisis-gobierno","11":"tag-emmanuel-macron","12":"tag-featured-news","13":"tag-featurednews","14":"tag-francia","15":"tag-headlines","16":"tag-internacional","17":"tag-international","18":"tag-international-news","19":"tag-internationalnews","20":"tag-latest-news","21":"tag-latestnews","22":"tag-news","23":"tag-noticias","24":"tag-noticias-destacadas","25":"tag-noticiasdestacadas","26":"tag-politica","27":"tag-presupuestos-ministerios","28":"tag-sebastien-lecornu","29":"tag-titulares","30":"tag-ultimas-noticias","31":"tag-ultimasnoticias","32":"tag-world","33":"tag-world-news","34":"tag-worldnews"},"share_on_mastodon":{"url":"","error":"Validation failed: Text character limit of 500 exceeded"},"_links":{"self":[{"href":"https:\/\/www.europesays.com\/es\/wp-json\/wp\/v2\/posts\/280038","targetHints":{"allow":["GET"]}}],"collection":[{"href":"https:\/\/www.europesays.com\/es\/wp-json\/wp\/v2\/posts"}],"about":[{"href":"https:\/\/www.europesays.com\/es\/wp-json\/wp\/v2\/types\/post"}],"author":[{"embeddable":true,"href":"https:\/\/www.europesays.com\/es\/wp-json\/wp\/v2\/users\/2"}],"replies":[{"embeddable":true,"href":"https:\/\/www.europesays.com\/es\/wp-json\/wp\/v2\/comments?post=280038"}],"version-history":[{"count":0,"href":"https:\/\/www.europesays.com\/es\/wp-json\/wp\/v2\/posts\/280038\/revisions"}],"wp:featuredmedia":[{"embeddable":true,"href":"https:\/\/www.europesays.com\/es\/wp-json\/wp\/v2\/media\/280039"}],"wp:attachment":[{"href":"https:\/\/www.europesays.com\/es\/wp-json\/wp\/v2\/media?parent=280038"}],"wp:term":[{"taxonomy":"category","embeddable":true,"href":"https:\/\/www.europesays.com\/es\/wp-json\/wp\/v2\/categories?post=280038"},{"taxonomy":"post_tag","embeddable":true,"href":"https:\/\/www.europesays.com\/es\/wp-json\/wp\/v2\/tags?post=280038"}],"curies":[{"name":"wp","href":"https:\/\/api.w.org\/{rel}","templated":true}]}}