{"id":280050,"date":"2025-12-09T20:50:12","date_gmt":"2025-12-09T20:50:12","guid":{"rendered":"https:\/\/www.europesays.com\/es\/280050\/"},"modified":"2025-12-09T20:50:12","modified_gmt":"2025-12-09T20:50:12","slug":"el-sevilla-prohibio-la-entrada-de-casi-100-seguidores-del-betis-en-el-derbi","status":"publish","type":"post","link":"https:\/\/www.europesays.com\/es\/280050\/","title":{"rendered":"El Sevilla prohibi\u00f3 la entrada de casi 100 seguidores del Betis en el derbi"},"content":{"rendered":"\n<p>M\u00e1s noticias<\/p>\n<p><a class=\"info_masnoticias\" href=\"https:\/\/www.eldesmarque.com\/futbol\/real-betis\/\" rel=\"nofollow noopener\" target=\"_blank\"><br \/>\nM\u00e1s de<br \/>\nM\u00e1s noticias de<br \/>\nReal Betis<br \/>\n<\/a><\/p>\n<p>Han pasado varias semanas desde la disputa <a href=\"https:\/\/www.eldesmarque.com\/futbol\/liga-1a-division\/20251130\/derbi-sevilla-fc-betis-directo-goles-mejores-jugadas-ultima-hora-d1rec0_300821624.html\" rel=\"nofollow noopener\" target=\"_blank\">del derbi entre el Sevilla y el Betis<\/a>, pero la pol\u00e9mica contin\u00faa. Despu\u00e9s de los lamentables lanzamientos de Gol Norte, las palabras de Mat\u00edas Almeyda y la respuesta de Manuel Pellegrini, ahora Canal Sur estrena un documental sobre la cita en el que se desvela que casi 100 seguidores verdiblancos no pudieron acceder al S\u00e1nchez-Pizju\u00e1n.<\/p>\n<p>Durante <a href=\"https:\/\/www.canalsur.es\/television\/programas\/en-guardia-24%2F7\/noticia\/2224224.html?utm_source=twitter&amp;utm_medium=canalsur&amp;utm_term=1bdf19ad-be59-4ab0-b7fc-2e27a2e917db&amp;utm_content=&amp;utm_campaign=\" target=\"_blank\" rel=\"noopener nofollow\">el documental<\/a> la Polic\u00eda Nacional explica los principales puntos de actuaci\u00f3n en la previa y en el post del encuentro y, como adelanto, se han ofrecido unas im\u00e1genes en las que se puede ver como casi 100 seguidores b\u00e9ticos tuvieron que volver al Benito Villamar\u00edn al ver denegada su entrada.<\/p>\n<p>Seg\u00fan explica la Polic\u00eda Nacional, esta pr\u00e1ctica, cada vez m\u00e1s habitual en los encuentros de \u00e9lite, se debe a que \u00abel Sevilla FC no quiere que los aficionados se mezclen en la grada\u00bb, a\u00f1adiendo que \u00abfuerzan a que adquieran entradas en la zona de visitantes\u00bb.<\/p>\n<blockquote class=\"twitter-tweet\">\n<p lang=\"es\" dir=\"ltr\">\u00abEn Guardia 24\/7\u00bb acompa\u00f1a al operativo de la UIP desplegado para el derbi Sevilla FC &#8211; Real Betis\ud83d\udc47<a href=\"https:\/\/t.co\/5XV8RWgaws\" rel=\"nofollow\">https:\/\/t.co\/5XV8RWgaws<\/a><\/p>\n<p>\ud83d\udcf2 <a href=\"https:\/\/twitter.com\/hashtag\/EnGuardia24_7?src=hash&amp;ref_src=twsrc%5Etfw\" rel=\"nofollow noopener\" target=\"_blank\">#EnGuardia24_7<\/a> | \ud83d\udde3 <a href=\"https:\/\/twitter.com\/EnGuardia24_7?ref_src=twsrc%5Etfw\" rel=\"nofollow noopener\" target=\"_blank\">@EnGuardia24_7<\/a>, <a href=\"https:\/\/twitter.com\/cruzmorcillo?ref_src=twsrc%5Etfw\" rel=\"nofollow noopener\" target=\"_blank\">@cruzmorcillo<\/a>, <a href=\"https:\/\/twitter.com\/policia?ref_src=twsrc%5Etfw\" rel=\"nofollow noopener\" target=\"_blank\">@policia<\/a> <a href=\"https:\/\/t.co\/ncjb8HXsGv\" rel=\"nofollow\">pic.twitter.com\/ncjb8HXsGv<\/a><\/p>\n<p>\u2014 CanalSur (@canalsur) <a href=\"https:\/\/twitter.com\/canalsur\/status\/1998416583778037973?ref_src=twsrc%5Etfw\" rel=\"nofollow noopener\" target=\"_blank\">December 9, 2025<\/a><\/p>\n<\/blockquote>\n<p>En este sentido, tal y como explica el Polic\u00eda Nacional, el Ayuntamiento \u00abha dispuesto un autob\u00fas de l\u00ednea para que los aficionados que as\u00ed lo deseen puedan volver al Benito Villamar\u00edn\u00bb.<\/p>\n<p>\u00abEl Sevilla sabe que se expone a alguna denuncia\u00bb, a\u00f1ad\u00eda el Polic\u00eda reconociendo que el anuncio lo hab\u00eda hecho el principal encargado de seguridad del Sevilla, exponi\u00e9ndose a las represalias.<\/p>\n<p>El Betis cont\u00f3 con 600 entradas en zona de visitante<\/p>\n<p>Cabe recordar que el Betis cont\u00f3 con 600 entradas para el encuentro en el S\u00e1nchez-Pizju\u00e1n y, seg\u00fan el citado Polic\u00eda, el club verdiblanco se ofreci\u00f3 a devolver el importe de todos los seguidores que hab\u00edan comprado localidades en otras zonas y que fueron\u00a0rechazados por la entidad blanquirroja.<\/p>\n<p><img loading=\"lazy\" decoding=\"async\" src=\"https:\/\/www.europesays.com\/es\/wp-content\/uploads\/2025\/12\/sevilla_betisjpg.jpg\" width=\"660\" height=\"440\" alt=\"Los jugadores de ambos equipos en el Sevilla-Betis (Foto: Kiko Hurtado).\"\/><br \/>\nLos jugadores de ambos equipos en el Sevilla-Betis (Foto: Kiko Hurtado).<\/p>\n<p><script async src=\"https:\/\/platform.twitter.com\/widgets.js\" charset=\"utf-8\"><\/script><\/p>\n","protected":false},"excerpt":{"rendered":"M\u00e1s noticias M\u00e1s de M\u00e1s noticias de Real Betis Han pasado varias semanas desde la disputa del derbi&hellip;\n","protected":false},"author":2,"featured_media":280051,"comment_status":"","ping_status":"","sticky":false,"template":"","format":"standard","meta":{"footnotes":""},"categories":[268],"tags":[168,25,24,280,282,281,23,167],"class_list":{"0":"post-280050","1":"post","2":"type-post","3":"status-publish","4":"format-standard","5":"has-post-thumbnail","7":"category-futbol","8":"tag-deportes","9":"tag-es","10":"tag-espana","11":"tag-football","12":"tag-futbol","13":"tag-soccer","14":"tag-spain","15":"tag-sports"},"share_on_mastodon":{"url":"https:\/\/pubeurope.com\/@es\/115691587354410008","error":""},"_links":{"self":[{"href":"https:\/\/www.europesays.com\/es\/wp-json\/wp\/v2\/posts\/280050","targetHints":{"allow":["GET"]}}],"collection":[{"href":"https:\/\/www.europesays.com\/es\/wp-json\/wp\/v2\/posts"}],"about":[{"href":"https:\/\/www.europesays.com\/es\/wp-json\/wp\/v2\/types\/post"}],"author":[{"embeddable":true,"href":"https:\/\/www.europesays.com\/es\/wp-json\/wp\/v2\/users\/2"}],"replies":[{"embeddable":true,"href":"https:\/\/www.europesays.com\/es\/wp-json\/wp\/v2\/comments?post=280050"}],"version-history":[{"count":0,"href":"https:\/\/www.europesays.com\/es\/wp-json\/wp\/v2\/posts\/280050\/revisions"}],"wp:featuredmedia":[{"embeddable":true,"href":"https:\/\/www.europesays.com\/es\/wp-json\/wp\/v2\/media\/280051"}],"wp:attachment":[{"href":"https:\/\/www.europesays.com\/es\/wp-json\/wp\/v2\/media?parent=280050"}],"wp:term":[{"taxonomy":"category","embeddable":true,"href":"https:\/\/www.europesays.com\/es\/wp-json\/wp\/v2\/categories?post=280050"},{"taxonomy":"post_tag","embeddable":true,"href":"https:\/\/www.europesays.com\/es\/wp-json\/wp\/v2\/tags?post=280050"}],"curies":[{"name":"wp","href":"https:\/\/api.w.org\/{rel}","templated":true}]}}