{"id":280081,"date":"2025-12-09T21:19:10","date_gmt":"2025-12-09T21:19:10","guid":{"rendered":"https:\/\/www.europesays.com\/es\/280081\/"},"modified":"2025-12-09T21:19:10","modified_gmt":"2025-12-09T21:19:10","slug":"critica-de-ciudad-de-sombras-estreno-postumo-del-ultimo-papel-de-veronica-echegui","status":"publish","type":"post","link":"https:\/\/www.europesays.com\/es\/280081\/","title":{"rendered":"Cr\u00edtica de Ciudad de sombras, estreno p\u00f3stumo del \u00faltimo papel de Ver\u00f3nica Echegui"},"content":{"rendered":"<p class=\"c-paragraph\">\u00a1Qu\u00e9 extra\u00f1a sensaci\u00f3n produce ver <a href=\"https:\/\/www.hobbyconsolas.com\/hobbycine\/este-viernes-netflix-estrena-serie-espanola-que-fandom-suspense-policiaco-espera-con-ganas_6904860_0.html\" title=\"Este viernes Netflix estrena la serie espa\u00f1ola que el fandom del suspense policiaco espera con ganas\" rel=\"nofollow noopener\" target=\"_blank\">Ciudad de sombras<\/a>! Por una parte, da gusto disfrutar de <b>una buena serie policiaca, bien ambientada e interpretada y con personajes tridimensionales y carism\u00e1ticos<\/b>. Por otra, da una tristeza infinita saber que es la obra p\u00f3stuma de <a href=\"https:\/\/www.hobbyconsolas.com\/noticias\/ha-muerto-veronica-echegui-yo-soy-juani-patio-mi-carcel-42-anos-1479956\" title=\"Ha muerto Ver\u00f3nica Echegui (Yo soy la Juani, El patio de mi c\u00e1rcel) a los 42 a\u00f1os\" rel=\"nofollow noopener\" target=\"_blank\">Ver\u00f3nica Echegui, actriz cuya luz se extingui\u00f3 recientemente<\/a>\u00a0a los 42 a\u00f1os de manera muy sorprendente para la mayor\u00eda del p\u00fablico y de su propio entorno profesional por la forma tan discreta en la que decidi\u00f3 vivir sus \u00faltimos meses.<\/p>\n<p class=\"c-paragraph\">Se trata de una serie de <b>seis episodios que transcurren en el coraz\u00f3n de la Barcelona modernista con especial relevancia de las obras de Gaud\u00ed<\/b>, que se integran con una doble finalidad: est\u00e9tica y de denuncia puesto que vemos la transformaci\u00f3n de la ciudad, especialmente tras los Juegos Ol\u00edmpicos de 1992 y la reconfiguraci\u00f3n de los espacios para transformarlos en algo muy diferente y mucho m\u00e1s encaminado a satisfacer al turismo.<\/p>\n<p class=\"c-paragraph\">Ha sido dirigida por <b>Jorge Torregrosa<\/b>, art\u00edfice del true crime\u00a0<a href=\"https:\/\/www.hobbyconsolas.com\/reviews\/critica-cuerpo-llamas-true-crime-espanol-triunfa-netflix-1303116\" title=\"Cr\u00edtica de El cuerpo en llamas\" rel=\"nofollow noopener\" target=\"_blank\">El cuerpo en llamas<\/a>\u00a0que fue un bombazo para la plataforma y coescrita por\u00a0Clara Esparrach y Carlos L\u00f3pez en base a la novela de <b>Aro S\u00e1inz de la Maza<\/b>. titulada <a href=\"https:\/\/amzn.to\/48FLFkD\" rel=\"nofollow noreferrer noopener\" title=\"Comprar El verdugo de Gaud\u00ed\" target=\"_blank\">El verdugo de Gaud\u00ed (El asesino de la Pedrera)<\/a>, origen de su tetralog\u00eda sobre el investigador Milo Malart a quien da vida Isak F\u00e9rriz en la ficci\u00f3n. Cuenta adem\u00e1s en su reparto con unos solventes Manolo Solo, Ana Wagener o \u00c1gata Roca, entre otros, adem\u00e1s de la colaboraci\u00f3n especial de Mar\u00eda Ad\u00e1nez. \u00a1Mucha calidad!<\/p>\n<p>La sombra de Gaud\u00ed<\/p>\n<p class=\"c-paragraph\">En la fachada del emblem\u00e1tico edificio de La Pedrera de Gaud\u00ed aparece colgado un cuerpo en llamas a pocos d\u00edas de la consagraci\u00f3n de la Sagrada Familia por parte del papa.<\/p>\n<p class=\"c-paragraph\">Los investigadores del caso no tienen de d\u00f3nde tirar porque el asesino ha hecho un trabajo profesional eliminando todo rastro que pueda identificarlo como autor. En este contexto entra en escena el inspector Milo Malart, que hab\u00eda sido apartado del servicio por un expediente disciplinario y decide poner toda la carne en el asador para esclarecer el caso..<\/p>\n<p class=\"c-paragraph\">Eso s\u00ed, tendr\u00e1 que trabajar codo con codo con una compa\u00f1era experta en Psicolog\u00eda, Rebeca Garrido, en quien no quiere confiar por considerarla una especie de figura controladora.<\/p>\n<p class=\"c-paragraph\">Las cosas se complican cuando nuevas v\u00edctimas aparecen con el mismo modus operandi. Todo apunta a un asesino en serie cuyo plan de venganza no ha hecho m\u00e1s que ponerse en marcha.<\/p>\n<p class=\"c-paragraph\">Paralelamente, un periodista entrometido y muy bien informado empezar\u00e1 a convertirse en el invitado estrella del principal programa de sucesos de la televisi\u00f3n. El trabajo de los mossos d&#8217;esquadra se centrar\u00e1 en evitar el p\u00e1nico colectivo en el gran evento que se avecina.<\/p>\n<p class=\"c-paragraph\"><b>Ciudad de sombras <\/b>combina muy bien su trama policiaca con una denuncia social muy bien cimentada en los propios motivos de los cr\u00edmenes y en una serie de im\u00e1genes documentales que se van intercalando en el metraje.<\/p>\n<p class=\"c-paragraph\">Como muchas otras obras del g\u00e9nero sufre de cierta \u00abamericanizaci\u00f3n\u00bb puntual y, tal y como nos pas\u00f3 viendo Terra Alta sorprende que no haya un solo personaje que diga una palabra en catal\u00e1n, estando ambientada en la Barcelona de 2010 aproximadamente.<\/p>\n<p class=\"c-paragraph\">Por lo dem\u00e1s, <b>las localizaciones de rodaje son esenciales para la trama y nos permiten introducirnos en algunos de los lugares creados por Gaud\u00ed que dotaron de una identidad a la ciudad que despu\u00e9s se ha ido desvirtuando por la gentrificaci\u00f3n y el turismo masivo<\/b>. En ese sentido es una verdadera gozada y permitir\u00e1 que la audiencia se deleite con la belleza intr\u00ednseca y la simbolog\u00eda de obras arquitect\u00f3nicas fascinantes. Hay adem\u00e1s un buen trabajo de fotograf\u00eda y ambientaci\u00f3n (con especial atenci\u00f3n a los claroscuros y los planos nocturnos) y el gui\u00f3n se molesta en desarrollar unos personajes que tratan de salirse de sus estereotipos.<\/p>\n<p class=\"c-paragraph\">\u00bfY ahora qu\u00e9? Bueno, que los espectadores no se sientan hu\u00e9rfanos&#8230; al menos, no del todo. El personaje interpretado por Ver\u00f3nica Echegui fue creado ex profeso para la serie y su arco narrativo queda cerrado. Si vuelve (algo muy improbable), tendr\u00e1 que ser encarnado por otra actriz y seguramente no tendr\u00eda mucho sentido. Est\u00e1 resuelto todo con elegancia y con una dedicatoria, tras cada episodio, a una actriz que vivir\u00e1 siempre en nuestras retinas.<\/p>\n<p class=\"c-paragraph\">Para \u00e1vidos lectores que hayan podido quedarse prendados de este universo y quieran seguir explorando al personaje principal, hay tres novelas posteriores de las que pueden ir disfrutando mientras que la serie aguarda la m\u00e1s que posible renovaci\u00f3n: El \u00e1ngulo muerto (2016), D\u00f3cil (2020) y Malart (2023). Por parte de quien escribe estas l\u00edneas, estar\u00e9 esperando esa luz verde con ilusi\u00f3n.<\/p>\n<p class=\"c-review-module__text\"> Valoraci\u00f3n <\/p>\n<p class=\"c-review-module__text-score\"> Nota 78<\/p>\n<p class=\"c-review-module__resume\">Notable thriller policiaco en el que la Barcelona modernista de Gaud\u00ed es mucho m\u00e1s que un tel\u00f3n de fondo. Adictiva, bien resuelta y habitada por personajes cre\u00edbles.<\/p>\n<p>Lo mejor<\/p>\n<p class=\"c-review-module__description\">La trama, las interpretaciones, el ritmo&#8230; Calidad en todos los sentidos.<\/p>\n<p>Lo peor<\/p>\n<p class=\"c-review-module__description\">Algo que l\u00f3gicamente no es culpa de la serie: que sea la \u00faltima vez que veremos a Echegui en pantalla.<\/p>\n","protected":false},"excerpt":{"rendered":"\u00a1Qu\u00e9 extra\u00f1a sensaci\u00f3n produce ver Ciudad de sombras! Por una parte, da gusto disfrutar de una buena serie&hellip;\n","protected":false},"author":2,"featured_media":280082,"comment_status":"","ping_status":"","sticky":false,"template":"","format":"standard","meta":{"footnotes":""},"categories":[169],"tags":[177,777,1497,146,147,25,24,1055,176,175,51415,10198,23],"class_list":{"0":"post-280081","1":"post","2":"type-post","3":"status-publish","4":"format-standard","5":"has-post-thumbnail","7":"category-cine","8":"tag-cine","9":"tag-ciudad","10":"tag-critica","11":"tag-entertainment","12":"tag-entretenimiento","13":"tag-es","14":"tag-espana","15":"tag-estreno","16":"tag-film","17":"tag-movies","18":"tag-postumo","19":"tag-sombras","20":"tag-spain"},"share_on_mastodon":{"url":"","error":""},"_links":{"self":[{"href":"https:\/\/www.europesays.com\/es\/wp-json\/wp\/v2\/posts\/280081","targetHints":{"allow":["GET"]}}],"collection":[{"href":"https:\/\/www.europesays.com\/es\/wp-json\/wp\/v2\/posts"}],"about":[{"href":"https:\/\/www.europesays.com\/es\/wp-json\/wp\/v2\/types\/post"}],"author":[{"embeddable":true,"href":"https:\/\/www.europesays.com\/es\/wp-json\/wp\/v2\/users\/2"}],"replies":[{"embeddable":true,"href":"https:\/\/www.europesays.com\/es\/wp-json\/wp\/v2\/comments?post=280081"}],"version-history":[{"count":0,"href":"https:\/\/www.europesays.com\/es\/wp-json\/wp\/v2\/posts\/280081\/revisions"}],"wp:featuredmedia":[{"embeddable":true,"href":"https:\/\/www.europesays.com\/es\/wp-json\/wp\/v2\/media\/280082"}],"wp:attachment":[{"href":"https:\/\/www.europesays.com\/es\/wp-json\/wp\/v2\/media?parent=280081"}],"wp:term":[{"taxonomy":"category","embeddable":true,"href":"https:\/\/www.europesays.com\/es\/wp-json\/wp\/v2\/categories?post=280081"},{"taxonomy":"post_tag","embeddable":true,"href":"https:\/\/www.europesays.com\/es\/wp-json\/wp\/v2\/tags?post=280081"}],"curies":[{"name":"wp","href":"https:\/\/api.w.org\/{rel}","templated":true}]}}