{"id":280131,"date":"2025-12-09T22:00:21","date_gmt":"2025-12-09T22:00:21","guid":{"rendered":"https:\/\/www.europesays.com\/es\/280131\/"},"modified":"2025-12-09T22:00:21","modified_gmt":"2025-12-09T22:00:21","slug":"de-su-flechazo-en-un-rodaje-a-su-discreta-vida-con-4-hijas","status":"publish","type":"post","link":"https:\/\/www.europesays.com\/es\/280131\/","title":{"rendered":"de su flechazo en un rodaje a su discreta vida con 4 hijas"},"content":{"rendered":"<p id=\"eeIJjizqq91\" data-wc=\"93\">Hace ya 20 a\u00f1os, un d\u00eda como hoy, 9 de diciembre, el actor <a class=\"hm-link ho-link\" href=\"https:\/\/www.hola.com\/biografias\/matt-damon\/\" data-mrf-recirculation=\"article-body-link\" rel=\"nofollow noopener\" target=\"_blank\">Matt Damon<\/a> pronunciaba unas palabras que cambiar\u00edan su vida sentimental: el <strong>\u201cs\u00ed, quiero\u201d<\/strong>. <a class=\"hm-link ho-link\" href=\"https:\/\/www.hola.com\/actualidad\/20240716707249\/matt-damon-luciana-barroso-desalojados-amenaza-bomba\/\" data-mrf-recirculation=\"article-body-link\" rel=\"nofollow noopener\" target=\"_blank\">Luciana Barroso<\/a>, la camarera a la que conoci\u00f3 durante el rodaje de una pel\u00edcula, se convert\u00eda oficialmente en su mujer. Lo que jam\u00e1s hubiera imaginado el artista es que aquel film, Pegado a ti, transformar\u00eda tanto su vida: <strong>era 2003 cuando el amor llam\u00f3 a su puerta. Dos a\u00f1os despu\u00e9s, en 2005, la pareja contrajo matrimonio en secreto en Nueva York,\u00a0<\/strong>en una ceremonia civil en Manhattan<strong>.<\/strong><\/p>\n<p> <img src=\"https:\/\/www.europesays.com\/es\/wp-content\/uploads\/2025\/12\/af31a8318b45-matt-damon-gtres2.jpg\"   width=\"695\" height=\"1024\" loading=\"lazy\" decoding=\"async\" alt=\"Matt Damon y Luciana Barroso\" fetchpriority=\"auto\" class=\"image ho-image\"\/>\u00a9 GTRESMatt Damon y Luciana Barroso<\/p>\n<p id=\"e2a-aivVqnI\" data-wc=\"168\">La estrella de El indomable Will Hunting, de 55 a\u00f1os, conoci\u00f3 a la madre de sus tres hijas mientras rodaba en Miami Beach. Ella trabajaba como camarera y \u00e9l estaba inmerso en el papel de Bob Tenor en Pegado a ti. Al principio, Luciana, de 49 a\u00f1os, se mostraba reticente a salir con el actor, ya que por entonces ten\u00eda una hija fruto de una relaci\u00f3n anterior y priorizaba por completo su maternidad: \u201cNo puedo, tengo una hija de 4 a\u00f1os, no voy a ning\u00fan lado\u2026 y esa era una de las cosas que a \u00e9l le encantaba, que yo tuviera una hija\u201d, reconoci\u00f3 en alguna ocasi\u00f3n. Sin embargo, al protagonista de pel\u00edculas tan reconocidas como Salvar al soldado Ryan (1998),\u00a0El talentoso Sr. Ripley\u00a0(1999) o la trilog\u00eda Ocean\u2019s \u00a0esto no lo alej\u00f3, sino todo lo contrario: \u201c<strong>\u00c9l dijo: \u2018Me encanta que seas mam\u00e1 y que esa sea tu prioridad\u2019<\/strong>. Algunos chicos podr\u00edan haber sido diferentes, podr\u00edan pensar que es complicado, pero para \u00e9l no lo fue\u201d.<\/p>\n<p> <img src=\"https:\/\/www.europesays.com\/es\/wp-content\/uploads\/2025\/12\/125758d83cd3-matt-damon3-getty.jpg\"   width=\"1080\" height=\"1080\" loading=\"lazy\" decoding=\"async\" alt=\"Matt Damon y Luciana Barroso, en el estreno de The Instigators, julio 2024\" fetchpriority=\"auto\" class=\"image ho-image\"\/>\u00a9 Getty ImagesMatt Damon y Luciana Barroso, en el estreno de The Instigators, julio 2024<br \/>\nUna familia numerosa<\/p>\n<p id=\"eGeG4I3Ftj1\" data-wc=\"174\">El matrimonio, uno de los m\u00e1s consolidados de Hollywood, tiene una familia numerosa. En m\u00e1s de una ocasi\u00f3n hemos podido <a class=\"hm-link ho-link\" href=\"https:\/\/www.hola.com\/actualidad\/20230328228985\/matt-damon-hijas-mujer-estreno\/\" data-mrf-recirculation=\"article-body-link\" rel=\"nofollow noopener\" target=\"_blank\">ver a toda la familia junta<\/a> en alguna premiere, acompa\u00f1ados por sus tres hijas: <strong>Isabella<\/strong>, nacida en 2006; <strong>Gia<\/strong>, que lleg\u00f3 dos a\u00f1os despu\u00e9s; y<strong>\u00a0Stella<\/strong>, a la que dieron la bienvenida en 2010. El int\u00e9rprete de Avatar, Infiltrados, Invictus, Monuments Men o Marte tambi\u00e9n es muy cercano a <a class=\"hm-link ho-link\" href=\"https:\/\/www.hola.com\/actualidad\/20200514167948\/matt-damon-hija-coronavirus\/\" data-mrf-recirculation=\"article-body-link\" rel=\"nofollow noopener\" target=\"_blank\">Alexia Barroso<\/a> (1998), hija de su esposa fruto de una relaci\u00f3n anterior. Aunque no es su hija biol\u00f3gica, <strong>el actor siempre la ha tratado como si fuese suya<\/strong>. De hecho, durante la pandemia, cuando Alexia contrajo coronavirus, \u00e9l no dud\u00f3 en mostrar su preocupaci\u00f3n: \u201cNuestra hija mayor est\u00e1 en la universidad; obviamente no tienen clases, pero sigue en Nueva York. Ella tuvo coronavirus al comienzo de la pandemia, al igual que sus compa\u00f1eros de apartamento, y lo super\u00f3. Todos est\u00e1n bien. Nos volveremos a ver con Alexia a final de mes\u201d, explic\u00f3 en el programa de radio Fully Charged, de Graham O&#8217;Toole y Nathan O&#8217;Reilly.<\/p>\n<p> <img src=\"https:\/\/www.europesays.com\/es\/wp-content\/uploads\/2025\/12\/19b2e7ec5693-gggg-family.jpg\"   width=\"1024\" height=\"681\" loading=\"lazy\" decoding=\"async\" alt=\"Matt Damon y su familia \" fetchpriority=\"auto\" class=\"image ho-image\"\/>\u00a9 Getty ImagesMatt Damon y su familia<br \/>\nUna trayectoria impecable<\/p>\n<p id=\"eof_6gpyf3Q\" data-wc=\"186\">El profesional del s\u00e9ptimo arte, nacido en Cambridge (Massachusetts), cuenta con una carrera muy consolidada en el mundo cinematogr\u00e1fico. Desde siempre estuvo vinculado al cine; de hecho, tras terminar el instituto, la estrella de Hollywood estudi\u00f3 Ingl\u00e9s en la Universidad de Harvard y fue all\u00ed donde, para una clase de dramaturgia, <strong>escribi\u00f3 el que ser\u00eda el borrador del guion de El indomable Will Hunting<\/strong>. Posteriormente, su trayectoria no dej\u00f3 de crecer, logrando papeles en t\u00edtulos como Mystic Pizza, School Ties o Ger\u00f3nimo,\u00a0una leyenda en la d\u00e9cada de los \u00a090. Poco despu\u00e9s su carrera profesional no dej\u00f3 de escalar: <strong>gan\u00f3 un \u00d3scar gracias al guion de El indomable Will Hunting<\/strong>. Adem\u00e1s, ha sido nominado en cuatro ocasiones m\u00e1s a los Premios de la Academia: una vez como mejor actor de reparto por Invictus, otra como productor por Manchester by the Sea y, hasta en dos ocasiones, como mejor int\u00e9rprete por El indomable Will Hunting y The Martian. \u00a0Entre los trabajos m\u00e1s reconocidos del actor figuran t\u00edtulos como Avatar, Infiltrados, Invictus, The Monuments Men o Marte, adem\u00e1s de un breve, pero muy celebrado, cameo en\u00a0Thor: Ragnarok.<\/p>\n<p> <img src=\"https:\/\/www.europesays.com\/es\/wp-content\/uploads\/2025\/08\/1301c5fa5d91-gettyimages-1272463075.jpg\"   width=\"837\" height=\"1024\" loading=\"lazy\" decoding=\"async\" alt=\"Ben Affleck y Matt Damon ganan un Oscar por 'El indomable Will Hunting' en marzo de 1998\" fetchpriority=\"auto\" class=\"image ho-image\"\/>\u00a9 Getty ImagesBen Affleck y Matt Damon ganan un Oscar por &#8216;El indomable Will Hunting&#8217; en marzo de 1998<\/p>\n","protected":false},"excerpt":{"rendered":"Hace ya 20 a\u00f1os, un d\u00eda como hoy, 9 de diciembre, el actor Matt Damon pronunciaba unas palabras&hellip;\n","protected":false},"author":2,"featured_media":280132,"comment_status":"","ping_status":"","sticky":false,"template":"","format":"standard","meta":{"footnotes":""},"categories":[174],"tags":[517,255,177,146,147,25,24,256,5258,23],"class_list":{"0":"post-280131","1":"post","2":"type-post","3":"status-publish","4":"format-standard","5":"has-post-thumbnail","7":"category-famosos","8":"tag-actualidad","9":"tag-celebrities","10":"tag-cine","11":"tag-entertainment","12":"tag-entretenimiento","13":"tag-es","14":"tag-espana","15":"tag-famosos","16":"tag-matt-damon","17":"tag-spain"},"share_on_mastodon":{"url":"https:\/\/pubeurope.com\/@es\/115691863190939316","error":""},"_links":{"self":[{"href":"https:\/\/www.europesays.com\/es\/wp-json\/wp\/v2\/posts\/280131","targetHints":{"allow":["GET"]}}],"collection":[{"href":"https:\/\/www.europesays.com\/es\/wp-json\/wp\/v2\/posts"}],"about":[{"href":"https:\/\/www.europesays.com\/es\/wp-json\/wp\/v2\/types\/post"}],"author":[{"embeddable":true,"href":"https:\/\/www.europesays.com\/es\/wp-json\/wp\/v2\/users\/2"}],"replies":[{"embeddable":true,"href":"https:\/\/www.europesays.com\/es\/wp-json\/wp\/v2\/comments?post=280131"}],"version-history":[{"count":0,"href":"https:\/\/www.europesays.com\/es\/wp-json\/wp\/v2\/posts\/280131\/revisions"}],"wp:featuredmedia":[{"embeddable":true,"href":"https:\/\/www.europesays.com\/es\/wp-json\/wp\/v2\/media\/280132"}],"wp:attachment":[{"href":"https:\/\/www.europesays.com\/es\/wp-json\/wp\/v2\/media?parent=280131"}],"wp:term":[{"taxonomy":"category","embeddable":true,"href":"https:\/\/www.europesays.com\/es\/wp-json\/wp\/v2\/categories?post=280131"},{"taxonomy":"post_tag","embeddable":true,"href":"https:\/\/www.europesays.com\/es\/wp-json\/wp\/v2\/tags?post=280131"}],"curies":[{"name":"wp","href":"https:\/\/api.w.org\/{rel}","templated":true}]}}