{"id":280151,"date":"2025-12-09T22:11:24","date_gmt":"2025-12-09T22:11:24","guid":{"rendered":"https:\/\/www.europesays.com\/es\/280151\/"},"modified":"2025-12-09T22:11:24","modified_gmt":"2025-12-09T22:11:24","slug":"debate-anatel-a-que-hora-y-donde-ver-el-ultimo-encuentro-antes-de-la-segunda-vuelta-presidencial-bbcl-contigo","status":"publish","type":"post","link":"https:\/\/www.europesays.com\/es\/280151\/","title":{"rendered":"Debate Anatel: a qu\u00e9 hora y d\u00f3nde ver el \u00faltimo encuentro antes de la segunda vuelta presidencial | BBCL Contigo"},"content":{"rendered":"<p>                                        ENVIAR<\/p>\n<p>                                            <img decoding=\"async\" src=\"https:\/\/www.europesays.com\/es\/wp-content\/uploads\/2025\/07\/ajax-loader.gif\"\/><br \/>\n                                            Enviando correcci\u00f3n, espere un momento&#8230;<\/p>\n<p>                                                \u00d7<\/p>\n<p>                                            <strong>Por favor complete todos los campos y haga check para certificar la veracidad de los datos antes de enviar la correccion.<\/strong>\n                                        <\/p>\n<p>                                                \u00d7<\/p>\n<p>                                            <strong>Por favor ingrese en e-mail valido.<\/strong>\n                                        <\/p>\n<p>                                                \u00d7<\/p>\n<p>Su mensaje fue enviado \u00a1exitosamente!<\/p>\n<p>Atenderemos su correci\u00f3n cuanto antes<\/p>\n<p>            BBCL Contigo<\/p>\n<p>            &gt;<\/p>\n<p>     Explicativa<\/p>\n<p>Martes 09 diciembre de 2025 | 06:02<\/p>\n<p>        <img decoding=\"async\" src=\"https:\/\/www.europesays.com\/es\/wp-content\/uploads\/2025\/12\/1342.jpg\" alt=\"\"\/><\/p>\n<p>            <img decoding=\"async\" src=\"https:\/\/www.europesays.com\/es\/wp-content\/uploads\/2025\/12\/1342.jpg\" alt=\"Foto autor\"\/><\/p>\n<p>        <img decoding=\"async\" src=\"https:\/\/www.europesays.com\/es\/wp-content\/uploads\/2025\/12\/1342.jpg\" alt=\"Foto autor\"\/><\/p>\n<p>            <img decoding=\"async\" class=\"post-image-principal\" src=\"https:\/\/www.europesays.com\/es\/wp-content\/uploads\/2025\/12\/debate-anatel.png\" alt=\"A qu\u00e9 hora y por d\u00f3nde ver el debate Anatel: es el \u00faltimo antes de la segunda vuelta presidencial\"\/><\/p>\n<p>            <a href=\"https:\/\/media.biobiochile.cl\/wp-content\/uploads\/2025\/12\/social-debate-anatel.png\" target=\"_blank\" rel=\"nofollow noopener\"><\/p>\n<p>            <\/a><\/p>\n<p>                            <img decoding=\"async\" class=\"imagen-icon\" src=\"https:\/\/www.europesays.com\/es\/wp-content\/uploads\/2025\/07\/icon.png\"\/><br \/>\n                             VER RESUMEN<\/p>\n<p>                                Resumen generado con una herramienta de Inteligencia Artificial desarrollada por BioBioChile y revisado por el autor de\u00a0este art\u00edculo.<\/p>\n<p>El debate Anatel del martes 9 de diciembre ser\u00e1 crucial antes de la segunda vuelta entre Jeannette Jara y Jos\u00e9 Antonio Kast, a solo d\u00edas de las elecciones del 14 de diciembre. Los candidatos tendr\u00e1n la oportunidad de exponer sus propuestas ante los televidentes, buscando llegar a los votantes indecisos. El debate, a las 21:00 horas, ser\u00e1 transmitido por TVN, Mega, Chilevisi\u00f3n, Canal 13, y plataformas digitales. <\/p>\n<p>El debate Anatel de este martes 9 de diciembre ser\u00e1 la \u00faltima instancia en la que los candidatos Jeannette Jara y Jos\u00e9 Antonio Kast se enfrenten antes de la segunda vuelta.<\/p>\n<p>Recordemos que <strong>las elecciones son el domingo 14 de diciembre<\/strong>. En esta fecha se definir\u00e1 cu\u00e1l de los dos contendores asumir\u00e1 la Presidencia de Chile.<\/p>\n<p>De esta forma, ante la cercan\u00eda que tiene este espacio de di\u00e1logo con el balotaje, el debate del martes se presenta como una buena oportunidad para que <strong>los aspirantes a La Moneda informen a los televidentes sobre sus propuestas de gobierno,<\/strong> y puedan llegar a votantes que a\u00fan no han determinado su preferencia.<\/p>\n<p>A qu\u00e9 hora y d\u00f3nde ver el debate de Anatel<\/p>\n<p>El <strong>debate presidencial de la <a href=\"https:\/\/anatel.cl\/\" rel=\"noopener nofollow\" target=\"_blank\">Asociaci\u00f3n Nacional de Televisi\u00f3n<\/a> (Anatel)<\/strong> est\u00e1 agendado para realizarse este martes 9 de diciembre a las 21:00 horas.<\/p>\n<p>Tal como ocurri\u00f3 en la ocasi\u00f3n anterior, se espera que el debate sea <strong>transmitido por cada uno de los canales asociados a Anatel, como TVN, Mega, Chilevisi\u00f3n, Canal 13,<\/strong> entre otros.<\/p>\n<p>De igual forma, el espacio televisivo <strong>podr\u00e1 ser seguido a trav\u00e9s de las plataformas digitales de los canales adheridos.<\/strong><\/p>\n<p>\u00bfCu\u00e1ndo termina el periodo de campa\u00f1a electoral?<\/p>\n<p>Cabe destacar que el jueves 11 de diciembre de 2025 termina el periodo de propaganda electoral. Es decir, los candidatos Jeannette Jara y Jos\u00e9 Antonio Kast <strong>tendr\u00e1n hasta esa fecha para hacer campa\u00f1a en medios de comunicaci\u00f3n, plataformas digitales y realizar actividades p\u00fablicas.<\/strong><\/p>\n<p>Ese mismo d\u00eda tambi\u00e9n ser\u00e1 el <strong>\u00faltimo en el cual se transmitir\u00e1 la franja electoral en televisi\u00f3n.<\/strong> Es por ello que, incluso, el debate Anatel ocurre dentro del periodo de propaganda.<\/p>\n<p>La medida tambi\u00e9n <strong>incluye a los resultados de encuestas de opini\u00f3n p\u00fablica<\/strong> sobre preferencias presidenciales.<\/p>\n<p class=\"google-text\">S\u00edguenos en Google News:<\/p>\n<p>                <a href=\"https:\/\/news.google.com\/publications\/CAAqBwgKMOnRrQsw9tzFAw?hl=es-419&amp;gl=CL&amp;ceid=CL%3Aes-419\" target=\"_blank\" rel=\"nofollow noopener\"><br \/>\n                    <img decoding=\"async\" src=\"https:\/\/www.europesays.com\/es\/wp-content\/uploads\/2025\/07\/logo_google_news.png\" alt=\"Logo Google News\"\/><br \/>\n                <\/a><\/p>\n<p>Suscr\u00edbete en nuestro canal de Whatsapp:<\/p>\n<p>                <a href=\"https:\/\/whatsapp.com\/channel\/0029Va59o6M2kNFwxfIND617\" target=\"_blank\" rel=\"nofollow noopener\"><br \/>\n                    <img decoding=\"async\" src=\"https:\/\/www.europesays.com\/es\/wp-content\/uploads\/2025\/07\/logo_whatsapp.png\" alt=\"Logo WhatsApp\"\/><br \/>\n                <\/a><\/p>\n<p>Suscr\u00edbete en nuestro canal de Youtube:<\/p>\n<p>                <a href=\"https:\/\/www.youtube.com\/@BioBioChile\" target=\"_blank\" rel=\"nofollow noopener\"><br \/>\n                    <img decoding=\"async\" src=\"https:\/\/www.europesays.com\/es\/wp-content\/uploads\/2025\/07\/logo_youtube.png\" alt=\"Logo Youtube\"\/><br \/>\n                <\/a><\/p>\n<p>    <a href=\"https:\/\/www.biobiochile.cl\/newsletter\/\" rel=\"nofollow noopener\" target=\"_blank\"><br \/>\n        <img decoding=\"async\" class=\"w-100 my-3\" src=\"https:\/\/www.europesays.com\/es\/wp-content\/uploads\/2025\/07\/escritorio-nota.png\"\/><br \/>\n    <\/a>    <\/p>\n<p>\n  primary:<br \/>\n  servicios<br \/>\n  (none)<\/p>\n","protected":false},"excerpt":{"rendered":"ENVIAR Enviando correcci\u00f3n, espere un momento&#8230; \u00d7 Por favor complete todos los campos y haga check para certificar&hellip;\n","protected":false},"author":2,"featured_media":280152,"comment_status":"","ping_status":"","sticky":false,"template":"","format":"standard","meta":{"footnotes":""},"categories":[42],"tags":[67944,67945,17,18,67946,67947,67948,67949,4374,67950,13,14,67951,11,61,62,63,64,19,20,67952,9,10,15,16,67953,16428,67954,44381,67955,67956,12,21,22,65,66,67],"class_list":{"0":"post-280151","1":"post","2":"type-post","3":"status-publish","4":"format-standard","5":"has-post-thumbnail","7":"category-internacional","8":"tag-2100-horas","9":"tag-asociacion-nacional-de-television","10":"tag-breaking-news","11":"tag-breakingnews","12":"tag-canales-asociados","13":"tag-candidatos-jeannette-jara-y-jose-antonio-kast","14":"tag-debate-anatel","15":"tag-debate-de-anatel","16":"tag-elecciones","17":"tag-encuestas-de-opinion-publica","18":"tag-featured-news","19":"tag-featurednews","20":"tag-franja-electoral","21":"tag-headlines","22":"tag-internacional","23":"tag-international","24":"tag-international-news","25":"tag-internationalnews","26":"tag-latest-news","27":"tag-latestnews","28":"tag-martes-9-de-diciembre","29":"tag-news","30":"tag-noticias","31":"tag-noticias-destacadas","32":"tag-noticiasdestacadas","33":"tag-periodo-de-campana-electoral","34":"tag-plataformas-digitales","35":"tag-presidencia-de-chile","36":"tag-propaganda-electoral","37":"tag-propuestas-de-gobierno","38":"tag-segunda-vuelta","39":"tag-titulares","40":"tag-ultimas-noticias","41":"tag-ultimasnoticias","42":"tag-world","43":"tag-world-news","44":"tag-worldnews"},"share_on_mastodon":{"url":"","error":"Validation failed: Text character limit of 500 exceeded"},"_links":{"self":[{"href":"https:\/\/www.europesays.com\/es\/wp-json\/wp\/v2\/posts\/280151","targetHints":{"allow":["GET"]}}],"collection":[{"href":"https:\/\/www.europesays.com\/es\/wp-json\/wp\/v2\/posts"}],"about":[{"href":"https:\/\/www.europesays.com\/es\/wp-json\/wp\/v2\/types\/post"}],"author":[{"embeddable":true,"href":"https:\/\/www.europesays.com\/es\/wp-json\/wp\/v2\/users\/2"}],"replies":[{"embeddable":true,"href":"https:\/\/www.europesays.com\/es\/wp-json\/wp\/v2\/comments?post=280151"}],"version-history":[{"count":0,"href":"https:\/\/www.europesays.com\/es\/wp-json\/wp\/v2\/posts\/280151\/revisions"}],"wp:featuredmedia":[{"embeddable":true,"href":"https:\/\/www.europesays.com\/es\/wp-json\/wp\/v2\/media\/280152"}],"wp:attachment":[{"href":"https:\/\/www.europesays.com\/es\/wp-json\/wp\/v2\/media?parent=280151"}],"wp:term":[{"taxonomy":"category","embeddable":true,"href":"https:\/\/www.europesays.com\/es\/wp-json\/wp\/v2\/categories?post=280151"},{"taxonomy":"post_tag","embeddable":true,"href":"https:\/\/www.europesays.com\/es\/wp-json\/wp\/v2\/tags?post=280151"}],"curies":[{"name":"wp","href":"https:\/\/api.w.org\/{rel}","templated":true}]}}