{"id":280162,"date":"2025-12-09T22:22:15","date_gmt":"2025-12-09T22:22:15","guid":{"rendered":"https:\/\/www.europesays.com\/es\/280162\/"},"modified":"2025-12-09T22:22:15","modified_gmt":"2025-12-09T22:22:15","slug":"fuimos-a-por-raphinha-pero-oscar-arias-nos-dijo-que-no-podiamos-incluirlo","status":"publish","type":"post","link":"https:\/\/www.europesays.com\/es\/280162\/","title":{"rendered":"\u00abFuimos a por Raphinha pero \u00d3scar Arias nos dijo que no pod\u00edamos incluirlo\u00bb"},"content":{"rendered":"<p style=\"\">Era uno de los profesionales mejor valoradas del organigrama deportivo, pero fue despedido por el <strong>Sevilla FC<\/strong> junto a Fernando Navarro antes de concluir la temporada 2023-24, con <strong>V\u00edctor Orta<\/strong> ya al frente de la direcci\u00f3n deportiva. El Sevilla adujo motivos econ\u00f3micos,  &#8230; ahorro dentro del severo plan de recortes de la entidad. De Dios, asturiano, creci\u00f3 dentro del club, era el engranaje fundamental en el scouting, trabaj\u00f3 con <strong>\u00d3scar Arias, Caparr\u00f3s, codo con codo con Monchi<\/strong> y fue pieza clave para fichar a Jos\u00e9 Luis <strong>Mendilibar<\/strong> como salvador del Sevilla y ganador de la \u00faltima Europa League.<\/p>\n<p class=\"voc-p\" style=\"\">En una interesante entrevista con Sen\u00e9n Mor\u00e1n en &#8216;Comemos Podcast&#8217;, ha analizado su intenso paso por el club de Nervi\u00f3n: \u00abMe siento muy orgulloso de haber sido part\u00edcipe de, en el momento jodido en el que est\u00e1bamos, <strong>que Mendilibar entrenase al Sevilla FC<\/strong>. Es un tipo que a m\u00ed me me ha ca\u00eddo bien desde desde siempre, desde que yo empec\u00e9 en la direcci\u00f3n deportiva, y no fue una llamada osada, desde el punto de vista que nunca hab\u00eda entrenado a un club as\u00ed. Est\u00e1bamos jodidos, para descender a Segunda, y nos ayud\u00f3 a ganar la segunda Europa League de mi etapa\u00ab, explica Emilio de Dios.<\/p>\n<p class=\"voc-p\" style=\"\">\u00abEstaba con Monchi y Fernando Navarro sentado, analizando la situaci\u00f3n de que ten\u00edamos que cambiar de t\u00e9cnico. Iba a ser un desastre (con Sampaoli), lo estaba siendo, y nos iba a llevar a una din\u00e1mica de resultados muy jodida. Se hicieron llamadas a varios entrenadores, ya hab\u00eda salido el nombre de &#8216;Mendi&#8217; y, de repente, Monchi dice &#8216;es que como no firmemos a \u00e9ste, que es el que sabe ganar a todos esos equipos de ah\u00ed abajo&#8230;&#8217;. Y, efectivamente, el primer partido es en C\u00e1diz y y ganamos 0-2. Si lo hubi\u00e9ramos perdido, nos habr\u00edamos metido en un desastre. Al final, acab\u00f3 levantando la Europa League. Dos eliminatorias atr\u00e1s, le dije a mi mujer que pidiera el d\u00eda de la final (en el trabajo) y dos m\u00e1s para celebrarlo en Sevilla. Ten\u00edamos a <strong>Manchester United y Juventus<\/strong>. Mi mujer no se lo cre\u00eda, pero yo le insist\u00eda. El autoconvencimiento de hacer las cosas para ganar te da un subid\u00f3n diario. Est\u00e1bamos convencidos todos\u00ab, detall\u00f3 el gijon\u00e9s.<\/p>\n<p class=\"voc-p\" style=\"\">Y es que el que fuera scouting manager del Sevilla nunca olvidar\u00e1 aquellos meses convulsos en los que Jorge Sampaoli, antes de ser relevado por Mendilibar, se hizo cargo del equipo en su segunda etapa en Nervi\u00f3n: <strong>\u00abSampaoli era un tipo raro.<\/strong> La gente del club hablaba de que de su primera etapa a la segunda hab\u00eda cambiado mucho, no creo que a mejor. No estaba rodeado de los mejores para \u00e9l&#8230; Un incendio al lado de la gasolina no creo que sea lo mejor, as\u00ed que resultaba dif\u00edcil. Ten\u00eda un concepto de juego que no creo que sea el mejor para instaurarlo a mitad de temporada, sino que precisaba de un trabajo previo en verano, mientras que \u00e9l lleg\u00f3 con la temporada empezada y unas ideas&#8230; Es un exc\u00e9ntrico cerrado. Cerrado el mercado, me ped\u00eda &#8216;Emilio, necesito un hombre libre&#8217;. Y yo le dec\u00eda, &#8216;claro, ya s\u00f3lo puede ser uno libre, porque el mercado est\u00e1 cerrado&#8217;. Y me respond\u00eda: &#8216;\u00bfPor qu\u00e9 est\u00e1 cerrado el mercado para m\u00ed?&#8217;. Yo le dec\u00eda que no era s\u00f3lo para \u00e9l, sino para todos\u00ab.<\/p>\n<p class=\"voc-p\" style=\"\">En cuanto a los profesionales con los que trabaj\u00f3 en el Sevilla, Emilio de Dios ensalza la labor de todos, aunque a tenor de sus palabras se intuye que el feeling con <strong>V\u00edctor Orta<\/strong> no fue el mejor durante los meses que coincidieron y en los que se fragu\u00f3 su despido: \u00abEstuve la \u00faltima temporada con V\u00edctor. De todo se aprende. He aprendido de \u00d3scar, su tranquilidad; de Joaqu\u00edn, su adaptabilidad y de Monchi, que ha sido un maestro. En todos los a\u00f1os que llevo de carrera, no creo que encuentres una frase suelta, declaraci\u00f3n o mensaje de texto donde yo hable mal de alguien. <strong>A veces, no hablo\u00ab<\/strong>, sentenci\u00f3.<\/p>\n<p class=\"voc-p\" style=\"\">Para finalizar, recuerda curiosas historias en Nervi\u00f3n y <strong>alg\u00fan que otro fichaje que se qued\u00f3 en el tintero<\/strong>: \u00abEn Sevilla hab\u00eda una ventaja grande para un secretario t\u00e9cnico, ya que exist\u00eda un n\u00facleo duro de t\u00e9cnicos que llevaba mucho tiempo trabajando junto. Hay &#8216;veintipico&#8217; ojos que te van filtrando el scouting. Eso te lleva a que el t\u00e9cnico de Portugal te diga en el mes de octubre &#8216;<strong>Raphinha<\/strong>, del Vitoria de Guimaraes, es un fen\u00f3meno&#8217;. Sal\u00eda a 8-10 millones, nos posicionamos y <strong>\u00d3scar Arias nos dijo que no pod\u00edamos incluirlo<\/strong>, porque ten\u00edamos todas las fichas ocupadas en plantilla\u00ab. Algo similar pas\u00f3 con <strong>Kound\u00e9<\/strong>: \u00abLe dije a <strong>Caparr\u00f3s<\/strong> que era el mejor que pod\u00edamos firmar. Eso s\u00ed, le advert\u00ed de que nos iban a pedir un precio muy alto. As\u00ed fue. Nos sentamos con \u00e9l y su agente, pero no lo firmamos. Un a\u00f1o despu\u00e9s, <strong>Monchi<\/strong>, capaz de dominar todo lo que est\u00e1 en el ratio de acci\u00f3n de un director deportivo y m\u00e1s, hizo la misma pregunta. &#8216;\u00bfQu\u00e9 central firmamos?&#8217; Dijimos Kound\u00e9 y reconoci\u00f3 que lo ten\u00eda entre ceja y ceja. Nos reunimos otra vez con Jules y lo fichamos\u00ab, concluy\u00f3 el asturiano.<\/p>\n","protected":false},"excerpt":{"rendered":"Era uno de los profesionales mejor valoradas del organigrama deportivo, pero fue despedido por el Sevilla FC junto&hellip;\n","protected":false},"author":2,"featured_media":280163,"comment_status":"","ping_status":"","sticky":false,"template":"","format":"standard","meta":{"footnotes":""},"categories":[268],"tags":[37667,168,6143,5093,13836,25,24,280,282,67957,2789,55269,11679,281,23,167],"class_list":{"0":"post-280162","1":"post","2":"type-post","3":"status-publish","4":"format-standard","5":"has-post-thumbnail","7":"category-futbol","8":"tag-arias","9":"tag-deportes","10":"tag-dijo","11":"tag-dios","12":"tag-emilio","13":"tag-es","14":"tag-espana","15":"tag-football","16":"tag-futbol","17":"tag-incluirlo","18":"tag-oscar","19":"tag-podiamos","20":"tag-raphinha","21":"tag-soccer","22":"tag-spain","23":"tag-sports"},"share_on_mastodon":{"url":"https:\/\/pubeurope.com\/@es\/115691949162074382","error":""},"_links":{"self":[{"href":"https:\/\/www.europesays.com\/es\/wp-json\/wp\/v2\/posts\/280162","targetHints":{"allow":["GET"]}}],"collection":[{"href":"https:\/\/www.europesays.com\/es\/wp-json\/wp\/v2\/posts"}],"about":[{"href":"https:\/\/www.europesays.com\/es\/wp-json\/wp\/v2\/types\/post"}],"author":[{"embeddable":true,"href":"https:\/\/www.europesays.com\/es\/wp-json\/wp\/v2\/users\/2"}],"replies":[{"embeddable":true,"href":"https:\/\/www.europesays.com\/es\/wp-json\/wp\/v2\/comments?post=280162"}],"version-history":[{"count":0,"href":"https:\/\/www.europesays.com\/es\/wp-json\/wp\/v2\/posts\/280162\/revisions"}],"wp:featuredmedia":[{"embeddable":true,"href":"https:\/\/www.europesays.com\/es\/wp-json\/wp\/v2\/media\/280163"}],"wp:attachment":[{"href":"https:\/\/www.europesays.com\/es\/wp-json\/wp\/v2\/media?parent=280162"}],"wp:term":[{"taxonomy":"category","embeddable":true,"href":"https:\/\/www.europesays.com\/es\/wp-json\/wp\/v2\/categories?post=280162"},{"taxonomy":"post_tag","embeddable":true,"href":"https:\/\/www.europesays.com\/es\/wp-json\/wp\/v2\/tags?post=280162"}],"curies":[{"name":"wp","href":"https:\/\/api.w.org\/{rel}","templated":true}]}}