{"id":280311,"date":"2025-12-10T00:09:16","date_gmt":"2025-12-10T00:09:16","guid":{"rendered":"https:\/\/www.europesays.com\/es\/280311\/"},"modified":"2025-12-10T00:09:16","modified_gmt":"2025-12-10T00:09:16","slug":"cuando-llega-la-version-final","status":"publish","type":"post","link":"https:\/\/www.europesays.com\/es\/280311\/","title":{"rendered":"\u00bfcu\u00e1ndo llega la versi\u00f3n final?"},"content":{"rendered":"<p>Ayer lunes era, sobre el papel, el d\u00eda elegido. El calendario de actualizaciones y la l\u00f3gica de a\u00f1os anteriores apuntaban a que tendr\u00edamos tarde de descargas con la versi\u00f3n final de iOS 26.2. Sin embargo, <strong>en Cupertino han decidido pisar el freno en el \u00faltimo minuto<\/strong>. No hubo versi\u00f3n final, sino una segunda Release Candidate (RC 2).<\/p>\n<p>Un movimiento que, aunque no es in\u00e9dito, nos cambia el paso y deja una pregunta: <strong>\u00bfcu\u00e1nto m\u00e1s tendremos que esperar ahora para el lanzamiento p\u00fablico?<\/strong><\/p>\n<p>De la RC 1 a la RC 2: \u00bfqu\u00e9 ha pasado?<\/p>\n<p>Para entender la situaci\u00f3n<strong> hay que mirar la \u00abmatr\u00edcula\u00bb del software<\/strong>. La semana pasada recibimos la primera Release Candidate (23C52), esa versi\u00f3n que te\u00f3ricamente es id\u00e9ntica \u00abbit a bit\u00bb a la final. Pero ayer Apple liber\u00f3 la compilaci\u00f3n 23C54.<\/p>\n<p>Ese salto de apenas dos d\u00edgitos en el n\u00famero de build suele significar una cosa muy concreta:<strong> se ha encontrado un error de \u00faltima hora<\/strong> que no pod\u00eda esperar. Apple ha preferido lanzar este parche de seguridad o estabilidad a desarrolladores y testers p\u00fablicos antes de abrir el grifo a millones de iPhone en todo el mundo. Curiosamente, no es algo aislado: tvOS 26.2 vivi\u00f3 exactamente lo mismo la semana pasada. Pero, por ejemplo, <strong>macOS 26.2 o watchOS 26.2 no han necesitado una RC 2<\/strong>.<\/p>\n<p>Entonces, \u00bfcu\u00e1ndo llega iOS 26.2 a todo el mundo?<\/p>\n<p>Con esta RC 2 sobre la mesa, el calendario se ajusta, pero no se rompe. Al haber lanzado esta compilaci\u00f3n un lunes (8 de diciembre), es pr\u00e1cticamente imposible que veamos la versi\u00f3n final hoy martes. <strong>Apple necesita un margen m\u00ednimo de 24-48 horas<\/strong> para verificar que esta nueva build no compromete nada m\u00e1s.<\/p>\n<p>\u00bfNuestra apuesta? Lo m\u00e1s sensato es<strong> mirar hacia este mi\u00e9rcoles 10 o el jueves 11 <\/strong>de diciembre. Aunque la opci\u00f3n segura ser\u00eda un lanzamiento ya la semana que viene. <strong>Quiz\u00e1s un lunes 15 de diciembre<\/strong>.<\/p>\n<p>                   <img class=\"centro_sinmarco\" height=\"2000\" width=\"3000\" loading=\"lazy\" decoding=\"async\"  fetchpriority=\"high\"  src=\"https:\/\/i.blogs.es\/555b68\/ios-26-rc\/450_1000.webp\" alt=\"Ios 26 Rc\" onerror=\"this.src=\" https:=\"\" false=\"\"\/><\/p>\n<p>Lo que podremos estrenar en cuanto llegue iOS 26.2<\/p>\n<p>La espera merecer\u00e1 la pena, especialmente para los usuarios en Europa, ya que iOS 26.2 desbloquea una de las funciones que llev\u00e1bamos tiempo esperando:<\/p>\n<ul>\n<li value=\"1\"><strong>Traducci\u00f3n en AirPods (por fin en la UE)<\/strong>: tras los ajustes regulatorios, los AirPods Pro 2, 3 y 4 ganan la traducci\u00f3n en tiempo real.<\/li>\n<li value=\"2\"><strong>Liquid Glass en la pantalla de bloqueo<\/strong>: el nuevo deslizador para ajustar la transparencia del reloj y darle ese toque personal.<\/li>\n<li value=\"3\"><strong>App Medidas con estilo Liquid Glass<\/strong>: si abres el nivel, ver\u00e1s que las bolas blancas se han sustituido por burbujas con efecto Liquid Glass.<\/li>\n<li value=\"4\"><strong>Recordatorios como despertador<\/strong>: con iOS 26.2 llega la capacidad de que una tarea \u00aburgente\u00bb salte incluso los modos de concentraci\u00f3n.<\/li>\n<li value=\"5\"><strong>Letras offline en Apple Music<\/strong>: ya no necesitas conexi\u00f3n para ver la letra de las canciones que tengas descargadas en la biblioteca.<\/li>\n<li value=\"6\"><strong>Tu puntuaci\u00f3n de sue\u00f1o cambia<\/strong>: App le ha recalibrado el algoritmo para ser m\u00e1s realista. La categor\u00eda \u00abExcelente\u00bb desaparece y los n\u00fameros ahora reflejan mejor c\u00f3mo te sientes realmente al despertar.<\/li>\n<li value=\"7\"><strong>Tablas en Freeform<\/strong>: la app de Apple estrena tablas, una funci\u00f3n muy demandada que permite organizar la informaci\u00f3n de forma mucho m\u00e1s estructurada.<\/li>\n<li value=\"8\"><strong>Animaciones de men\u00fa m\u00e1s fluidas<\/strong>: los men\u00fas emergentes que se despliegan desde las esquinas ahora tienen una animaci\u00f3n m\u00e1s r\u00e1pida y con un peque\u00f1o \u00abrebote\u00bb, un detalle que aporta fluidez al sistema.<\/li>\n<li value=\"9\"><strong>IA en Apple Podcasts<\/strong>: la app nativa ahora es capaz de generar cap\u00edtulos de forma autom\u00e1tica en los episodios y detectar menciones a otros programas para crear enlaces directos.<\/li>\n<li value=\"10\"><strong>La pantalla como flash de notificaciones<\/strong>: desde Accesibilidad, puedes hacer que la pantalla emita un destello blanco al recibir una notificaci\u00f3n, como alternativa al flash LED trasero.<\/li>\n<\/ul>\n<p>                   <img class=\"centro_sinmarco\" height=\"900\" width=\"1200\" loading=\"lazy\" decoding=\"async\"  fetchpriority=\"high\"  src=\"https:\/\/i.blogs.es\/3f52ca\/ios-26-2-apple\/450_1000.webp\" alt=\"Ios 26 2 Apple\" onerror=\"this.src=\" https:=\"\" false=\"\"\/><\/p>\n<p>Qu\u00e9 hacer ahora: actualizar o esperar<\/p>\n<p>Si ya instalaste la RC de la semana pasada, actualiza ya. Es una actualizaci\u00f3n muy ligera que corrige ese fallo de \u00faltima hora. Si est\u00e1s en una versi\u00f3n estable (iOS 26.1.x) y l<strong>a curiosidad te puede, puedes instalar esta RC 2 hoy mismo <\/strong>desde el <a class=\"text-outboundlink\" href=\"https:\/\/www.applesfera.com\/tutoriales\/como-instalar-beta-iphone\" data-vars-post-title=\"C\u00f3mo instalar una beta de iOS 26.2 en el iPhone: paso a paso para hacerlo de una manera segura y oficial\" data-vars-post-url=\"https:\/\/www.applesfera.com\/tutoriales\/como-instalar-beta-iphone\" rel=\"nofollow noopener\" target=\"_blank\">programa de betas p\u00fablicas<\/a>. Salvo otro nuevo bug, esta versi\u00f3n 23C54 ser\u00e1 exactamente la misma que se lance al p\u00fablico en unos d\u00edas. Eso s\u00ed, si has aguantado hasta aqu\u00ed sin betas, <strong>mi recomendaci\u00f3n es que esperes<\/strong> y hagas la actualizaci\u00f3n limpia oficial. Ya casi estamos.<\/p>\n<p>En Applesfera | <a class=\"text-outboundlink\" href=\"https:\/\/www.applesfera.com\/nuevo\/apple-iphone-18-informacion\" data-vars-post-title=\"Nuevos iPhone 18 - Todo lo que creemos saber sobre ellos\" data-vars-post-url=\"https:\/\/www.applesfera.com\/nuevo\/apple-iphone-18-informacion\" rel=\"nofollow noopener\" target=\"_blank\">Nuevos iPhone 18 &#8211; Todo lo que creemos saber sobre ellos<\/a><\/p>\n<p>En Applesfera | <a class=\"text-outboundlink\" href=\"https:\/\/www.applesfera.com\/nuevo\/ios-27-informacion\" data-vars-post-title=\"Nuevo iOS 27 - todo lo que creemos saber sobre el futuro sistema operativo para el iPhone\" data-vars-post-url=\"https:\/\/www.applesfera.com\/nuevo\/ios-27-informacion\" rel=\"nofollow noopener\" target=\"_blank\">Nuevo iOS 27 &#8211; todo lo que creemos saber sobre el futuro sistema operativo para el iPhone<\/a><\/p>\n","protected":false},"excerpt":{"rendered":"Ayer lunes era, sobre el papel, el d\u00eda elegido. El calendario de actualizaciones y la l\u00f3gica de a\u00f1os&hellip;\n","protected":false},"author":2,"featured_media":280312,"comment_status":"","ping_status":"","sticky":false,"template":"","format":"standard","meta":{"footnotes":""},"categories":[81],"tags":[119,123,124,25,24,117,121,122,23,118,120],"class_list":{"0":"post-280311","1":"post","2":"type-post","3":"status-publish","4":"format-standard","5":"has-post-thumbnail","7":"category-ciencia-y-tecnologia","8":"tag-ciencia","9":"tag-ciencia-y-tecnologia","10":"tag-cienciaytecnologia","11":"tag-es","12":"tag-espana","13":"tag-science","14":"tag-science-and-technology","15":"tag-scienceandtechnology","16":"tag-spain","17":"tag-technology","18":"tag-tecnologia"},"share_on_mastodon":{"url":"https:\/\/pubeurope.com\/@es\/115692370305036782","error":""},"_links":{"self":[{"href":"https:\/\/www.europesays.com\/es\/wp-json\/wp\/v2\/posts\/280311","targetHints":{"allow":["GET"]}}],"collection":[{"href":"https:\/\/www.europesays.com\/es\/wp-json\/wp\/v2\/posts"}],"about":[{"href":"https:\/\/www.europesays.com\/es\/wp-json\/wp\/v2\/types\/post"}],"author":[{"embeddable":true,"href":"https:\/\/www.europesays.com\/es\/wp-json\/wp\/v2\/users\/2"}],"replies":[{"embeddable":true,"href":"https:\/\/www.europesays.com\/es\/wp-json\/wp\/v2\/comments?post=280311"}],"version-history":[{"count":0,"href":"https:\/\/www.europesays.com\/es\/wp-json\/wp\/v2\/posts\/280311\/revisions"}],"wp:featuredmedia":[{"embeddable":true,"href":"https:\/\/www.europesays.com\/es\/wp-json\/wp\/v2\/media\/280312"}],"wp:attachment":[{"href":"https:\/\/www.europesays.com\/es\/wp-json\/wp\/v2\/media?parent=280311"}],"wp:term":[{"taxonomy":"category","embeddable":true,"href":"https:\/\/www.europesays.com\/es\/wp-json\/wp\/v2\/categories?post=280311"},{"taxonomy":"post_tag","embeddable":true,"href":"https:\/\/www.europesays.com\/es\/wp-json\/wp\/v2\/tags?post=280311"}],"curies":[{"name":"wp","href":"https:\/\/api.w.org\/{rel}","templated":true}]}}