{"id":280364,"date":"2025-12-10T00:51:16","date_gmt":"2025-12-10T00:51:16","guid":{"rendered":"https:\/\/www.europesays.com\/es\/280364\/"},"modified":"2025-12-10T00:51:16","modified_gmt":"2025-12-10T00:51:16","slug":"avatar-hizo-que-mi-mundo-diera-un-giro-de-180-grados-confiesa-sam-worthington-a-dias-de-un-nuevo-estreno","status":"publish","type":"post","link":"https:\/\/www.europesays.com\/es\/280364\/","title":{"rendered":"\u201cAvatar hizo que mi mundo diera un giro de 180 grados\u201d, confiesa Sam Worthington a d\u00edas de un nuevo estreno"},"content":{"rendered":"<p>Sam Worthington revela c\u00f3mo el \u00e9xito de Avatar transform\u00f3 su vida personal y profesional en Hollywood<\/p>\n<p class=\"paragraph\">El australiano <a href=\"https:\/\/www.infobae.com\/tag\/sam-worthington\/\" target=\"_blank\" rel=\"noreferrer nofollow noopener\" title=\"https:\/\/www.infobae.com\/tag\/sam-worthington\/\"><b>Sam Worthington<\/b><\/a> describi\u00f3 c\u00f3mo la paternidad y las exigencias emocionales de su nuevo personaje lo llevaron a una transformaci\u00f3n personal y profesional \u00fanica. El salto a la fama tras el estreno de <a href=\"https:\/\/www.infobae.com\/entretenimiento\/2025\/12\/07\/nunca-crei-que-avatar-fuera-posible-sigourney-weaver-conto-como-james-cameron-la-convencio-de-sumarse-al-mundo-de-pandora\/?outputType=amp-type\" target=\"_blank\" rel=\"noreferrer nofollow noopener\" title=\"https:\/\/www.infobae.com\/entretenimiento\/2025\/12\/07\/nunca-crei-que-avatar-fuera-posible-sigourney-weaver-conto-como-james-cameron-la-convencio-de-sumarse-al-mundo-de-pandora\/?outputType=amp-type\"><b>Avatar<\/b><\/a> en 2009 cambi\u00f3 su vida de forma radical. <\/p>\n<p class=\"paragraph\">16 a\u00f1os despu\u00e9s, Worthington comparti\u00f3 con Radio Times c\u00f3mo sorte\u00f3 su ingreso \u201cturbulento\u201d a Hollywood y c\u00f3mo la saga dirigida por <b>James Cameron<\/b> lo impuls\u00f3 hacia la madurez que ahora define su trabajo en <b>Fuego y Cenizas<\/b>.<\/p>\n<p class=\"paragraph\">\u201c<b>Avatar<\/b> hizo que mi mundo diera un giro de 180 grados. No puedes prepararte para la industria de Hollywood, solo tienes que sobrevivir a la turbulencia. Y luego aprendes mientras lo haces. Desafortunadamente, tienes que hacerlo bajo los reflectores\u201d, expres\u00f3 <b>Worthington<\/b> al inicio de la entrevista.<\/p>\n<p><img alt=\"La influencia de James Cameron\" class=\"global-image\" decoding=\"async\" fetchpriority=\"low\" height=\"4000\" loading=\"lazy\" src=\"https:\/\/www.europesays.com\/es\/wp-content\/uploads\/2025\/12\/A2TVPGRXD5HQBA6OX2LBABARLE.jpg\" width=\"6000\"\/>La influencia de James Cameron como director y mentor marc\u00f3 la evoluci\u00f3n actoral de Worthington en la saga Avatar (Mark Fellman\/20th Century Studios)<\/p>\n<p class=\"paragraph\">El v\u00ednculo con <b>James Cameron<\/b>, director de la franquicia, result\u00f3 esencial en la evoluci\u00f3n de Worthington como actor. <\/p>\n<p class=\"paragraph\">\u201c\u00a1Jim es el mejor director de actores que conoc\u00ed! Es tan detallista. Eso realmente ayuda. Sus pel\u00edculas son reconocidas por su espectacularidad, pero estas pel\u00edculas no funcionan si no tienen alma, y eso es lo que se obtiene de las interpretaciones\u201d, afirm\u00f3 el protagonista. <\/p>\n<p class=\"paragraph\">Worthington tambi\u00e9n se\u00f1al\u00f3: \u201c<b>Me siento honrado de tener a Jim como amigo y mentor<\/b>. Cuando voy a otros trabajos, el list\u00f3n queda muy alto despu\u00e9s de haber trabajado con Jim\u201d.<\/p>\n<p><img alt=\"La presi\u00f3n medi\u00e1tica tras Avatar\" class=\"global-image\" decoding=\"async\" fetchpriority=\"low\" height=\"3603\" loading=\"lazy\" src=\"https:\/\/www.europesays.com\/es\/wp-content\/uploads\/2025\/12\/7RCAI3OYNVHUFDVVEMC2MARSH4.JPG\" width=\"5500\"\/>La presi\u00f3n medi\u00e1tica tras Avatar impuls\u00f3 la madurez profesional de Sam Worthington en la industria cinematogr\u00e1fica (REUTERS\/Mario Anzuoni)<\/p>\n<p class=\"paragraph\">La presi\u00f3n medi\u00e1tica y el escrutinio p\u00fablico que siguieron al \u00e9xito de <b>Avatar<\/b> supusieron un antes y un despu\u00e9s para su carrera. <\/p>\n<p class=\"paragraph\">Consultado por las dudas previas al estreno de <b>El Camino del Agua<\/b> sobre el inter\u00e9s del p\u00fablico, el actor respondi\u00f3: \u201c\u00a1No dudo de mi jefe, amigo! La gente pens\u00f3 que Aliens no igualar\u00eda a Alien. La gente pens\u00f3 que Terminator 2: el juicio final no ser\u00eda tan buena como Terminator. Lo que pasa con Jim es que siempre te da lo inesperado\u201d.<\/p>\n<p class=\"paragraph\">La experiencia personal de <b>Worthington<\/b> como padre de tres hijos influy\u00f3 en su conexi\u00f3n emocional con <b>Jake Sully<\/b>, personaje central de la saga. La muerte de Neteyam, el hijo mayor de Jake, al final de <b>El Camino del Agua<\/b>, inicia un proceso de duelo que recorre <b>Fuego y Cenizas<\/b>. <\/p>\n<p><img alt=\"La paternidad permiti\u00f3 a Worthington\" class=\"global-image\" decoding=\"async\" fetchpriority=\"low\" height=\"1080\" loading=\"lazy\" src=\"https:\/\/www.europesays.com\/es\/wp-content\/uploads\/2025\/12\/UYQWZULPA5EKPA33KETFNEY2DY.jpg\" width=\"1920\"\/>La paternidad permiti\u00f3 a Worthington conectar emocionalmente con Jake Sully y abordar el duelo en Fuego y Cenizas (Disney)<\/p>\n<p class=\"paragraph\">Seg\u00fan explic\u00f3 Worthington, la nueva pel\u00edcula explora <b>la lucha por mantener unidas las cosas que amas<\/b>. Jake vuelve a su punto de apoyo, que es ser soldado. No quiere que llegue la violencia, pero ser soldado es lo que conoce, y eso le ayuda a navegar esas emociones tan duras. <\/p>\n<p class=\"paragraph\">El actor reconoci\u00f3 que la paternidad le permiti\u00f3 abordar el dolor de su personaje desde un lugar genuino: \u201cLo bueno fue que filmamos las dos secuelas simult\u00e1neamente. As\u00ed que la muerte de Neteyam lleg\u00f3 temprano y supe que pod\u00edamos usar la emoci\u00f3n de esa escena y llevarla a Fuego y Cenizas. No puedes \u2018interpretar\u2019 el duelo, de lo contrario la pel\u00edcula se atasca en un lodazal de dolor y tristeza. Se trata m\u00e1s de c\u00f3mo resucitas a partir de eso\u201d.<\/p>\n<p><img alt=\"La relaci\u00f3n actoral entre Sam\" class=\"global-image\" decoding=\"async\" fetchpriority=\"low\" height=\"1080\" loading=\"lazy\" src=\"https:\/\/www.europesays.com\/es\/wp-content\/uploads\/2025\/12\/5YTVCUSBAJHIRDASVEOAFB5AGU.jpg\" width=\"1920\"\/>La relaci\u00f3n actoral entre Sam Worthington y Oona Chaplin intensific\u00f3 el antagonismo en el rodaje de Fuego y Cenizas (Captura de tr\u00e1iler oficial)<\/p>\n<p class=\"paragraph\">La interacci\u00f3n con <b>Oona Chaplin<\/b>, quien encarna a la antagonista Varang, aport\u00f3 una tensi\u00f3n especial en el rodaje. <\/p>\n<p class=\"paragraph\">Worthington relat\u00f3: \u201cSiento que no conoc\u00ed realmente a Oona hasta ayer. Solo hab\u00eda conocido a Varang. Oona tiene su m\u00e9todo y mantiene esa energ\u00eda. Ella es la oscuridad, as\u00ed que realmente no quer\u00eda interactuar con ninguno de nosotros; quer\u00eda preservar esa fricci\u00f3n. Y lo respet\u00e9. Creo que eso fortalece el antagonismo entre ellos\u201d.<\/p>\n<p class=\"paragraph\">Sobre los desaf\u00edos de <b>Fuego y Cenizas<\/b>, Worthington destac\u00f3 la intensidad emocional por encima de las pruebas f\u00edsicas habituales. <b>No me molesta aguantar la respiraci\u00f3n y sumergirme bajo el agua, pero cuando tienes que profundizar como lo hacemos en esta, es mucho m\u00e1s desafiante<\/b>, admiti\u00f3 el actor.<\/p>\n<p><img alt=\"El viaje interior de Jake\" class=\"global-image\" decoding=\"async\" fetchpriority=\"low\" height=\"1080\" loading=\"lazy\" src=\"https:\/\/www.europesays.com\/es\/wp-content\/uploads\/2025\/12\/VTQORET7O5HLXDRV5CZ4IXKBVM.jpg\" width=\"1920\"\/>El viaje interior de Jake Sully en Fuego y Cenizas refleja la transformaci\u00f3n personal y profesional de Sam Worthington (AP Photo\/20th Century Fox, File)<\/p>\n<p class=\"paragraph\">Subray\u00f3 que el mayor reto actual radica en explorar las emociones m\u00e1s profundas de sus personajes.<\/p>\n<p class=\"paragraph\">De este modo, Worthington considera que, si en la primera pel\u00edcula la aventura fue hacia las profundidades del oc\u00e9ano, en <b>Fuego y Cenizas<\/b> el viaje ocurre <b>hacia el interior<\/b>, donde la intensidad emocional supera cualquier desaf\u00edo f\u00edsico, una experiencia que, seg\u00fan relat\u00f3 a Radio Times, lo transform\u00f3 tanto en lo personal como en lo profesional. <\/p>\n<p class=\"paragraph\"><b>El recorrido vital del actor<\/b> en estos a\u00f1os refleja c\u00f3mo, a pesar de la presi\u00f3n externa y los cambios inesperados, consigui\u00f3 consolidarse dentro de la industria.<\/p>\n","protected":false},"excerpt":{"rendered":"Sam Worthington revela c\u00f3mo el \u00e9xito de Avatar transform\u00f3 su vida personal y profesional en Hollywood El australiano&hellip;\n","protected":false},"author":2,"featured_media":280365,"comment_status":"","ping_status":"","sticky":false,"template":"","format":"standard","meta":{"footnotes":""},"categories":[169],"tags":[46436,67969,177,146,147,25,24,176,180,175,67150,23],"class_list":{"0":"post-280364","1":"post","2":"type-post","3":"status-publish","4":"format-standard","5":"has-post-thumbnail","7":"category-cine","8":"tag-avatar-2","9":"tag-behind-the-scenes","10":"tag-cine","11":"tag-entertainment","12":"tag-entretenimiento","13":"tag-es","14":"tag-espana","15":"tag-film","16":"tag-james-cameron","17":"tag-movies","18":"tag-sam-worthington","19":"tag-spain"},"share_on_mastodon":{"url":"https:\/\/pubeurope.com\/@es\/115692535300798732","error":""},"_links":{"self":[{"href":"https:\/\/www.europesays.com\/es\/wp-json\/wp\/v2\/posts\/280364","targetHints":{"allow":["GET"]}}],"collection":[{"href":"https:\/\/www.europesays.com\/es\/wp-json\/wp\/v2\/posts"}],"about":[{"href":"https:\/\/www.europesays.com\/es\/wp-json\/wp\/v2\/types\/post"}],"author":[{"embeddable":true,"href":"https:\/\/www.europesays.com\/es\/wp-json\/wp\/v2\/users\/2"}],"replies":[{"embeddable":true,"href":"https:\/\/www.europesays.com\/es\/wp-json\/wp\/v2\/comments?post=280364"}],"version-history":[{"count":0,"href":"https:\/\/www.europesays.com\/es\/wp-json\/wp\/v2\/posts\/280364\/revisions"}],"wp:featuredmedia":[{"embeddable":true,"href":"https:\/\/www.europesays.com\/es\/wp-json\/wp\/v2\/media\/280365"}],"wp:attachment":[{"href":"https:\/\/www.europesays.com\/es\/wp-json\/wp\/v2\/media?parent=280364"}],"wp:term":[{"taxonomy":"category","embeddable":true,"href":"https:\/\/www.europesays.com\/es\/wp-json\/wp\/v2\/categories?post=280364"},{"taxonomy":"post_tag","embeddable":true,"href":"https:\/\/www.europesays.com\/es\/wp-json\/wp\/v2\/tags?post=280364"}],"curies":[{"name":"wp","href":"https:\/\/api.w.org\/{rel}","templated":true}]}}