{"id":280524,"date":"2025-12-10T03:39:13","date_gmt":"2025-12-10T03:39:13","guid":{"rendered":"https:\/\/www.europesays.com\/es\/280524\/"},"modified":"2025-12-10T03:39:13","modified_gmt":"2025-12-10T03:39:13","slug":"la-epidemia-de-gripe-ya-es-la-peor-de-los-ultimos-15-anos-y-continua-acelerandose","status":"publish","type":"post","link":"https:\/\/www.europesays.com\/es\/280524\/","title":{"rendered":"La epidemia de gripe ya es la peor de los \u00faltimos 15 a\u00f1os y contin\u00faa aceler\u00e1ndose"},"content":{"rendered":"<p data-gtm-element-container=\"modulo-texto-link\" class=\"paragraph\">Los contagios de gripe se han situado en la \u00faltima semana en el nivel m\u00e1s alto de los \u00faltimos quince a\u00f1os en Catalunya y la epidemia contin\u00faa en fase de aceleraci\u00f3n, lo que indica que a\u00fan faltan algunas semanas para llegar al pico de contagios.<\/p>\n<p data-gtm-element-container=\"modulo-texto-link\" class=\"paragraph\">Los grupos de edad m\u00e1s afectados son los de 0-4 a\u00f1os y 5-14 a\u00f1os, que casi triplican el umbral del \u201cnivel epid\u00e9mico muy alto\u201d, el m\u00e1s elevado posible en la escala de cuatro niveles de intensidad de la epidemia.<\/p>\n<p>                <img loading=\"lazy\" decoding=\"async\" data-full-src=\"https:\/\/www.lavanguardia.com\/uploads\/2025\/12\/09\/6938350526d49.jpeg\" alt=\"Casos semanales de gripe en Catalunya en los \u00faltimos 15 a\u00f1os\" width=\"449\" height=\"381\" src=\"https:\/\/www.europesays.com\/es\/wp-content\/uploads\/2025\/12\/6938350526d49.jpeg\" class=\"lazy\"\/><\/p>\n<p class=\"caption-title \">Casos semanales de gripe en Catalunya en los \u00faltimos 15 a\u00f1os<\/p>\n<p>                    Biocom-SC (UPC)<\/p>\n<p data-gtm-element-container=\"modulo-texto-link\" class=\"paragraph\">Tambi\u00e9n llega al nivel epid\u00e9mico muy alto por primera vez esta temporada el grupo de 15 a 44 a\u00f1os, siguiendo la din\u00e1mica habitual de las epidemias de gripe que despegan primero en la poblaci\u00f3n infantil y despu\u00e9s se desplazan a personas de m\u00e1s edad.<\/p>\n<p data-gtm-element-container=\"modulo-texto-link\" class=\"paragraph\">En los grupos de edad m\u00e1s vulnerables, la epidemia tambi\u00e9n se est\u00e1 acelerando pero se encuentran a\u00fan en un \u201cnivel epid\u00e9mico moderado\u201d.<\/p>\n<p data-gtm-element-container=\"modulo-texto-link\" class=\"paragraph\">La incidencia para el conjunto de la poblaci\u00f3n se ha situado en la semana del 1 al 7 de diciembre en 308 diagn\u00f3sticos por 100.000 habitantes, seg\u00fan los datos que el departament de Salut ha hecho p\u00fablicos esta ma\u00f1ana. La cifra supera los picos de todas las epidemias de gripe registradas en Catalunya en los \u00faltimos quince a\u00f1os, seg\u00fan datos facilitados por Clara Prats, especialista en modelizaci\u00f3n epidemiol\u00f3gica de la Universitat Polit\u00e8cnica de Catalunya.<\/p>\n<p data-gtm-element-container=\"modulo-texto-link\" class=\"paragraph\">Los 308 diagn\u00f3sticos por 100.000 habitantes suponen un aumento del 123% respecto a los 138 registrados en la semana del 24 al 30 de noviembre, que a su vez hab\u00edan aumentado un 85% respecto a la semana anterior. El hecho de que estos porcentajes vayan al alza indica que la epidemia se est\u00e1 acelerando, lo que hace prever que en la semana actual del 8 al 14 de diciembre los diagn\u00f3sticos superar\u00e1n muy probablemente los 500 por 100.000 habitantes.<\/p>\n<p data-gtm-element-container=\"modulo-texto-link\" class=\"paragraph\">Estos datos confirman definitivamente el car\u00e1cter excepcional de la epidemia de este a\u00f1o, algo que hasta ahora se consideraba una posibilidad. El Centro Europeo de Prevenci\u00f3n y Control de Enfermedades <a href=\"https:\/\/www.lavanguardia.com\/ciencia\/20251120\/11285059\/europa-urge-vacunar-demora-gripe-rapida-expansion-variante-k.html\" rel=\"nofollow noopener\" target=\"_blank\">(ECDC) hab\u00eda advertido <\/a>el 20 de noviembre, usando el condicional, que \u201cEuropa podr\u00eda enfrentarse a una temporada de gripe m\u00e1s grave que anteriormente\u201d.<\/p>\n<p data-gtm-element-container=\"modulo-texto-link\" class=\"paragraph\">Hay que remontarse a la pandemia de gripe de la temporada 2009-2010, causada por la emergencia del virus de la gripe A(H1N1), para encontrar tasas de contagios superiores a las que se est\u00e1n registrando ahora en Catalunya. En aquella ocasi\u00f3n <a href=\"https:\/\/scielo.isciii.es\/scielo.php?script=sci_arttext&amp;pid=S1135-57272011000100005\" target=\"_blank\" rel=\"noreferrer nofollow noopener\">se lleg\u00f3 a un pico de incidencia de 584,6 casos por 100.000 habitantes<\/a> -aunque la metodolog\u00eda para contar los casos no era la misma que ahora, por lo que los datos no son directamente comparables, advierte Clara Prats-.<\/p>\n<p>        Lee tambi\u00e9n<\/p>\n<p>    Josep Corbella<\/p>\n<p>             <img loading=\"lazy\" decoding=\"async\" data-full-src=\"https:\/\/www.lavanguardia.com\/uploads\/2024\/01\/08\/659c23b05fcef.jpeg\" alt=\"Part\u00edculas del virus de la gripe en falso color en que se aprecian las prote\u00ednas de superficie hemaglutinina (rojas) y neuraminidasa (azules)\" width=\"104\" height=\"108\" src=\"https:\/\/www.europesays.com\/es\/wp-content\/uploads\/2025\/11\/659c23b05fcef.r_d.3623-2415.jpeg\" class=\"lazy\"\/><\/p>\n<p data-gtm-element-container=\"modulo-texto-link\" class=\"paragraph\">Esta temporada, al igual que en 2009-2010, la epidemia de gripe ha despegado unas semanas antes de lo habitual. Y, tambi\u00e9n al igual que entonces, ha estado impulsada por la llegada de una cepa de virus de la gripe frente al que la poblaci\u00f3n ten\u00eda poca inmunidad.<\/p>\n<p data-gtm-element-container=\"modulo-texto-link\" class=\"paragraph\">La <a href=\"https:\/\/www.lavanguardia.com\/ciencia\/20251118\/11273649\/nueva-variante-virus-gripe-provoca-aumento-contagios.html\" rel=\"nofollow noopener\" target=\"_blank\">variante K del virus A(H3N2) <\/a>que predomina este a\u00f1o incorpora siete mutaciones respecto a los virus del subtipo A(H3N2) que han circulado en los \u00faltimos a\u00f1os. Esta inusual acumulaci\u00f3n de mutaciones sugiere que podr\u00eda haber aumentado su capacidad de contagio respecto a otras variantes del subtipo A(H3N2) que han circulado en las \u00faltimas temporadas.<\/p>\n<p data-gtm-element-container=\"modulo-texto-link\" class=\"paragraph\">No hay indicios de que la variante K cause m\u00e1s complicaciones graves que las variantes anteriores del virus A(H3N2). Pero el aumento de contagios ha comportado un aumento de hospitalizaciones. En la \u00faltima semana han sido hospitalizadas 111 personas por gripe en Catalunya, un 82% m\u00e1s que las 61 de la semana anterior.<\/p>\n","protected":false},"excerpt":{"rendered":"Los contagios de gripe se han situado en la \u00faltima semana en el nivel m\u00e1s alto de los&hellip;\n","protected":false},"author":2,"featured_media":280525,"comment_status":"","ping_status":"","sticky":false,"template":"","format":"standard","meta":{"footnotes":""},"categories":[8],"tags":[17,18,25,24,13,14,11,19,20,9,10,15,16,23,12,21,22],"class_list":{"0":"post-280524","1":"post","2":"type-post","3":"status-publish","4":"format-standard","5":"has-post-thumbnail","7":"category-espana","8":"tag-breaking-news","9":"tag-breakingnews","10":"tag-es","11":"tag-espana","12":"tag-featured-news","13":"tag-featurednews","14":"tag-headlines","15":"tag-latest-news","16":"tag-latestnews","17":"tag-news","18":"tag-noticias","19":"tag-noticias-destacadas","20":"tag-noticiasdestacadas","21":"tag-spain","22":"tag-titulares","23":"tag-ultimas-noticias","24":"tag-ultimasnoticias"},"share_on_mastodon":{"url":"https:\/\/pubeurope.com\/@es\/115693195741499876","error":""},"_links":{"self":[{"href":"https:\/\/www.europesays.com\/es\/wp-json\/wp\/v2\/posts\/280524","targetHints":{"allow":["GET"]}}],"collection":[{"href":"https:\/\/www.europesays.com\/es\/wp-json\/wp\/v2\/posts"}],"about":[{"href":"https:\/\/www.europesays.com\/es\/wp-json\/wp\/v2\/types\/post"}],"author":[{"embeddable":true,"href":"https:\/\/www.europesays.com\/es\/wp-json\/wp\/v2\/users\/2"}],"replies":[{"embeddable":true,"href":"https:\/\/www.europesays.com\/es\/wp-json\/wp\/v2\/comments?post=280524"}],"version-history":[{"count":0,"href":"https:\/\/www.europesays.com\/es\/wp-json\/wp\/v2\/posts\/280524\/revisions"}],"wp:featuredmedia":[{"embeddable":true,"href":"https:\/\/www.europesays.com\/es\/wp-json\/wp\/v2\/media\/280525"}],"wp:attachment":[{"href":"https:\/\/www.europesays.com\/es\/wp-json\/wp\/v2\/media?parent=280524"}],"wp:term":[{"taxonomy":"category","embeddable":true,"href":"https:\/\/www.europesays.com\/es\/wp-json\/wp\/v2\/categories?post=280524"},{"taxonomy":"post_tag","embeddable":true,"href":"https:\/\/www.europesays.com\/es\/wp-json\/wp\/v2\/tags?post=280524"}],"curies":[{"name":"wp","href":"https:\/\/api.w.org\/{rel}","templated":true}]}}