{"id":280544,"date":"2025-12-10T04:02:11","date_gmt":"2025-12-10T04:02:11","guid":{"rendered":"https:\/\/www.europesays.com\/es\/280544\/"},"modified":"2025-12-10T04:02:11","modified_gmt":"2025-12-10T04:02:11","slug":"peste-porcina-en-catalunya-en-directo","status":"publish","type":"post","link":"https:\/\/www.europesays.com\/es\/280544\/","title":{"rendered":"Peste porcina en Catalunya, en directo"},"content":{"rendered":"<p class=\"ft-text\">La comisi\u00f3n de Agricultura, Ganader\u00eda, Pesca y Alimentaci\u00f3n del Parlament ha aprobado este martes instar al Govern a reducir la \u00abcarga burocr\u00e1tica que soporta el sector porcino catal\u00e1n\u00bb, una propuesta de resoluci\u00f3n del PP, que reclama simplificar y agrupar tr\u00e1mites y eliminar procesos duplicados, as\u00ed como coordinar las inspecciones para evitar visitas reiteradas. La diputada del PP Eva Garc\u00eda ha defendido que la actividad del sector porcina es estrat\u00e9gica en Catalunya, por su aportaci\u00f3n al PIB agrario y por \u00ablas miles de familias que dependen de ella directamente e indirectamente\u00bb. Por ello, ha criticado la cantidad de \u00abnormativas dispersas, tr\u00e1mites redundantes y una digitalizaci\u00f3n mal gestionada\u00bb que asumen los ganaderos y que genera sanciones involuntarias y costes inasumibles, en sus palabras, y ha asegurado que hay unos 50 tr\u00e1mites que pueden simplificarse.<\/p>\n","protected":false},"excerpt":{"rendered":"La comisi\u00f3n de Agricultura, Ganader\u00eda, Pesca y Alimentaci\u00f3n del Parlament ha aprobado este martes instar al Govern a&hellip;\n","protected":false},"author":2,"featured_media":280545,"comment_status":"","ping_status":"","sticky":false,"template":"","format":"standard","meta":{"footnotes":""},"categories":[8],"tags":[17,18,1980,2125,25,24,13,14,11,19,20,9,10,15,16,65110,23,12,1529,21,22],"class_list":{"0":"post-280544","1":"post","2":"type-post","3":"status-publish","4":"format-standard","5":"has-post-thumbnail","7":"category-espana","8":"tag-breaking-news","9":"tag-breakingnews","10":"tag-cataluna","11":"tag-directo","12":"tag-es","13":"tag-espana","14":"tag-featured-news","15":"tag-featurednews","16":"tag-headlines","17":"tag-latest-news","18":"tag-latestnews","19":"tag-news","20":"tag-noticias","21":"tag-noticias-destacadas","22":"tag-noticiasdestacadas","23":"tag-peste-porcina","24":"tag-spain","25":"tag-titulares","26":"tag-ultima-hora","27":"tag-ultimas-noticias","28":"tag-ultimasnoticias"},"share_on_mastodon":{"url":"https:\/\/pubeurope.com\/@es\/115693285821900669","error":""},"_links":{"self":[{"href":"https:\/\/www.europesays.com\/es\/wp-json\/wp\/v2\/posts\/280544","targetHints":{"allow":["GET"]}}],"collection":[{"href":"https:\/\/www.europesays.com\/es\/wp-json\/wp\/v2\/posts"}],"about":[{"href":"https:\/\/www.europesays.com\/es\/wp-json\/wp\/v2\/types\/post"}],"author":[{"embeddable":true,"href":"https:\/\/www.europesays.com\/es\/wp-json\/wp\/v2\/users\/2"}],"replies":[{"embeddable":true,"href":"https:\/\/www.europesays.com\/es\/wp-json\/wp\/v2\/comments?post=280544"}],"version-history":[{"count":0,"href":"https:\/\/www.europesays.com\/es\/wp-json\/wp\/v2\/posts\/280544\/revisions"}],"wp:featuredmedia":[{"embeddable":true,"href":"https:\/\/www.europesays.com\/es\/wp-json\/wp\/v2\/media\/280545"}],"wp:attachment":[{"href":"https:\/\/www.europesays.com\/es\/wp-json\/wp\/v2\/media?parent=280544"}],"wp:term":[{"taxonomy":"category","embeddable":true,"href":"https:\/\/www.europesays.com\/es\/wp-json\/wp\/v2\/categories?post=280544"},{"taxonomy":"post_tag","embeddable":true,"href":"https:\/\/www.europesays.com\/es\/wp-json\/wp\/v2\/tags?post=280544"}],"curies":[{"name":"wp","href":"https:\/\/api.w.org\/{rel}","templated":true}]}}