{"id":280572,"date":"2025-12-10T04:32:14","date_gmt":"2025-12-10T04:32:14","guid":{"rendered":"https:\/\/www.europesays.com\/es\/280572\/"},"modified":"2025-12-10T04:32:14","modified_gmt":"2025-12-10T04:32:14","slug":"entre-los-fichajes-de-2026-oscar-onley-aun-no-ha-dicho-la-suya","status":"publish","type":"post","link":"https:\/\/www.europesays.com\/es\/280572\/","title":{"rendered":"Entre los fichajes de 2026, Oscar Onley a\u00fan no ha dicho la suya"},"content":{"rendered":"<p><img fetchpriority=\"high\" decoding=\"async\" class=\"aligncenter size-full wp-image-67398\" src=\"data:image\/svg+xml,%3Csvg%20xmlns=\" http:=\"\" alt=\"\" width=\"1025\" height=\"400\" data-lazy- data-lazy- data-lazy-src=\"https:\/\/www.europesays.com\/es\/wp-content\/uploads\/2025\/11\/anunci-generic-bla-1-1024x120-px-v3-02.jpg\"\/><\/p>\n<p>Entre los movimientos de invierno Oscar Onley a\u00fan no ha dicho la suya<\/p>\n<p>A un mes escaso del inicio de la temporada, el futuro de Oscar Onley sigue siendo uno de los temas m\u00e1s comentados del pelot\u00f3n.<\/p>\n<p>Tras el cuarto puesto en el Tour de Francia 2025, <strong>el escoc\u00e9s de 23 a\u00f1os ha despertado el inter\u00e9s de \u201c<a href=\"https:\/\/www.cyclingweekly.com\/racing\/probably-15-teams-have-reached-out-oscar-onley-says-his-future-is-up-in-the-air-amid-ineos-grenadiers-rumours\" target=\"_blank\" rel=\"noopener nofollow\">probablemente 15 equipos<\/a>\u201d, seg\u00fan sus propias palabras<\/strong>.<\/p>\n<p><a class=\"wppaslink\" href=\"https:\/\/joanseguidor.com\/pas\/ccmm-valenciana\/44016\/0\" target=\"_blank\" rel=\"nofollow noopener\"><img decoding=\"async\" src=\"data:image\/svg+xml,%3Csvg%20xmlns=\" http:=\"\" alt=\"CCMM Valenciana\" border=\"0\" data-lazy-src=\"https:\/\/www.europesays.com\/es\/wp-content\/uploads\/2025\/12\/1765341133_145_aralleida-hivern-970x250-crea2-es.jpg\"\/><\/a><\/p>\n<p>Su nombre ha sonado con fuerza en relaci\u00f3n a Ineos Grenadier -destino de Jack Haig-s, que llevan meses siguiendo sus pasos, aunque Picnic PostNL, su actual equipo, ha rechazado varias ofertas, formales e informales, para liberarlo de contrato.<\/p>\n<p>Por ahora, <strong>Onley figura en la lista de 2026 y se espera que se incorpore al stage de pretemporada en alg\u00fan sitio de las costas de Espa\u00f1a<\/strong>.<\/p>\n<p>El 2025 de Onley ha sido extraordinario.<\/p>\n<p>Adem\u00e1s del Tour, donde <strong>se convirti\u00f3 en una de las revelaciones<\/strong>, sus puntos UCI ayudaron a salvar a Picnic PostNL del descenso del WorldTour.<\/p>\n<p>A ello se suman <strong>una etapa ganada en Vuelta de Suiza<\/strong> y un tercer puesto final, as\u00ed como top-5 en el Santos Tour Down Under, UAE Tour y Tour of Britain.<\/p>\n<p>Todo esto ha consolidado su perfil como l\u00edder de futuro para grandes vueltas y un activo codiciado por equipos con mayor presupuesto.<\/p>\n<p>Su contrato con Picnic PostNL se extiende hasta 2027, pero las negociaciones para actualizarlo tras los \u00e9xitos de este a\u00f1o a\u00fan no han llegado a buen puerto.<\/p>\n<p>Onley ha sido claro: \u201cPara ahora s\u00ed, veremos\u2026 las cosas est\u00e1n un poco en el aire\u201d.<\/p>\n<p>Su agente, Eelco Berkout, prefiere no comentar, mientras la direcci\u00f3n del equipo mantiene una postura firme de momento.<\/p>\n<p>El historial de gesti\u00f3n de Onley en Picnic PostNL muestra c\u00f3mo la direcci\u00f3n de Iwan Spekenbrink ha sabido aprovechar el mercado de fichajes: <strong>Dumoulin, Kittel, Matthews o Hirschi dejaron el equipo antes de tiempo<\/strong> cuando surgieron oportunidades atractivas.<\/p>\n<p>Esto abre la puerta a que Onley tambi\u00e9n pueda salir si llega una oferta significativa, aunque implicar\u00eda perder a su l\u00edder de grandes vueltas y reorganizar la estrategia de puntos UCI en el pr\u00f3ximo ciclo WorldTour.<\/p>\n<p>El mercado de fichajes refleja esta tendencia: <strong>Evenepoel fue liberado para firmar con Red Bull-Bora-Hansgrohe por seis millones, Ayuso lleg\u00f3 a Lidl-Trek por diez<\/strong>.<\/p>\n<p>El mundo del ciclismo de alto nivel se ha convertido en un tablero de ajedrez donde el talento joven como Onley es moneda de cambio, pero tambi\u00e9n s\u00edmbolo de futuro.<\/p>\n<p>Mientras tanto, Oscar <strong>Onley contin\u00faa su pretemporada en Australia y define su calendario de 2026<\/strong> en el stage de diciembre, con la temporada arrancando en el Tour Down Under.<\/p>\n<p>Su talento, su ambici\u00f3n y su reciente irrupci\u00f3n en grandes vueltas convierten cada movimiento de su futuro en un asunto a seguir muy de cerca, tanto para equipos como para aficionados.<\/p>\n<p>Imagen: A.S.O.\/L\u2019Equipe\/Bernard Papon<\/p>\n<p><strong><a href=\"https:\/\/terresdelebre.travel\/cycling\/es\/deportivo\" target=\"_blank\" rel=\"noopener nofollow\"><img loading=\"lazy\" decoding=\"async\" class=\"aligncenter\" src=\"data:image\/svg+xml,%3Csvg%20xmlns=\" http:=\"\" alt=\"\" width=\"1024\" height=\"400\" data-lazy-src=\"https:\/\/www.europesays.com\/es\/wp-content\/uploads\/2025\/10\/1024x400-cicloturisme-joanseguidor.jpg\"\/><\/a><\/strong><\/p>\n","protected":false},"excerpt":{"rendered":"Entre los movimientos de invierno Oscar Onley a\u00fan no ha dicho la suya A un mes escaso del&hellip;\n","protected":false},"author":2,"featured_media":280573,"comment_status":"","ping_status":"","sticky":false,"template":"","format":"standard","meta":{"footnotes":""},"categories":[273],"tags":[313,312,168,25,24,2548,21731,23,167],"class_list":{"0":"post-280572","1":"post","2":"type-post","3":"status-publish","4":"format-standard","5":"has-post-thumbnail","7":"category-ciclismo","8":"tag-ciclismo","9":"tag-cycling","10":"tag-deportes","11":"tag-es","12":"tag-espana","13":"tag-featured","14":"tag-oscar-onley","15":"tag-spain","16":"tag-sports"},"share_on_mastodon":{"url":"https:\/\/pubeurope.com\/@es\/115693403718785652","error":""},"_links":{"self":[{"href":"https:\/\/www.europesays.com\/es\/wp-json\/wp\/v2\/posts\/280572","targetHints":{"allow":["GET"]}}],"collection":[{"href":"https:\/\/www.europesays.com\/es\/wp-json\/wp\/v2\/posts"}],"about":[{"href":"https:\/\/www.europesays.com\/es\/wp-json\/wp\/v2\/types\/post"}],"author":[{"embeddable":true,"href":"https:\/\/www.europesays.com\/es\/wp-json\/wp\/v2\/users\/2"}],"replies":[{"embeddable":true,"href":"https:\/\/www.europesays.com\/es\/wp-json\/wp\/v2\/comments?post=280572"}],"version-history":[{"count":0,"href":"https:\/\/www.europesays.com\/es\/wp-json\/wp\/v2\/posts\/280572\/revisions"}],"wp:featuredmedia":[{"embeddable":true,"href":"https:\/\/www.europesays.com\/es\/wp-json\/wp\/v2\/media\/280573"}],"wp:attachment":[{"href":"https:\/\/www.europesays.com\/es\/wp-json\/wp\/v2\/media?parent=280572"}],"wp:term":[{"taxonomy":"category","embeddable":true,"href":"https:\/\/www.europesays.com\/es\/wp-json\/wp\/v2\/categories?post=280572"},{"taxonomy":"post_tag","embeddable":true,"href":"https:\/\/www.europesays.com\/es\/wp-json\/wp\/v2\/tags?post=280572"}],"curies":[{"name":"wp","href":"https:\/\/api.w.org\/{rel}","templated":true}]}}