{"id":280578,"date":"2025-12-10T04:36:10","date_gmt":"2025-12-10T04:36:10","guid":{"rendered":"https:\/\/www.europesays.com\/es\/280578\/"},"modified":"2025-12-10T04:36:10","modified_gmt":"2025-12-10T04:36:10","slug":"la-confesion-de-victor-manuel-ante-un-dardo-de-ana-belen-solo-un-poquito-cuando-nos-conocimos-por-arrimar","status":"publish","type":"post","link":"https:\/\/www.europesays.com\/es\/280578\/","title":{"rendered":"La confesi\u00f3n de V\u00edctor Manuel ante un dardo de Ana Bel\u00e9n: \u00abSolo un poquito cuando nos conocimos. Por arrimar\u00bb"},"content":{"rendered":"<p><a class=\"v-mdl-ath__fig-a\" href=\"https:\/\/www.elcorreo.com\/autor\/gabriel-cuesta-2310.html\" title=\"Gabriel Cuesta\" rel=\"nofollow noopener\" target=\"_blank\"><br \/>\n<img decoding=\"async\" class=\"v-mdl-ath__img\" src=\"https:\/\/www.europesays.com\/es\/wp-content\/uploads\/2025\/09\/autor-2310-foto-2.jpeg\" alt=\"Gabriel Cuesta\"\/><br \/>\n<\/a><\/p>\n<p class=\"v-mdl-ath__p v-mdl-ath__p--6\">\nMartes, 9 de diciembre 2025, 22:54<\/p>\n<p>| Actualizado 23:00h.<\/p>\n<p class=\"v-p\">Juntos, pero no revueltos. Si Ana Bel\u00e9n y V\u00edctor Manuel acudieron por separado a &#8216;La Revuelta&#8217;, esta vez lo hicieron a la par. Ambos, una de las parejas m\u00e1s consolidadas entre el famoseo espa\u00f1ol, derrocharon complicidad y hasta se hicieron alguna que otra broma entre ellos ante un David Broncano que met\u00eda cu\u00f1a.<\/p>\n<p><a href=\"http:\/\/www.elcorreo.com\/gente-estilo\/broncano-vuelve-euskera-revuelta-suena-japones-20251209220614-nt.html#vtm_modulosEngag=mod-rel:gente-estilo:noticia:1:cmp:1-not\" class=\"v-a-link\" aria-label=\"Imagen\" rel=\"nofollow noopener\" target=\"_blank\"><\/p>\n<p><img decoding=\"async\" loading=\"lazy\" src=\"https:\/\/www.europesays.com\/es\/wp-content\/uploads\/2025\/12\/david-broncano-krJ--366x256@El Correo.JPG\" class=\"v-a-img\" width=\"258\" height=\"180\" alt=\"\" data-voc-vtm-id=\"in-text-traffic\"\/><\/p>\n<p><\/a><\/p>\n<p class=\"v-p\"> No fallaron en su regalo. Conjunto. \u00abVienen de Toledo\u00bb. Era una buena caja de mazapanes para todos. \u00ab\u00bfQu\u00e9 otra cosa pod\u00eda ser en estas fechas?\u00bb, se re\u00eda la cantante. \u00ab\u00a1Buen\u00edsimo!\u00bb, probaba Broncano antes de lanzarle otro a Grison para que lo cogiese con la boca. \u00abNo conviene. Luego voy a cantar\u00bb, rechazaba Ana. El asturiano com\u00eda \u00abcomo un demonio\u00bb. \u00abNo vas a cantar, eh\u00bb, se cachondeaba el humorista.<\/p>\n<p class=\"v-p\">A cambio, ellos se llevaron unos diplomas de que eran los \u00abaut\u00e9nticos V\u00edctor Manuel y Ana Bel\u00e9n\u00bb, una almohada doble y una camiseta tambi\u00e9n doble con dos cabezas para ir juntos por casa. \u00abPermite movilidad. Se pueden hacer cosas por la casa sin separarse mucho\u00bb, explicaba el c\u00f3mico. Fue Ana Bel\u00e9n la que centr\u00f3 la promoci\u00f3n. \u00abMe parec\u00eda ofensivo en la biograf\u00eda. Pon\u00eda conocida popularmente como &#8216;la novia de Espa\u00f1a&#8217; y &#8216;La musa de la Transici\u00f3n&#8217;. Y V\u00edctor Manuel conocido como &#8216;V\u00edctor Manuel&#8217;\u00bb, les comentaba el presentador. \u00ab\u00bfApodos? Me adjudiqu\u00e9 &#8216;La fuerza tranquila&#8217;. Me hice mi propia hoja de promoci\u00f3n\u00bb, apuntaba el cantautor. <\/p>\n<p class=\"v-p\">Broncano pregunt\u00f3 por conocidos como Miguel R\u00edos. \u00abMiguel est\u00e1 estupendo. Retir\u00e1ndose siempre\u00bb, explicaba V\u00edctor. \u00abHay que tocar a Serrat. \u00bfContesta al correo electr\u00f3nico?\u00bb, se preguntaba el presentador. Los invitados le instaron a ponerse en contacto con \u00e9l. \u00abEst\u00e1 a su bola. A ver obras&#8230;\u00bb, bromeaba el asturiano. Volviendo a la gira de Ana Bel\u00e9n, la cerrar\u00e1 en el Movistar Arena el 23 de diciembre con artistas invitados, entre ellos su pareja. Tuvo como gesto sortear algunas entradas entre el p\u00fablico, que volvi\u00f3 a pedirlas a coro. \u00abMe pongo nerviosa siempre. Sobre todo, esos segundos antes de salir\u00bb, desvelaba la cantante. Eso s\u00ed, no tiene man\u00edas ni ritual alguno. <\/p>\n<p class=\"v-p\">Acabaron hablando de baile a costa de una bachata que Ana Bel\u00e9n incluye en su repertorio. Y no dud\u00f3 en lanzar un dardo a su marido. \u00abNo hay nadie que baile peor que \u00e9l. Yo le digo &#8216;el oso asturiano&#8217;\u00bb, soltaba la madrile\u00f1a. Y el asturiano, que promocionaba su disco &#8216;Solo a solas conmigo&#8217;, confesaba: \u00abYo no bailo nunca. Solo un poquito cuando nos conocimos. Por arrimar\u00bb. <\/p>\n<p>Reporta un error<\/p>\n","protected":false},"excerpt":{"rendered":"Martes, 9 de diciembre 2025, 22:54 | Actualizado 23:00h. Juntos, pero no revueltos. Si Ana Bel\u00e9n y V\u00edctor&hellip;\n","protected":false},"author":2,"featured_media":280579,"comment_status":"","ping_status":"","sticky":false,"template":"","format":"standard","meta":{"footnotes":""},"categories":[174],"tags":[683,1575,67988,3848,255,24235,56173,14233,146,147,25,24,256,841,66035,1138,23,1780],"class_list":{"0":"post-280578","1":"post","2":"type-post","3":"status-publish","4":"format-standard","5":"has-post-thumbnail","7":"category-famosos","8":"tag-ana","9":"tag-ante","10":"tag-arrimar","11":"tag-belen","12":"tag-celebrities","13":"tag-confesion","14":"tag-conocimos","15":"tag-dardo","16":"tag-entertainment","17":"tag-entretenimiento","18":"tag-es","19":"tag-espana","20":"tag-famosos","21":"tag-manuel","22":"tag-poquito","23":"tag-solo","24":"tag-spain","25":"tag-victor"},"share_on_mastodon":{"url":"https:\/\/pubeurope.com\/@es\/115693419642369943","error":""},"_links":{"self":[{"href":"https:\/\/www.europesays.com\/es\/wp-json\/wp\/v2\/posts\/280578","targetHints":{"allow":["GET"]}}],"collection":[{"href":"https:\/\/www.europesays.com\/es\/wp-json\/wp\/v2\/posts"}],"about":[{"href":"https:\/\/www.europesays.com\/es\/wp-json\/wp\/v2\/types\/post"}],"author":[{"embeddable":true,"href":"https:\/\/www.europesays.com\/es\/wp-json\/wp\/v2\/users\/2"}],"replies":[{"embeddable":true,"href":"https:\/\/www.europesays.com\/es\/wp-json\/wp\/v2\/comments?post=280578"}],"version-history":[{"count":0,"href":"https:\/\/www.europesays.com\/es\/wp-json\/wp\/v2\/posts\/280578\/revisions"}],"wp:featuredmedia":[{"embeddable":true,"href":"https:\/\/www.europesays.com\/es\/wp-json\/wp\/v2\/media\/280579"}],"wp:attachment":[{"href":"https:\/\/www.europesays.com\/es\/wp-json\/wp\/v2\/media?parent=280578"}],"wp:term":[{"taxonomy":"category","embeddable":true,"href":"https:\/\/www.europesays.com\/es\/wp-json\/wp\/v2\/categories?post=280578"},{"taxonomy":"post_tag","embeddable":true,"href":"https:\/\/www.europesays.com\/es\/wp-json\/wp\/v2\/tags?post=280578"}],"curies":[{"name":"wp","href":"https:\/\/api.w.org\/{rel}","templated":true}]}}