{"id":280590,"date":"2025-12-10T04:48:16","date_gmt":"2025-12-10T04:48:16","guid":{"rendered":"https:\/\/www.europesays.com\/es\/280590\/"},"modified":"2025-12-10T04:48:16","modified_gmt":"2025-12-10T04:48:16","slug":"cancelan-la-rueda-de-prensa-con-maria-corina-machado-en-el-instituto-nobel-de-oslo","status":"publish","type":"post","link":"https:\/\/www.europesays.com\/es\/280590\/","title":{"rendered":"Cancelan la rueda de prensa con Mar\u00eda Corina Machado en el Instituto Nobel de Oslo"},"content":{"rendered":"\n<p> La rueda de prensa que la opositora venezolana <strong>Mar\u00eda Corona Machado <\/strong>ten\u00eda previsto dar este martes en el Instituto Nobel de Oslo, la v\u00edspera de recibir el <a href=\"https:\/\/www.elconfidencial.com\/mundo\/2025-10-10\/anuncio-premio-nobel-de-la-paz-2025_4222939\/\" target=\"_self\" rel=\"nofollow noopener\">premio de la Paz<\/a>, ha sido cancelada y no se puede en estos momentos prever c\u00f3mo y cu\u00e1ndo la exdiputada llegar\u00e1 a la capital noruega, dijo la organizaci\u00f3n.<\/p>\n<p>La conferencia de prensa \u00abno tendr\u00e1 lugar hoy\u00bb, dijo el portavoz del Instituto Nobel de Noruega, Erik Aasheim. \u00abLa propia Mar\u00eda Corina Machado ha declarado en entrevistas lo complicado que ser\u00e1 el viaje a Oslo. Por lo tanto, en este momento no podemos proporcionar m\u00e1s informaci\u00f3n sobre cu\u00e1ndo y c\u00f3mo llegar\u00e1 para la ceremonia del Premio Nobel de la Paz\u00bb, que se celebrar\u00e1 este mi\u00e9rcoles.<\/p>\n<p>La rueda de prensa, que inicialmente iba a tener lugar a las 12.00 GMT de este martes, fue <strong>primero pospuesta <\/strong>sin nueva hora prevista. Finalmente, ante las <strong>dificultades de la l\u00edder opositora para llegar<\/strong> a la capital noruega, el evento ha sido cancelado.<\/p>\n<p>La propia Machado, que vive en<strong> paradero desconocido<\/strong> en Venezuela, hab\u00eda confirmado hace unos d\u00edas al Instituto Nobel que viajar\u00eda a la capital noruega <a href=\"https:\/\/www.elconfidencial.com\/mundo\/2025-10-11\/premio-nobel-maria-corina-machado-1hms_4226428\/\" target=\"_self\" rel=\"nofollow noopener\">para recibir el premio<\/a>. <\/p>\n<p>                  <img decoding=\"async\" class=\"inTextNews__img\" alt=\"Foto: maria-corina-machado-lider-opositora-venezolana-gana-premio-nobel-paz-2025\" src=\"https:\/\/www.europesays.com\/es\/wp-content\/uploads\/2025\/12\/f.elconfidencial.com\/original\/1f0\/67e\/1e8\/1f067e1e8afdadf1e9f59dbd1740a2e5.jpg\"  \/>     <\/p>\n<p>TE PUEDE INTERESAR<\/p>\n<p>      <a class=\"inTextNews__title\" href=\"https:\/\/www.elconfidencial.com\/mundo\/2025-10-10\/maria-corina-machado-lider-opositora-venezolana-gana-premio-nobel-paz-2025_4225850\/\" onclick=\"window.ECCO.emit(&#039;amplitude&#039;, { dataEventName: &#039;click_related_article_module&#039;, data: { related_article_url: &#039;https:\/\/www.elconfidencial.com\/mundo\/2025-10-10\/maria-corina-machado-lider-opositora-venezolana-gana-premio-nobel-paz-2025_4225850\/&#039;, related_article_author: &#039;M\u00f3nica Mill\u00e1n Valera,Le\u00f3n V\u00e1zquez&#039;, related_article_section: &#039;mundo&#039; } })\" rel=\"nofollow noopener\" target=\"_blank\"> As\u00ed es Mar\u00eda Corina Machado, la l\u00edder opositora venezolana que ha ganado el Premio Nobel de la Paz 2025 <\/a>   <\/p>\n<p>    El Confidencial     L. V.   <\/p>\n<p> Este mismo martes, su hermana, <strong>Clara Machado Parisca<\/strong>, dijo en una entrevista desde Oslo con la emisora colombiana Blu Radio que la intenci\u00f3n de la premio Nobel es \u00abestar aqu\u00ed con nosotros\u00bb y por eso la est\u00e1n esperando \u00abcon fe de que va a llegar muy pronto\u00bbhttps:\/\/www.elconfidencial.com\/mundo\/2025-12-09\/maria-corina-machado-nobel-oslo-venezuela-cancelan_4263027\/.\u00bbSu deseo es estar ac\u00e1 y recoger el premio. Es lo que te puedo decir en este momento. No s\u00e9 m\u00e1s nada\u00bb, agreg\u00f3 la hermana, quien dijo no tener informaci\u00f3n de si la <a href=\"https:\/\/www.elconfidencial.com\/mundo\/2025-05-25\/oposicion-venezolana-comicios-division-1hms_4135176\/\" target=\"_self\" rel=\"nofollow noopener\">dirigente opositora<\/a> ya sali\u00f3 de Venezuela.<\/p>\n<p>En Oslo ya se encuentran tambi\u00e9n<strong> su madre<\/strong>, Corina Parisca, s<strong>u hermana y su hija<\/strong>, Ana Corina Sosa, que estar\u00e1 acompa\u00f1ada en la ceremonia por sus dos hermanos. \u00abEstamos ac\u00e1 por ella, para ella y con toda la convicci\u00f3n de que lo va a lograr y de que va a estar ac\u00e1 y va a recoger el premio\u00bb, agreg\u00f3 su hermana. <\/p>\n<p>              <img decoding=\"async\" class=\"inTextNews__img\" alt=\"Foto: maria-corina-machado-nobel-venezuela-1tps\" src=\"https:\/\/www.europesays.com\/es\/wp-content\/uploads\/2025\/12\/f.elconfidencial.com\/original\/229\/c44\/78a\/229c4478a2428d32bd05e7b544ec97d7.jpg\"  \/>     <\/p>\n<p>TE PUEDE INTERESAR<\/p>\n<p>      <a class=\"inTextNews__title\" href=\"https:\/\/www.elconfidencial.com\/espana\/madrid\/2025-12-06\/maria-corina-machado-nobel-venezuela-1tps_4261963\/\" onclick=\"window.ECCO.emit(&#039;amplitude&#039;, { dataEventName: &#039;click_related_article_module&#039;, data: { related_article_url: &#039;https:\/\/www.elconfidencial.com\/espana\/madrid\/2025-12-06\/maria-corina-machado-nobel-venezuela-1tps_4261963\/&#039;, related_article_author: &#039;Ana Chueca&#039;, related_article_section: &#039;madrid&#039; } })\" rel=\"nofollow noopener\" target=\"_blank\"> Cientos de venezolanos apoyan a Machado desde Madrid a pocos d\u00edas de la entrega del Nobel <\/a>   <\/p>\n<p>    EFE   <\/p>\n<p> Tambi\u00e9n se encuentra ya desde la v\u00edspera en Oslo el presidente de Panam\u00e1, <strong>Jos\u00e9 Ra\u00fal Mulino<\/strong>, quien se reuni\u00f3 con los familiares de Machado, mientras que estaba prevista la llegada este martes del presidente argentino, Javier Milei. Asimismo, Oslo espera la llegada del presidente de Ecuador, <strong>Daniel Noboa<\/strong>, y para el mi\u00e9rcoles la de su hom\u00f3logo paraguyo, <strong>Santiago Pe\u00f1a<\/strong>. <\/p>\n<p> El opositor venezolano <strong>Edmundo Gonz\u00e1lez Urrutia<\/strong>, candidato en las elecciones presidenciales del a\u00f1o pasado y exiliado en Espa\u00f1a desde septiembre de 2024, viaj\u00f3 tambi\u00e9n este martes a Oslo.  <\/p>\n<p> La rueda de prensa que la opositora venezolana <strong>Mar\u00eda Corona Machado <\/strong>ten\u00eda previsto dar este martes en el Instituto Nobel de Oslo, la v\u00edspera de recibir el <a href=\"https:\/\/www.elconfidencial.com\/mundo\/2025-10-10\/anuncio-premio-nobel-de-la-paz-2025_4222939\/\" target=\"_self\" rel=\"nofollow noopener\">premio de la Paz<\/a>, ha sido cancelada y no se puede en estos momentos prever c\u00f3mo y cu\u00e1ndo la exdiputada llegar\u00e1 a la capital noruega, dijo la organizaci\u00f3n.<\/p>\n<p>La conferencia de prensa \u00abno tendr\u00e1 lugar hoy\u00bb, dijo el portavoz del Instituto Nobel de Noruega, Erik Aasheim. \u00abLa propia Mar\u00eda Corina Machado ha declarado en entrevistas lo complicado que ser\u00e1 el viaje a Oslo. Por lo tanto, en este momento no podemos proporcionar m\u00e1s informaci\u00f3n sobre cu\u00e1ndo y c\u00f3mo llegar\u00e1 para la ceremonia del Premio Nobel de la Paz\u00bb, que se celebrar\u00e1 este mi\u00e9rcoles.<\/p>\n<p>La rueda de prensa, que inicialmente iba a tener lugar a las 12.00 GMT de este martes, fue <strong>primero pospuesta <\/strong>sin nueva hora prevista. Finalmente, ante las <strong>dificultades de la l\u00edder opositora para llegar<\/strong> a la capital noruega, el evento ha sido cancelado.<\/p>\n<p>La propia Machado, que vive en<strong> paradero desconocido<\/strong> en Venezuela, hab\u00eda confirmado hace unos d\u00edas al Instituto Nobel que viajar\u00eda a la capital noruega <a href=\"https:\/\/www.elconfidencial.com\/mundo\/2025-10-11\/premio-nobel-maria-corina-machado-1hms_4226428\/\" target=\"_self\" rel=\"nofollow noopener\">para recibir el premio<\/a>. <\/p>\n","protected":false},"excerpt":{"rendered":"La rueda de prensa que la opositora venezolana Mar\u00eda Corona Machado ten\u00eda previsto dar este martes en el&hellip;\n","protected":false},"author":2,"featured_media":280591,"comment_status":"","ping_status":"","sticky":false,"template":"","format":"standard","meta":{"footnotes":""},"categories":[42],"tags":[17,18,13,14,11,61,62,63,64,19,20,9,10,15,16,12,21,22,65,66,67],"class_list":{"0":"post-280590","1":"post","2":"type-post","3":"status-publish","4":"format-standard","5":"has-post-thumbnail","7":"category-internacional","8":"tag-breaking-news","9":"tag-breakingnews","10":"tag-featured-news","11":"tag-featurednews","12":"tag-headlines","13":"tag-internacional","14":"tag-international","15":"tag-international-news","16":"tag-internationalnews","17":"tag-latest-news","18":"tag-latestnews","19":"tag-news","20":"tag-noticias","21":"tag-noticias-destacadas","22":"tag-noticiasdestacadas","23":"tag-titulares","24":"tag-ultimas-noticias","25":"tag-ultimasnoticias","26":"tag-world","27":"tag-world-news","28":"tag-worldnews"},"share_on_mastodon":{"url":"https:\/\/pubeurope.com\/@es\/115693467145390056","error":""},"_links":{"self":[{"href":"https:\/\/www.europesays.com\/es\/wp-json\/wp\/v2\/posts\/280590","targetHints":{"allow":["GET"]}}],"collection":[{"href":"https:\/\/www.europesays.com\/es\/wp-json\/wp\/v2\/posts"}],"about":[{"href":"https:\/\/www.europesays.com\/es\/wp-json\/wp\/v2\/types\/post"}],"author":[{"embeddable":true,"href":"https:\/\/www.europesays.com\/es\/wp-json\/wp\/v2\/users\/2"}],"replies":[{"embeddable":true,"href":"https:\/\/www.europesays.com\/es\/wp-json\/wp\/v2\/comments?post=280590"}],"version-history":[{"count":0,"href":"https:\/\/www.europesays.com\/es\/wp-json\/wp\/v2\/posts\/280590\/revisions"}],"wp:featuredmedia":[{"embeddable":true,"href":"https:\/\/www.europesays.com\/es\/wp-json\/wp\/v2\/media\/280591"}],"wp:attachment":[{"href":"https:\/\/www.europesays.com\/es\/wp-json\/wp\/v2\/media?parent=280590"}],"wp:term":[{"taxonomy":"category","embeddable":true,"href":"https:\/\/www.europesays.com\/es\/wp-json\/wp\/v2\/categories?post=280590"},{"taxonomy":"post_tag","embeddable":true,"href":"https:\/\/www.europesays.com\/es\/wp-json\/wp\/v2\/tags?post=280590"}],"curies":[{"name":"wp","href":"https:\/\/api.w.org\/{rel}","templated":true}]}}