{"id":280594,"date":"2025-12-10T04:50:31","date_gmt":"2025-12-10T04:50:31","guid":{"rendered":"https:\/\/www.europesays.com\/es\/280594\/"},"modified":"2025-12-10T04:50:31","modified_gmt":"2025-12-10T04:50:31","slug":"un-elegido-de-zidane-pondra-a-prueba-al-real-madrid-de-xabi-alonso-en-la-copa-del-rey-talaverazo-seria-una-ilusion-tremenda-futbol","status":"publish","type":"post","link":"https:\/\/www.europesays.com\/es\/280594\/","title":{"rendered":"Un &#8216;elegido&#8217; de Zidane pondr\u00e1 a prueba al Real Madrid de Xabi Alonso en la Copa del Rey: \u00ab\u00bf&#8217;Talaverazo&#8217;? Ser\u00eda una ilusi\u00f3n tremenda\u00bb | F\u00fatbol"},"content":{"rendered":"<p><a href=\"https:\/\/cadenaser.com\/nacional\/2025\/12\/09\/talavera-real-madrid-guadalajara-barca-baleares-atleti-u-ourense-athletic-en-los-dieciseisavos-de-copa-conoce-todos-los-cruces-cadena-ser\/\" target=\"_blank\" rel=\"nofollow noopener\" title=\"https:\/\/cadenaser.com\/nacional\/2025\/12\/09\/talavera-real-madrid-guadalajara-barca-baleares-atleti-u-ourense-athletic-en-los-dieciseisavos-de-copa-conoce-todos-los-cruces-cadena-ser\/\">La suerte de la Copa del Rey<\/a> ha citado al Real Madrid a pocos kil\u00f3metros de casa. Talavera de la Reina ser\u00e1 el escenario la pr\u00f3xima semana de una cita nunca vista, puesto que el cuadro talaverano har\u00e1 frente por primera vez a unos madridistas que se estrenan as\u00ed en la competici\u00f3n. El Gordo ha ca\u00eddo en Talavera este martes y as\u00ed lo ha considerado incluso uno de sus pilares esta temporada, David Cuenca, quien en SER Deportivos ha detallado incluso las connotaciones especiales que implican para \u00e9l esta eliminatoria.<\/p>\n<p>M\u00e1s de media vida ha formado parte Cuenca de la familia del Real Madrid. Lleg\u00f3 al club hace 15 a\u00f1os, se convirti\u00f3 en amigo inseparable de una promesa con apellido ilustre como Theo Zidane e incluso se gan\u00f3 la confianza de Zizou para entrar en din\u00e1mica del primer equipo. No est\u00e1n saliendo las cosas de la mejor manera en su primera temporada lejos de la Casa Blanca, inmerso en una pelea por no descender a 2\u00aa RFEF que se ha complicado. Aun as\u00ed, en medio de este panorama, la Copa del rey ha devuelto la ilusi\u00f3n en el momento oportuno.<\/p>\n<p>\u00abSiendo canterano, al final tenia esa preferencia\u00bb, ha asegurado ante Pacoj\u00f3 en la antena de la SER en el plano personal, antes de poner sobre la mesa las emociones que se han desbordado en Talavera: \u00abEs la primera vez que el Real Madrid viene a un partido oficial a Talavera y nunca ha habido un partido tan medi\u00e1tico\u00bb, ha agregado, considerando este capricho del sorteo como un \u00abpremio\u00bb a su equipo.<\/p>\n<blockquote class=\"twitter-tweet\">\n<p lang=\"es\" dir=\"ltr\">\ud83d\udea8 OFICIAL | \ud835\uddd8\ud835\udde6\ud835\udde7\ud835\udde2\ud835\udde6 \ud835\udde6\ud835\udde2\ud835\udde1 \ud835\udddf\ud835\udde2\ud835\udde6 \ud835\uddd6\ud835\udde5\ud835\udde8\ud835\uddd6\ud835\uddd8\ud835\udde6 \ud835\uddd7\ud835\uddd8 \ud835\uddd7\ud835\udddc\ud835\uddd8\ud835\uddd6\ud835\udddc\ud835\udde6\ud835\uddd8\ud835\udddc\ud835\udde6\ud835\uddd4\ud835\udde9\ud835\udde2\ud835\udde6 \ud835\uddd7\ud835\uddd8 \ud835\uddd6\ud835\udde2\ud835\udde3\ud835\uddd4 \ud835\uddd7\ud835\uddd8\ud835\udddf \ud835\udde5\ud835\uddd8\ud835\uddec.<\/p>\n<p>Los encuentros, ya con los equipos de la Supercopa, se disputar\u00e1n entre el 16 y el 18 de diciembre.<a href=\"https:\/\/twitter.com\/hashtag\/CopaDelReyMAPFRE?src=hash&amp;ref_src=twsrc%5Etfw\" rel=\"nofollow noopener\" target=\"_blank\">#CopaDelReyMAPFRE<\/a> | <a href=\"https:\/\/twitter.com\/hashtag\/LaCopaMola?src=hash&amp;ref_src=twsrc%5Etfw\" rel=\"nofollow noopener\" target=\"_blank\">#LaCopaMola<\/a>\ud83c\udfc6 <a href=\"https:\/\/t.co\/az4PZbQacU\" rel=\"nofollow\">pic.twitter.com\/az4PZbQacU<\/a><\/p>\n<p>\u2014 RFEF (@rfef) <a href=\"https:\/\/twitter.com\/rfef\/status\/1998374425746632935?ref_src=twsrc%5Etfw\" rel=\"nofollow noopener\" target=\"_blank\">December 9, 2025<\/a><\/p><\/blockquote>\n<p>Para David Cuenca, adem\u00e1s, ser\u00e1 una eliminatoria de reencuentros. \u00abYo entr\u00e9 en el Real Madrid en 2010 y de los 15 a\u00f1os que he estado ah\u00ed hay compa\u00f1eros que ahora est\u00e1n en el primer equipo. En mi \u00faltimo a\u00f1o coincido con Ra\u00fal Asencio, Gonzalo, Fran Gonz\u00e1lez, anteriormente estuve con Carreras&#8230;\u00bb, ha recordado, anticip\u00e1ndose al intercambio de gui\u00f1os que a buen seguro tendr\u00e1 lugar en la previa del partido: \u00abA\u00fan no les he dicho nada, pero con Gonzalo y con Ra\u00fal todav\u00eda tengo muy buen relaci\u00f3n y seguro que les escribo para ver qu\u00e9 tal est\u00e1n y desearles suerte\u00bb, se ha sincerado.<\/p>\n<p>De &#8216;elegido&#8217; de Zizou a amenaza del Real Madrid<\/p>\n<p>Aunque le tocar\u00e1 jugar enfrente en los dieciseisavos de la Copa del Rey, David Cuenca ha echado la vista atr\u00e1s para hablar de c\u00f3mo le ha marcado el Real Madrid. Su camino de blanco toc\u00f3 su techo cuando el mism\u00edsimo Zinedine Zidane, a quien ya conoc\u00eda como padre de Theo Zidane, y as\u00ed lo ha rememorado en directo: \u00abEl primer d\u00eda yo iba muy nervioso, como es obvio. No sab\u00eda lo que me iba a esperar y nada mas llegar se acerc\u00f3 Zidane a decirme &#8216;\u00bfCuenca, qu\u00e9 tal?&#8217;. Eso ya te relaja y te da confianza\u00bb.<\/p>\n<p>Grato recuerdo guarda Cuenca de todos estos a\u00f1os, aunque su posici\u00f3n actual le obliga a convertirse en una amenaza para su exequipo. \u00ab\u00bf&#8217;Talaverazo&#8217;? Ojal\u00e1\u00bb, ha comentado al ser preguntado sobre su resultado de ensue\u00f1o para la Copa: \u00abMi corta carrera hasta ahora ha sido en el real Madrid, pero mi presente es el Talavera. Ser\u00eda una ilusi\u00f3n tremenda para nosotros y para la afici\u00f3n, que se lo merece porque la temporada liguera no est\u00e1 siendo nada f\u00e1cil\u00bb, ha cerrado en esta entrevista.<\/p>\n<p><script async src=\"https:\/\/platform.twitter.com\/widgets.js\" charset=\"utf-8\"><\/script><\/p>\n","protected":false},"excerpt":{"rendered":"La suerte de la Copa del Rey ha citado al Real Madrid a pocos kil\u00f3metros de casa. Talavera&hellip;\n","protected":false},"author":2,"featured_media":280595,"comment_status":"","ping_status":"","sticky":false,"template":"","format":"standard","meta":{"footnotes":""},"categories":[5],"tags":[17,18,25,24,13,14,11,19,20,9,10,15,16,23,12,21,22],"class_list":{"0":"post-280594","1":"post","2":"type-post","3":"status-publish","4":"format-standard","5":"has-post-thumbnail","7":"category-titulares","8":"tag-breaking-news","9":"tag-breakingnews","10":"tag-es","11":"tag-espana","12":"tag-featured-news","13":"tag-featurednews","14":"tag-headlines","15":"tag-latest-news","16":"tag-latestnews","17":"tag-news","18":"tag-noticias","19":"tag-noticias-destacadas","20":"tag-noticiasdestacadas","21":"tag-spain","22":"tag-titulares","23":"tag-ultimas-noticias","24":"tag-ultimasnoticias"},"share_on_mastodon":{"url":"https:\/\/pubeurope.com\/@es\/115693474484416853","error":""},"_links":{"self":[{"href":"https:\/\/www.europesays.com\/es\/wp-json\/wp\/v2\/posts\/280594","targetHints":{"allow":["GET"]}}],"collection":[{"href":"https:\/\/www.europesays.com\/es\/wp-json\/wp\/v2\/posts"}],"about":[{"href":"https:\/\/www.europesays.com\/es\/wp-json\/wp\/v2\/types\/post"}],"author":[{"embeddable":true,"href":"https:\/\/www.europesays.com\/es\/wp-json\/wp\/v2\/users\/2"}],"replies":[{"embeddable":true,"href":"https:\/\/www.europesays.com\/es\/wp-json\/wp\/v2\/comments?post=280594"}],"version-history":[{"count":0,"href":"https:\/\/www.europesays.com\/es\/wp-json\/wp\/v2\/posts\/280594\/revisions"}],"wp:featuredmedia":[{"embeddable":true,"href":"https:\/\/www.europesays.com\/es\/wp-json\/wp\/v2\/media\/280595"}],"wp:attachment":[{"href":"https:\/\/www.europesays.com\/es\/wp-json\/wp\/v2\/media?parent=280594"}],"wp:term":[{"taxonomy":"category","embeddable":true,"href":"https:\/\/www.europesays.com\/es\/wp-json\/wp\/v2\/categories?post=280594"},{"taxonomy":"post_tag","embeddable":true,"href":"https:\/\/www.europesays.com\/es\/wp-json\/wp\/v2\/tags?post=280594"}],"curies":[{"name":"wp","href":"https:\/\/api.w.org\/{rel}","templated":true}]}}