{"id":280610,"date":"2025-12-10T05:06:27","date_gmt":"2025-12-10T05:06:27","guid":{"rendered":"https:\/\/www.europesays.com\/es\/280610\/"},"modified":"2025-12-10T05:06:27","modified_gmt":"2025-12-10T05:06:27","slug":"talavera-real-madrid-y-guadalajara-barca-en-los-dieciseisavos-de-la-copa-del-rey","status":"publish","type":"post","link":"https:\/\/www.europesays.com\/es\/280610\/","title":{"rendered":"Talavera-Real Madrid y Guadalajara-Bar\u00e7a en los dieciseisavos de la Copa del Rey"},"content":{"rendered":"<p style=\"\"><strong\/>El sorteo de los dieciseisavos de final de la Copa del Rey 2025-2026 ha repartido el gordo entre Talavera de la Reina y Guadalajara, ya que el <strong>Real Madrid visitar\u00e1 el municipal El Prado<\/strong> y el<strong> FC Barcelona jugar\u00e1 en el Pedro <\/strong> &#8230; <strong>Escart\u00edn<\/strong>. El tercer representante de la regi\u00f3n, el Albacete Balompi\u00e9, se enfrentar\u00e1 al Celta de Vigo en el Carlos Belmonte.<\/p>\n<p class=\"voc-p\" style=\"\">En la Ciudad de la Cer\u00e1mica, la noticia se ha acogido con una alegr\u00eda desbordante, del mismo modo que en Guadalajara, donde la llegada del Barcelona se considera un <strong>acontecimiento hist\u00f3rico que los jugadores <\/strong>del D\u00e9por celebraban por todo lo alto.<\/p>\n<p class=\"voc-p\" style=\"\">La celebraci\u00f3n refleja la magnitud de estos emparejamientos, que <strong>trascienden lo estrictamente deportivo<\/strong> y suponen un impulso an\u00edmico, social y medi\u00e1tico para los clubes y sus ciudades.<\/p>\n<p class=\"voc-p\" style=\"\">Los encuentros ya tienen horario confirmado. <strong>El Deportivo Guadalajara-FC Barcelona se disputar\u00e1 el pr\u00f3ximo martes 16 a las 21 horas<\/strong> y ser\u00e1 televisado por Movistar+ mientras que el <strong>CF Talavera-Real Madrid se jugar\u00e1 el mi\u00e9rcoles 17, tambi\u00e9n a las 21 horas<\/strong> y ser\u00e1 retrasmitido en abierto por La 1 de Televisi\u00f3n Espa\u00f1ola. Asimismo, el Albacete Balompi\u00e9-Celta de Vigo se jugar\u00e1 tambi\u00e9n el pr\u00f3ximo mi\u00e9rcoles, pero a las 19 horas y ser\u00e1 emitido por Movistar+.<\/p>\n<p class=\"voc-p\" style=\"\">La expectaci\u00f3n que han generado los emparejamientos se dej\u00f3 notar de inmediato en Talavera, donde el capit\u00e1n del CF Talavera, Edu Gallardo, reconoci\u00f3 que para los jugadores blanquiazules ser\u00e1 un partido <strong>\u00abque no se nos va a olvidar nunca\u00bb. <\/strong><\/p>\n<p class=\"voc-p\" style=\"\">El futbolista expres\u00f3 la emoci\u00f3n del vestuario ante la visita del Real Madrid y asegur\u00f3 que para muchos jugadores este enfrentamiento supone<strong> \u00abuna emoci\u00f3n m\u00e1xima<\/strong>\u00bb. <strong>\u00abLa verdad que nunca te esperas poder jugar contra ellos\u00bb<\/strong>, ha asegurado.<\/p>\n<p class=\"voc-p\" style=\"\">Gallardo conf\u00eda en que la afici\u00f3n se vuelque con el equipo en una noche que ser\u00e1 hist\u00f3rica para la ciudad. Asimismo, el capit\u00e1n explic\u00f3 que la plantilla tratar\u00e1 de competir al m\u00e1ximo nivel. <strong>\u00abVamos a intentar ponerles las cosas lo m\u00e1s dif\u00edciles<\/strong> que podamos\u00bb, sentenciaba. <\/p>\n<p class=\"voc-p\" style=\"\">En clave m\u00e1s personal, Gallardo admiti\u00f3 que le gustar\u00eda intercambiar la camiseta con algunos de los referentes del conjunto blanco. <strong>\u00abMe gustar\u00eda la de Mbapp\u00e9 o la de Bellingham, la de Tchouam\u00e9ni\u00bb<\/strong>, dijo entre risas, reflejando la ilusi\u00f3n con la que viven el reto.<\/p>\n<p class=\"voc-p\" style=\"\">Por su parte, el Deportivo Guadalajara, tras conocerse el emparejamiento, anunciaba en sus redes sociales que \u00ab<strong>la prioridad para adquirir entrada ser\u00e1 siempre para las personas abonadas<\/strong> y en caso de haber disponibilidad, se habilitar\u00e1 entradas de no abonados\u00bb. Un aviso que ha disparado los abonos de media temporada. En unas horas, se han formalizado un millar de estos abonos.<\/p>\n","protected":false},"excerpt":{"rendered":"El sorteo de los dieciseisavos de final de la Copa del Rey 2025-2026 ha repartido el gordo entre&hellip;\n","protected":false},"author":2,"featured_media":280611,"comment_status":"","ping_status":"","sticky":false,"template":"","format":"standard","meta":{"footnotes":""},"categories":[93],"tags":[294,26156,2493,168,41373,25,24,6321,67994,205,9508,5330,23,167,67993],"class_list":{"0":"post-280610","1":"post","2":"type-post","3":"status-publish","4":"format-standard","5":"has-post-thumbnail","7":"category-deportes","8":"tag-adelanta","9":"tag-castillala","10":"tag-copa","11":"tag-deportes","12":"tag-dieciseisavos","13":"tag-es","14":"tag-espana","15":"tag-gordo","16":"tag-guadalajarabarca","17":"tag-madrid","18":"tag-mancha","19":"tag-rey","20":"tag-spain","21":"tag-sports","22":"tag-talaverareal"},"share_on_mastodon":{"url":"https:\/\/pubeurope.com\/@es\/115693537409952678","error":""},"_links":{"self":[{"href":"https:\/\/www.europesays.com\/es\/wp-json\/wp\/v2\/posts\/280610","targetHints":{"allow":["GET"]}}],"collection":[{"href":"https:\/\/www.europesays.com\/es\/wp-json\/wp\/v2\/posts"}],"about":[{"href":"https:\/\/www.europesays.com\/es\/wp-json\/wp\/v2\/types\/post"}],"author":[{"embeddable":true,"href":"https:\/\/www.europesays.com\/es\/wp-json\/wp\/v2\/users\/2"}],"replies":[{"embeddable":true,"href":"https:\/\/www.europesays.com\/es\/wp-json\/wp\/v2\/comments?post=280610"}],"version-history":[{"count":0,"href":"https:\/\/www.europesays.com\/es\/wp-json\/wp\/v2\/posts\/280610\/revisions"}],"wp:featuredmedia":[{"embeddable":true,"href":"https:\/\/www.europesays.com\/es\/wp-json\/wp\/v2\/media\/280611"}],"wp:attachment":[{"href":"https:\/\/www.europesays.com\/es\/wp-json\/wp\/v2\/media?parent=280610"}],"wp:term":[{"taxonomy":"category","embeddable":true,"href":"https:\/\/www.europesays.com\/es\/wp-json\/wp\/v2\/categories?post=280610"},{"taxonomy":"post_tag","embeddable":true,"href":"https:\/\/www.europesays.com\/es\/wp-json\/wp\/v2\/tags?post=280610"}],"curies":[{"name":"wp","href":"https:\/\/api.w.org\/{rel}","templated":true}]}}