{"id":280748,"date":"2025-12-10T07:27:12","date_gmt":"2025-12-10T07:27:12","guid":{"rendered":"https:\/\/www.europesays.com\/es\/280748\/"},"modified":"2025-12-10T07:27:12","modified_gmt":"2025-12-10T07:27:12","slug":"muere-robe-iniesta-fundador-de-extremoduro-y-figura-central-en-la-musica-espanola-a-los-63-anos-cultura","status":"publish","type":"post","link":"https:\/\/www.europesays.com\/es\/280748\/","title":{"rendered":"Muere Robe Iniesta, fundador de Extremoduro y figura central en la m\u00fasica espa\u00f1ola, a los 63 a\u00f1os | Cultura"},"content":{"rendered":"<p class=\"\">Robe Iniesta ha muerto. Y lo ha hecho de forma tan inesperada que cuesta enfrentarse hoy a cualquier texto sobre \u00e9l. Poco antes de las cuatro de la madrugada el manager del m\u00fasico extreme\u00f1o enviaba un texto a este periodista: \u201cNuestro Robe ha fallecido. Estamos rotos\u201d. Todav\u00eda no se saben las causas del fallecimiento. Ten\u00eda 63 a\u00f1os. <a href=\"https:\/\/elpais.com\/cultura\/2024-11-24\/robe-suspende-de-manera-indefinida-sus-ultimos-conciertos-tras-sus-problemas-de-salud-no-se-cuando-voy-a-estar-en-condiciones-hasta-siempre.html\" target=\"_self\" rel=\"nofollow noopener\" title=\"https:\/\/elpais.com\/cultura\/2024-11-24\/robe-suspende-de-manera-indefinida-sus-ultimos-conciertos-tras-sus-problemas-de-salud-no-se-cuando-voy-a-estar-en-condiciones-hasta-siempre.html\">Hace un a\u00f1o el cantante suspendi\u00f3 de manera<\/a> indefinida sus \u00faltimos conciertos en Madrid tras ser diagnosticado con \u201cun tromboembolismo pulmonar\u201d. <\/p>\n<p class=\"\">La \u00faltima vez que Iniesta fue entrevistado en EL PA\u00cdS, en mayo de 2024, cuando presentaba su imponente \u00faltimo disco, Se nos lleva el aire, la charla finaliz\u00f3 as\u00ed:<\/p>\n<p class=\"\"><b>P.<\/b> D\u00edgame si estos son los c\u00e1lculos que maneja: despu\u00e9s de esta gira de 2024 estar\u00e1 dos a\u00f1os desaparecido y luego 12 meses para componer. En la pr\u00f3xima gira, entonces, tendr\u00e1 66 o 67 a\u00f1os.<\/p>\n<p class=\"\"><b>R.<\/b> Uf. No s\u00e9 si ser\u00e1 esa edad, pero que en la pr\u00f3xima gira voy a tener muchos a\u00f1os, pues s\u00ed. Y, encima, algunos a\u00f1os de joven me cuentan como los a\u00f1os de perro [risas]. As\u00ed que en 2027 tendr\u00e9 ciento y pico a\u00f1os.<\/p>\n<p class=\"\"><a href=\"https:\/\/elpais.com\/cultura\/2024-05-24\/robe-iniesta-algunos-anos-de-joven-me-cuentan-como-los-anos-de-perro.html\" target=\"_self\" rel=\"nofollow noopener\" title=\"https:\/\/elpais.com\/cultura\/2024-05-24\/robe-iniesta-algunos-anos-de-joven-me-cuentan-como-los-anos-de-perro.html\">La trascendencia de Iniesta<\/a> en la m\u00fasica espa\u00f1ola es gigantesca. Un caso in\u00e9dito: alguien que viniendo del rock agreste fue conquistando terrenos hasta convertirse en un cl\u00e1sico respetado por todo el mundo. Sus letras, primero de exaltaci\u00f3n marginal en la incipiente etapa con Extremoduro y despu\u00e9s de una profunda carga filos\u00f3fica, se encuentran entre lo mejor del rock espa\u00f1ol de todos los tiempos. <\/p>\n<p class=\"\">\u201cHoy despedimos al \u00faltimo gran fil\u00f3sofo, al \u00faltimo gran humanista y literato contempor\u00e1neo de lengua hispana, y al cantante cuyas melod\u00edas han conseguido estremecer a generaciones y generaciones\u201d, expone el escrito de su representante. Desde primera hora de esta ma\u00f1ana cientos de mensajes est\u00e1n despidiendo al m\u00fasico extreme\u00f1o.<\/p>\n<p class=\"\">Hace unos meses Robe todav\u00eda segu\u00eda de \u201cmala leche\u201d por la suspensi\u00f3n de los conciertos de Madrid por el trombo pulmonar. En su cabeza ten\u00eda retomar los recitales para cerrar la que \u00e9l calific\u00f3 como \u201cla mejor gira de mi vida\u201d. <\/p>\n<p class=\"\">\u201cTodo el que ha tenido la suerte de trabajar con Robe, despu\u00e9s de hacerlo, reconoce ser mucho mejor profesional, y mucho mejor persona. Muy tristes por esta pronta despedida, pero igualmente agradecidos, a m\u00e1s no poder, de haber recibido un tesoro en forma de legado para seguir el camino que nos queda en la vida\u201d, se\u00f1ala el comunicado de Dromedario Records que ha anunciado su fallecimiento. <\/p>\n<p class=\"\">El \u00e9xito de Extremoduro pill\u00f3 a contrapi\u00e9 a la industria musical. Fue un fen\u00f3meno que se fragu\u00f3 en la calle, a base de conciertos y con el empuje de la gente, que ve\u00eda a Iniesta como el cantor de la marginalidad. Aqu\u00ed no exist\u00eda un soporte promocional. Fue una conquista calle por calle, garito por garito. \u201cRock transgresivo\u201d, lo defini\u00f3 el propio grupo. Robe consigui\u00f3 el dinero para grabar su primer disco con una versi\u00f3n callejera del <a href=\"https:\/\/retina.elpais.com\/retina\/2018\/03\/05\/tendencias\/1520265147_096831.html\" rel=\"nofollow noopener\" target=\"_blank\">crowdfunding<\/a>: vend\u00eda papeletas a los colegas por 1.000 pesetas a cambio del disco\u2026 cuando estuviera hecho. Lo grab\u00f3, entreg\u00f3 el \u00e1lbum a sus creyentes y, a partir de ah\u00ed, todo fue en ascenso.<\/p>\n<p class=\"\">Canciones como Jesucristo Garc\u00eda, La hoguera o Extremaydura, contenidas en el primer disco de Extremoduro (1989), mostraban a un letrista que dibujaba retratos de tipos a los que el sistema les hab\u00eda dado la espalda y las acompa\u00f1aba de m\u00fasica combativa que ligaba con el rock callejero espa\u00f1ol de la escuela de Le\u00f1o. \u201cEstuve cuatro a\u00f1os por ah\u00ed dando tumbos. Pero tumbos aut\u00e9nticos. Iba con mi bulldog \u2018Angelito\u2019 de ciudad en ciudad. A veces dorm\u00eda en casas de colegas y otras nos busc\u00e1bamos la vida\u201d. As\u00ed defini\u00f3 el m\u00fasico sus primeros a\u00f1os. <\/p>\n<p class=\"\">Pronto empieza la llamada etapa del caos, en los primeros noventa. Conciertos descontrolados, letras de canciones que se olvidan, perros en el escenario, demasiado alcohol y sustancias. El grupo viaja incluso con un camello. Su legado musical se va ampliando, con discos grabados con poco presupuesto, pero las canciones comienzan a tatuarse en la piel de los aficionados: Tu coraz\u00f3n, Deltoya, Ama, ama, ama y ensancha el alma (con letra del poeta de bar Manolo Chinato), Sin Dios ni amo&#8230; Robe cultiva su perfil ind\u00f3mito y paralelamente comienza a leer poes\u00eda. Su escritura gana en profundidad. <\/p>\n<p class=\"\"><a href=\"https:\/\/elpais.com\/cultura\/2022-04-17\/inaki-uoho-anton-el-arquitecto-del-sonido-extremoduro-tiene-muchas-cosas-que-contar.html\" target=\"_self\" rel=\"nofollow noopener\" title=\"https:\/\/elpais.com\/cultura\/2022-04-17\/inaki-uoho-anton-el-arquitecto-del-sonido-extremoduro-tiene-muchas-cosas-que-contar.html\">En su camino se cruza I\u00f1aki Uoho Ant\u00f3n,<\/a> miembro de Platero y T\u00fa. Ambos grupos se reconocen y ven que juntos pueden comandar un movimiento, el resurgir del rock urbano. Protagonizan varias giras juntos donde ya llenan pabellones. Uoho pasa a formar parte de Extremoduro y con su llegada el grupo se profesionaliza, su sonido mejora, sus discos se graban en condiciones. Agila (1996) supone un cambio total en Extremoduro: un disco de canciones soberbias, con las mejores letras de Iniesta y la cuidada producci\u00f3n de Uoho. Uno de sus sencillos, So payaso, vive en los primeros puestos de la lista de Los40, prueba clara de que Extremoduro ya ha conquistado a todo el mundo. <\/p>\n<p class=\"\">Robe hab\u00eda tenido un par de sustos con las sustancias y a finales de los noventa decide bajar el ritmo. Regresa con su pareja, de la que se hab\u00eda separado y con la que comparte dos hijos, y dosifica las drogas. \u201cDej\u00e9 la hero\u00edna mucho antes de empezar con Extremoduro\u2026 Le ech\u00e9 cojones y la dej\u00e9 solo. Mucha gente est\u00e1 empe\u00f1ada en decir que soy yonqui, pero no es verdad. Solo me pongo\u2026 lo normal. La droga no es mala. Los malos son los hombres y sus acciones. Es como si pegas un tiro a alguien y le echas la culpa a la bala\u201d, dijo a este peri\u00f3dico. <\/p>\n<p class=\"\">En esta \u00e9poca, Robe se entrega a la poes\u00eda y a la literatura de forma desordenada y compulsiva, Su paleta va desde los autores underground que encuentra en los bares (Sor Kampana, Chinato\u2026) a las referencias cl\u00e1sicas (Machado, Neruda, Miguel Hern\u00e1ndez\u2026). <a href=\"https:\/\/elpais.com\/diario\/1996\/04\/29\/cultura\/830728807_850215.html\" target=\"_self\" rel=\"nofollow noopener\" title=\"https:\/\/elpais.com\/diario\/1996\/04\/29\/cultura\/830728807_850215.html\">Despu\u00e9s de Agila Extremoduro<\/a> public\u00f3 cinco discos, todos relevantes, sobre todo La ley innata (2008), donde comienza a convertir su escritura en tratados filos\u00f3ficos.<\/p>\n<p class=\"\">El final de Extremoduro llega con el distanciamiento entre Robe e I\u00f1aki. Aquello que comenzaron como una fiesta creativa se ha convertido en una empresa. Grandes giras, presupuestos amplios, mucho que organizar, reuniones con abogados&#8230; Esta log\u00edstica supera a los dos amigos y su relaci\u00f3n se rompe. la \u00faltima gira de Extremoduro se la llev\u00f3 la pandemia. Robe prefiere centrarse en su carrera en solitario, que hab\u00eda comenzado en 2015 con Lo que aletea en nuestras cabezas, y la gira de Extremoduro queda aparcada definitivamente. <\/p>\n<p class=\"\">Sus dos \u00faltimos discos en solitario, May\u00e9utica (2021) y Se nos lleva el aire (2023), presenta a un escritor may\u00fasculo, un poeta sabio y en estado de gracia reflexionando sobre la transcendencia e intrascendencia del ser humano, ofreciendo soluciones para vivir felizmente en este mundo ef\u00edmero. Los versos de esa obra maestra que es <a href=\"https:\/\/www.youtube.com\/watch?v=HFIwMQkDR4I&amp;list=RDHFIwMQkDR4I&amp;start_radio=1\" target=\"_self\" rel=\"nofollow noopener\" title=\"https:\/\/www.youtube.com\/watch?v=HFIwMQkDR4I&amp;list=RDHFIwMQkDR4I&amp;start_radio=1\">El poder del arte<\/a> suenan hoy como un maravilloso recuerdo a un hombre que transform\u00f3 la vida de mucha gente: \u201cS\u00e9 que puede que ma\u00f1ana ya no nos quede nada y ya nada importe. \/ Voy alzando la mirada y casi no s\u00e9 de nada, Nada que importe. \/ Tal vez, si pudiera hablarte de si fuera cierto que el poder del arte bien nos pudiera salvar. \/ De una vida inerte, de una vida triste, de una mala muerte\u201d. <\/p>\n","protected":false},"excerpt":{"rendered":"Robe Iniesta ha muerto. Y lo ha hecho de forma tan inesperada que cuesta enfrentarse hoy a cualquier&hellip;\n","protected":false},"author":2,"featured_media":280749,"comment_status":"","ping_status":"","sticky":false,"template":"","format":"standard","meta":{"footnotes":""},"categories":[91],"tags":[209,146,147,25,24,7234,21388,185,724,1273,23],"class_list":{"0":"post-280748","1":"post","2":"type-post","3":"status-publish","4":"format-standard","5":"has-post-thumbnail","7":"category-entretenimiento","8":"tag-cultura","9":"tag-entertainment","10":"tag-entretenimiento","11":"tag-es","12":"tag-espana","13":"tag-extremadura","14":"tag-extremoduro","15":"tag-musica","16":"tag-obituarios","17":"tag-rock","18":"tag-spain"},"share_on_mastodon":{"url":"https:\/\/pubeurope.com\/@es\/115694092384732804","error":""},"_links":{"self":[{"href":"https:\/\/www.europesays.com\/es\/wp-json\/wp\/v2\/posts\/280748","targetHints":{"allow":["GET"]}}],"collection":[{"href":"https:\/\/www.europesays.com\/es\/wp-json\/wp\/v2\/posts"}],"about":[{"href":"https:\/\/www.europesays.com\/es\/wp-json\/wp\/v2\/types\/post"}],"author":[{"embeddable":true,"href":"https:\/\/www.europesays.com\/es\/wp-json\/wp\/v2\/users\/2"}],"replies":[{"embeddable":true,"href":"https:\/\/www.europesays.com\/es\/wp-json\/wp\/v2\/comments?post=280748"}],"version-history":[{"count":0,"href":"https:\/\/www.europesays.com\/es\/wp-json\/wp\/v2\/posts\/280748\/revisions"}],"wp:featuredmedia":[{"embeddable":true,"href":"https:\/\/www.europesays.com\/es\/wp-json\/wp\/v2\/media\/280749"}],"wp:attachment":[{"href":"https:\/\/www.europesays.com\/es\/wp-json\/wp\/v2\/media?parent=280748"}],"wp:term":[{"taxonomy":"category","embeddable":true,"href":"https:\/\/www.europesays.com\/es\/wp-json\/wp\/v2\/categories?post=280748"},{"taxonomy":"post_tag","embeddable":true,"href":"https:\/\/www.europesays.com\/es\/wp-json\/wp\/v2\/tags?post=280748"}],"curies":[{"name":"wp","href":"https:\/\/api.w.org\/{rel}","templated":true}]}}