{"id":280821,"date":"2025-12-10T08:37:13","date_gmt":"2025-12-10T08:37:13","guid":{"rendered":"https:\/\/www.europesays.com\/es\/280821\/"},"modified":"2025-12-10T08:37:13","modified_gmt":"2025-12-10T08:37:13","slug":"la-cita-solo-para-dos-que-dispara-los-rumores-de-romance","status":"publish","type":"post","link":"https:\/\/www.europesays.com\/es\/280821\/","title":{"rendered":"la cita &#8216;solo para dos&#8217; que dispara los rumores de romance"},"content":{"rendered":"<p id=\"eB2aEoN2SU\" data-wc=\"68\">\u00bfTenemos nueva pareja? <strong>Blanca Romero y Quique S\u00e1nchez Flores<\/strong> han desatado los rumores tras salir a la luz sus primeras fotos juntos. <a class=\"hm-link ho-link\" href=\"https:\/\/www.hola.com\/biografias\/blanca-romero\/\" data-mrf-recirculation=\"article-body-link\" rel=\"nofollow noopener\" target=\"_blank\">La actriz y modelo asturiana<\/a>, de 49 a\u00f1os, y el entrenador y exfutbolista, de 60, se dejaron ver muy c\u00f3mplices disfrutando de una cita en la capital que empez\u00f3 con una cena y acab\u00f3 con un espect\u00e1culo de flamenco, tal y como recoge la revista Lecturas.\u00a0<\/p>\n<p> <img src=\"https:\/\/www.europesays.com\/es\/wp-content\/uploads\/2025\/12\/467cea1a4c5b-dlu586914084.jpg\"   width=\"1024\" height=\"682\" loading=\"lazy\" decoding=\"async\" alt=\"Quique Sanchez Flores en la boda de su hija Patricia Sanchez Flores y Javier Millet en Javea el 28 de junio de 2025\" fetchpriority=\"auto\" class=\"image ho-image\"\/>\u00a9 GTRESQuique Sanchez Flores en la boda de su hija Patricia en J\u00e1vea el pasado 28 de junio<\/p>\n<p id=\"ewybAGbjs1a\" data-wc=\"82\">La velada \u00absolo para dos\u00bb de Blanca y el que fuera entrenador del Valencia, el Atl\u00e9tico de Madrid, el Getafe y el Sevilla comenz\u00f3 en el restaurante Chez Madrid, en pleno centro, y despu\u00e9s se fueron paseando hasta su siguiente destino mientras charlaban y se re\u00edan. Ambos acudieron a un tablao flamenco donde se disfrutaron y se les pudo ver muy c\u00f3mplices. Adem\u00e1s, seg\u00fan apunta la citada revista, <strong>coincidieron con Canales Rivera, primo de Cayetano Rivera<\/strong>, el que fuera marido de Blanca.<\/p>\n<p> <img src=\"https:\/\/www.europesays.com\/es\/wp-content\/uploads\/2025\/12\/cc1517dfd6dd-dlu588303027.jpg\"   width=\"682\" height=\"1024\" loading=\"lazy\" decoding=\"async\" alt=\"Blanca Romero en el estreno de su nueva serie Pura Sanhre en Madrid el 23 de julio de 2025\" fetchpriority=\"auto\" class=\"image ho-image\"\/>\u00a9 GTRESBlanca Romero en el estreno de su nueva serie &#8216;Pura Sangre&#8217; en Madrid en julio<\/p>\n<p id=\"eGF8I8rHL5c\" data-wc=\"108\">Precisamente hace unas horas, <a class=\"hm-link ho-link\" href=\"https:\/\/www.hola.com\/actualidad\/20251116867762\/blanca-romero-bailando-con-las-estrellas-sobre-cayetano-rivera-y-detalles-del-juicio-por-accidente\/\" data-mrf-recirculation=\"article-body-link\" rel=\"nofollow noopener\" target=\"_blank\">la concursante de Bailando con las estrellas<\/a> fue preguntada por los periodistas si estaba ilusionada en el amor, respondi\u00f3: \u00ab<strong>No lo s\u00e9, los pedir\u00e9 para Navidad, a ver si hay suerte<\/strong>\u00ab. Blanca a\u00f1adi\u00f3 que ya est\u00e1 preparando las vacaciones navide\u00f1as y que se vuelve a su tierra, Asturias. \u00abVoy a echar de menos Madrid, vuelvo al monte. Vengo a despedirme a lo grande, con una noche flamenca\u00bb, asegur\u00f3 en el estreno del espect\u00e1culo Pura verdad en el Teatro Gran V\u00eda de Madrid. \u00ab<strong>Esta noche lo voy a dar todo. Son todos amigos y ver a la gente hace a\u00f1os que no veo<\/strong>\u00ab, dijo emocionada.<\/p>\n<p> <img src=\"https:\/\/www.europesays.com\/es\/wp-content\/uploads\/2025\/12\/451b846bd1bc-dlu590129051.jpg\"   width=\"1080\" height=\"1080\" loading=\"lazy\" decoding=\"async\" alt=\"Blanca Romero en el photocall de &quot;Bailando con las estrellas&quot; \" fetchpriority=\"auto\" class=\"image ho-image\"\/>\u00a9 GTRES\u00bfEst\u00e1 de nuevo enamorada Blanca Romero?<br \/>\nEl mensaje de Blanca Romero en redes<\/p>\n<p id=\"ea2kihnEO-\" data-wc=\"87\">Ahora todas las miradas est\u00e1n puestas en sus pr\u00f3ximos pasos tras hacerse p\u00fablicas sus fotos con el hijo de Carmen Flores, hermana de la recordada Lola Flores y, por tanto, primo hermano de Lolita y Rosario Flores. De hecho, ha cobrado sentido un mensaje que la actriz public\u00f3 hace unas horas en el que comparti\u00f3 una reflexi\u00f3n llena de significado: \u00ab<strong>La vida cambia cuando la compartes con alguien que te impulsa hacia tus valores, no hacia tus inseguridades<\/strong>\u00ab. \u00bfEstar\u00e1 refiri\u00e9ndose a su relaci\u00f3n con Quique S\u00e1nchez Flores?<\/p>\n<p> <img src=\"https:\/\/www.europesays.com\/es\/wp-content\/uploads\/2025\/12\/2774d87c1cf6-dlu389745009.jpg\"   width=\"1024\" height=\"731\" loading=\"lazy\" decoding=\"async\" alt=\"Quique Sanchez Flores\" fetchpriority=\"auto\" class=\"image ho-image\"\/>\u00a9 GTRESQuique S\u00e1nchez Flores podr\u00eda haberle devuelto la ilusi\u00f3n<\/p>\n<p> <img src=\"https:\/\/www.europesays.com\/es\/wp-content\/uploads\/2025\/12\/7aece995b9fe-dlu5957620111.jpg\"   width=\"1024\" height=\"682\" loading=\"lazy\" decoding=\"async\" alt=\"Blanca Romero en un evento en Madrid el 27 de noviembre de 2025\" fetchpriority=\"auto\" class=\"image ho-image\"\/>\u00a9 GTRESBlanca, en un evento en Madrid el pasado 27 de noviembre<br \/>\n\u00abHace muchos a\u00f1os que nadie me atrae\u00bb<\/p>\n<p data-wc=\"98\" id=\"ezgUXm2KaJ\">Esas fueron las palabras de la actriz en una de sus \u00faltimas entrevistas con \u00a1HOLA!. La actriz y modelo nacida en Gij\u00f3n (Asturias), nos confesaba que por el momento <a class=\"hm-link ho-link\" href=\"https:\/\/www.hola.com\/actualidad\/20250404823754\/blanca-romero-confesiones-hija-lucia-rivera-hace-muchos-anyos-nadie-me-atrae\/\" data-mrf-recirculation=\"article-body-link\" rel=\"nofollow noopener\" target=\"_blank\">no hab\u00eda encontrado \u00aba la persona a mi medida\u00bb <\/a>y que no le apetec\u00eda especialmente enamorarse. \u00abHasta que Mart\u00edn no sea totalmente independiente&#8230;\u00bb, nos dec\u00eda haciendo referencia a su hijo peque\u00f1o. La protagonista de la serie Pura sangre tiene claro que \u00ab<strong>soy alma libre y funciono mejor sola<\/strong>\u00bb y, al preguntarle qu\u00e9 tiene que tener la persona que le conquiste, aseguraba: \u00abQue me haga re\u00edr. Con eso me vale\u00bb.<\/p>\n","protected":false},"excerpt":{"rendered":"\u00bfTenemos nueva pareja? Blanca Romero y Quique S\u00e1nchez Flores han desatado los rumores tras salir a la luz&hellip;\n","protected":false},"author":2,"featured_media":280822,"comment_status":"","ping_status":"","sticky":false,"template":"","format":"standard","meta":{"footnotes":""},"categories":[91],"tags":[517,1269,146,147,25,24,23],"class_list":{"0":"post-280821","1":"post","2":"type-post","3":"status-publish","4":"format-standard","5":"has-post-thumbnail","7":"category-entretenimiento","8":"tag-actualidad","9":"tag-blanca-romero","10":"tag-entertainment","11":"tag-entretenimiento","12":"tag-es","13":"tag-espana","14":"tag-spain"},"share_on_mastodon":{"url":"https:\/\/pubeurope.com\/@es\/115694367651412202","error":""},"_links":{"self":[{"href":"https:\/\/www.europesays.com\/es\/wp-json\/wp\/v2\/posts\/280821","targetHints":{"allow":["GET"]}}],"collection":[{"href":"https:\/\/www.europesays.com\/es\/wp-json\/wp\/v2\/posts"}],"about":[{"href":"https:\/\/www.europesays.com\/es\/wp-json\/wp\/v2\/types\/post"}],"author":[{"embeddable":true,"href":"https:\/\/www.europesays.com\/es\/wp-json\/wp\/v2\/users\/2"}],"replies":[{"embeddable":true,"href":"https:\/\/www.europesays.com\/es\/wp-json\/wp\/v2\/comments?post=280821"}],"version-history":[{"count":0,"href":"https:\/\/www.europesays.com\/es\/wp-json\/wp\/v2\/posts\/280821\/revisions"}],"wp:featuredmedia":[{"embeddable":true,"href":"https:\/\/www.europesays.com\/es\/wp-json\/wp\/v2\/media\/280822"}],"wp:attachment":[{"href":"https:\/\/www.europesays.com\/es\/wp-json\/wp\/v2\/media?parent=280821"}],"wp:term":[{"taxonomy":"category","embeddable":true,"href":"https:\/\/www.europesays.com\/es\/wp-json\/wp\/v2\/categories?post=280821"},{"taxonomy":"post_tag","embeddable":true,"href":"https:\/\/www.europesays.com\/es\/wp-json\/wp\/v2\/tags?post=280821"}],"curies":[{"name":"wp","href":"https:\/\/api.w.org\/{rel}","templated":true}]}}