{"id":280859,"date":"2025-12-10T09:13:16","date_gmt":"2025-12-10T09:13:16","guid":{"rendered":"https:\/\/www.europesays.com\/es\/280859\/"},"modified":"2025-12-10T09:13:16","modified_gmt":"2025-12-10T09:13:16","slug":"serge-ibaka-todavia-no-se-ha-retirado","status":"publish","type":"post","link":"https:\/\/www.europesays.com\/es\/280859\/","title":{"rendered":"Serge Ibaka todav\u00eda no se ha retirado"},"content":{"rendered":"<p class=\"\"><b>Serge Ibaka est\u00e1 sin equipo pero todav\u00eda piensa en jugar al baloncesto<\/b>. El interior espa\u00f1ol de origen congole\u00f1o, de 36 a\u00f1os, mantiene la forma f\u00edsica de competici\u00f3n con el Levallois Metropolitans, equipo que ahora est\u00e1 en la tercera divisi\u00f3n de Francia y con el que est\u00e1 entrenando. <\/p>\n<p class=\"\"><b>Ibaka regres\u00f3 a Europa en 2023 despu\u00e9s de casi tres lustros en la NBA<\/b>. Jug\u00f3 una buena temporada con el Bayern de M\u00fanich y despu\u00e9s<a href=\"https:\/\/as.com\/baloncesto\/acb\/ibaka-regresa-al-real-madrid-n\/\" target=\"_self\" rel=\"nofollow noopener\" title=\"https:\/\/as.com\/baloncesto\/acb\/ibaka-regresa-al-real-madrid-n\/\"> firm\u00f3, en el verano de 2024, con un Real Madrid que intent\u00f3 redefinir su juego interior <\/a>tras <a href=\"https:\/\/as.com\/baloncesto\/acb\/el-encaje-interior-del-real-madrid-con-tavares-y-sin-poirier-n\/\" target=\"_self\" rel=\"nofollow noopener\" title=\"https:\/\/as.com\/baloncesto\/acb\/el-encaje-interior-del-real-madrid-con-tavares-y-sin-poirier-n\/\">las salidas de Vincent Poirier y Guerschon Yabusele<\/a>. Su temporada en el equipo blanco, con un comienzo correcto pero un final en el que jug\u00f3 poco y <a href=\"https:\/\/as.com\/baloncesto\/acb\/ibaka-medita-irse-del-real-madrid-n\/\" target=\"_self\" rel=\"nofollow noopener\" title=\"https:\/\/as.com\/baloncesto\/acb\/ibaka-medita-irse-del-real-madrid-n\/\">naveg\u00f3 entre rumores de salida cuando el club apost\u00f3 por Bruno Fernando<\/a>, que <a href=\"https:\/\/as.com\/baloncesto\/acb\/por-que-bruno-fernando-no-ha-funcionado-en-el-madrid-f202510-n\/\" target=\"_self\" rel=\"nofollow noopener\" title=\"https:\/\/as.com\/baloncesto\/acb\/por-que-bruno-fernando-no-ha-funcionado-en-el-madrid-f202510-n\/\">tampoco ech\u00f3 ra\u00edces en Madrid y ahora est\u00e1 en el Partiz\u00e1n<\/a>, acab\u00f3 siendo decepcionante. Cuando termin\u00f3, con el buen sabor de boca del t\u00edtulo de Liga, <b>Ibaka se qued\u00f3 sin equipo. <\/b><\/p>\n<p class=\"\">As\u00ed que ahora Ibaka espera una oportunidad interesante en el mercado y entrena con, curiosamente, <a href=\"https:\/\/as.com\/baloncesto\/euroliga\/por-que-wembanyama-se-ha-apartado-de-la-euroliga-n\/\" target=\"_self\" rel=\"nofollow noopener\" title=\"https:\/\/as.com\/baloncesto\/euroliga\/por-que-wembanyama-se-ha-apartado-de-la-euroliga-n\/\">la nueva versi\u00f3n del equipo que us\u00f3 Victor Wembanyama como trampol\u00edn para la NBA<\/a>. El fen\u00f3meno franc\u00e9s pas\u00f3 en el Metropolitans la temporada 2022-23, ya que opt\u00f3 por salir del ASVEL y del \u00e1mbito Euroliga para <b>seguir una preparaci\u00f3n mucho m\u00e1s personalizada y enfocada al trabajo pensando en el draft y la NBA. <\/b>Entonces, el club parisino estaba en la m\u00e1xima categor\u00eda del baloncesto franc\u00e9s, la LNB. De hecho, jug\u00f3 la final por el t\u00edtulo, contra el M\u00f3naco, antes de que wemby diera el salto a EE UU. Un a\u00f1o despu\u00e9s, cerr\u00f3 la temporada 2023-24 como colista, <b>descendi\u00f3 a la Pro B y afront\u00f3 la desaparici\u00f3n por su situaci\u00f3n econ\u00f3mica. <\/b><\/p>\n<p>Noticias relacionadas<a href=\"https:\/\/as.com\/baloncesto\/bruno-fernando-debut-discreto-en-el-partizan-f202510-n\/\" class=\"s_m_w\" title=\"El p\u00edvot angole\u00f1o acab\u00f3 con 6 puntos y 3 rebotes en la derrota de su equipo frente al Hapoel Tel Aviv.\" data-tb-link=\"\" rel=\"nofollow noopener\" target=\"_blank\"><img decoding=\"async\" src=\"https:\/\/img.asmedia.epimg.net\/resizer\/v2\/QZA7MOQMMFFQVDUXDEAAQL2XNQ.jpg?auth=99ca406bd4cdd74450cffbea68176cc2f193a204862753c19397307863b5567d&amp;width=240&amp;height=240&amp;focal=402%2C18\" alt=\"Bruno Fernando, debut discreto en el Partiz\u00e1n\" class=\"\" height=\"9\" width=\"16\"   loading=\"lazy\" data-tb-thumbnail=\"\"\/><\/a><a href=\"https:\/\/as.com\/baloncesto\/acb\/por-que-bruno-fernando-no-ha-funcionado-en-el-madrid-f202510-n\/\" class=\"s_m_w\" title=\"La salida del p\u00edvot angole\u00f1o cierra un matrimonio con el club blanco que apenas ha durado nueve meses y ninguna temporada completa. \" data-tb-link=\"\" rel=\"nofollow noopener\" target=\"_blank\"><img decoding=\"async\" src=\"https:\/\/img.asmedia.epimg.net\/resizer\/v2\/T4JEBQOTBF6QWXSOR6UQWIWTV4.JPG?auth=78f930170392ecdf92d37f0022d420f4e242f8ca896dffc85a962ff7bd219a87&amp;width=240&amp;height=240&amp;focal=583%2C125\" alt=\"\u00bfPor qu\u00e9 Bruno Fernando no ha funcionado en el Real Madrid?\" class=\"\" height=\"9\" width=\"16\"   loading=\"lazy\" data-tb-thumbnail=\"\"\/><\/a><\/p>\n<p class=\"\">Los intentos de salvar el club no fructificaron, as\u00ed que los inversores que lo hab\u00edan intentado optaron por la refundaci\u00f3n haci\u00e9ndose con el Levallois Blue Steelers y <b>reconvirti\u00e9ndolo en Metropolitans Basketball Club, en la tercera divisi\u00f3n francesa<\/b>. Desde ah\u00ed espera regresar a la elite.<\/p>\n<p class=\"\"><b>\u00a1Tus opiniones importan!<\/b> Comenta en los art\u00edculos y suscr\u00edbete gratis a nuestra <a href=\"https:\/\/asfan.as.com\/newsletters\/\" target=\"_blank\" rel=\"nofollow noopener\" title=\"https:\/\/asfan.as.com\/newsletters\/\">newsletter<\/a> y a las alertas informativas en la <a href=\"https:\/\/as.com\/aplicacion-de-as-n\/\" target=\"_blank\" rel=\"nofollow noopener\" title=\"https:\/\/as.com\/aplicacion-de-as-n\/\">App<\/a> o el canal de <a href=\"https:\/\/www.whatsapp.com\/channel\/0029VaAasdA7j6g745nz9M10\" target=\"_blank\" rel=\"nofollow noopener\" title=\"https:\/\/www.whatsapp.com\/channel\/0029VaAasdA7j6g745nz9M10\">WhatsApp<\/a>. \u00bfBuscas licenciar contenido? Haz clic <a href=\"https:\/\/profesional.elpais.com\/soluciones-sindicacion?utm_medium=interno&amp;utm_source=crosslinking&amp;utm_campaign=sindicacion_as_pie_articulos\" target=\"_blank\" rel=\"nofollow noopener\" title=\"https:\/\/profesional.elpais.com\/soluciones-sindicacion?utm_medium=interno&amp;utm_source=crosslinking&amp;utm_campaign=sindicacion_as_pie_articulos\">aqu\u00ed<\/a><\/p>\n","protected":false},"excerpt":{"rendered":"Serge Ibaka est\u00e1 sin equipo pero todav\u00eda piensa en jugar al baloncesto. El interior espa\u00f1ol de origen congole\u00f1o,&hellip;\n","protected":false},"author":2,"featured_media":280860,"comment_status":"","ping_status":"","sticky":false,"template":"","format":"standard","meta":{"footnotes":""},"categories":[269],"tags":[299,298,168,25,24,23,167],"class_list":{"0":"post-280859","1":"post","2":"type-post","3":"status-publish","4":"format-standard","5":"has-post-thumbnail","7":"category-baloncesto","8":"tag-baloncesto","9":"tag-basketball","10":"tag-deportes","11":"tag-es","12":"tag-espana","13":"tag-spain","14":"tag-sports"},"share_on_mastodon":{"url":"https:\/\/pubeurope.com\/@es\/115694509393065078","error":""},"_links":{"self":[{"href":"https:\/\/www.europesays.com\/es\/wp-json\/wp\/v2\/posts\/280859","targetHints":{"allow":["GET"]}}],"collection":[{"href":"https:\/\/www.europesays.com\/es\/wp-json\/wp\/v2\/posts"}],"about":[{"href":"https:\/\/www.europesays.com\/es\/wp-json\/wp\/v2\/types\/post"}],"author":[{"embeddable":true,"href":"https:\/\/www.europesays.com\/es\/wp-json\/wp\/v2\/users\/2"}],"replies":[{"embeddable":true,"href":"https:\/\/www.europesays.com\/es\/wp-json\/wp\/v2\/comments?post=280859"}],"version-history":[{"count":0,"href":"https:\/\/www.europesays.com\/es\/wp-json\/wp\/v2\/posts\/280859\/revisions"}],"wp:featuredmedia":[{"embeddable":true,"href":"https:\/\/www.europesays.com\/es\/wp-json\/wp\/v2\/media\/280860"}],"wp:attachment":[{"href":"https:\/\/www.europesays.com\/es\/wp-json\/wp\/v2\/media?parent=280859"}],"wp:term":[{"taxonomy":"category","embeddable":true,"href":"https:\/\/www.europesays.com\/es\/wp-json\/wp\/v2\/categories?post=280859"},{"taxonomy":"post_tag","embeddable":true,"href":"https:\/\/www.europesays.com\/es\/wp-json\/wp\/v2\/tags?post=280859"}],"curies":[{"name":"wp","href":"https:\/\/api.w.org\/{rel}","templated":true}]}}