{"id":280880,"date":"2025-12-10T09:39:25","date_gmt":"2025-12-10T09:39:25","guid":{"rendered":"https:\/\/www.europesays.com\/es\/280880\/"},"modified":"2025-12-10T09:39:25","modified_gmt":"2025-12-10T09:39:25","slug":"confesiones-de-un-fotografo-full-frame-usando-micro-cuatro-tercios","status":"publish","type":"post","link":"https:\/\/www.europesays.com\/es\/280880\/","title":{"rendered":"Confesiones de un fot\u00f3grafo full frame usando Micro Cuatro Tercios"},"content":{"rendered":"<p style=\"font-weight: 400;\"><strong>Por Manel Soria<\/strong>. La fotograf\u00eda, amigos, es una cosa muy seria. Una pulsi\u00f3n que algunos sobrellevamos, y -por qu\u00e9 no decirlo- tambi\u00e9n disfrutamos, desde hace ya muchas d\u00e9cadas. Por nuestras manos han pasado c\u00e1maras r\u00e9flex de pel\u00edcula, primero manuales y luego auto-focus. Digitales compactas y r\u00e9flex. Ahora, c\u00e1maras sin espejo, que llegaron prometiendo ser m\u00e1s peque\u00f1as. Y lo eran. Los cuerpos, pero no tanto los objetivos.<\/p>\n<p style=\"font-weight: 400;\">Todo esto, naturalmente, nos ha costado dinero. \u00a1Qu\u00e9 se le va a hacer! Nos privamos de otras cosas. Como dice un compa\u00f1ero, \u201cLa fotograf\u00eda es cara, pero la droga es mala\u201d.\u00a0 Pero no es solo el dinero: es el peso. Ahora, llegando a una edad terriblemente avanzada para los est\u00e1ndares de los influencers, encorvados y desgastados por el paso del tiempo y de tantas cosas, nos damos cuenta de que el problema del equipo no es solamente el precio, sino tambi\u00e9n el peso.<\/p>\n<p>\nPublicidad&#13;<br \/>\n  &#13;\n<\/p>\n<p><img fetchpriority=\"high\" decoding=\"async\" data-attachment-id=\"73347\" data-permalink=\"https:\/\/photolari.com\/om-3-la-nueva-om-system-que-resucita-el-espiritu-pen-f\/om-system_om-3_19\/\" data-orig-file=\"https:\/\/www.europesays.com\/es\/wp-content\/uploads\/2025\/12\/om-system-om-3-19.jpg\" data-orig-size=\"1200,800\" data-comments-opened=\"1\" data-image-meta=\"{&quot;aperture&quot;:&quot;0&quot;,&quot;credit&quot;:&quot;&quot;,&quot;camera&quot;:&quot;&quot;,&quot;caption&quot;:&quot;&quot;,&quot;created_timestamp&quot;:&quot;0&quot;,&quot;copyright&quot;:&quot;&quot;,&quot;focal_length&quot;:&quot;0&quot;,&quot;iso&quot;:&quot;0&quot;,&quot;shutter_speed&quot;:&quot;0&quot;,&quot;title&quot;:&quot;&quot;,&quot;orientation&quot;:&quot;1&quot;}\" data-image-title=\"OM System_OM-3_19\" data-image-description=\"\" data-image-caption=\"\" data-medium-file=\"https:\/\/photolari.com\/wp-content\/uploads\/2025\/01\/om-system-om-3-19-300x200.jpg\" data-large-file=\"https:\/\/photolari.com\/wp-content\/uploads\/2025\/01\/om-system-om-3-19-1030x687.jpg\" class=\"alignnone size-full wp-image-73347\" src=\"https:\/\/www.europesays.com\/es\/wp-content\/uploads\/2025\/12\/om-system-om-3-19.jpg\" alt=\"OM System_OM-3_19\" width=\"1200\" height=\"800\"  \/><\/p>\n<p style=\"font-weight: 400;\">\u00bfDe qu\u00e9 sirve tener ese 35mm 1.4 full frame, estupendo, en la estanter\u00eda? \u00bfY el 14-24 2.8? \u00bfC\u00f3mo pod\u00eda cargarlo yo monta\u00f1a arriba junto con la Nikon D700 que ahora me parece enorme? \u00bfC\u00f3mo fui capaz de arrastrar un Sony 200-600 mm, un 70-200 mm f2.8 y dos cuerpos Full Frame por las escarpadas laderas de Montserrat?<\/p>\n<p style=\"font-weight: 400;\">Felices los fot\u00f3grafos callejeros que hacen grandes fotos con un 35 mm, pero algunos de nosotros fotografiamos naturaleza, y para nuestra paz interior necesitamos angulares luminosos y sin aberraci\u00f3n de coma para capturar las galaxias; macros exquisitos para los insectos; teleobjetivos para los p\u00e1jaros y los mam\u00edferos nocturnos.<\/p>\n<p><img loading=\"lazy\" decoding=\"async\" data-attachment-id=\"84247\" data-permalink=\"https:\/\/photolari.com\/confesiones-de-un-fotografo-full-frame-usando-micro-cuatro-tercios\/manel_soria_ff-mft_01\/\" data-orig-file=\"https:\/\/www.europesays.com\/es\/wp-content\/uploads\/2025\/12\/manel-soria-ff-mft-01.jpg\" data-orig-size=\"2000,1500\" data-comments-opened=\"1\" data-image-meta=\"{&quot;aperture&quot;:&quot;0&quot;,&quot;credit&quot;:&quot;&quot;,&quot;camera&quot;:&quot;&quot;,&quot;caption&quot;:&quot;&quot;,&quot;created_timestamp&quot;:&quot;0&quot;,&quot;copyright&quot;:&quot;&quot;,&quot;focal_length&quot;:&quot;0&quot;,&quot;iso&quot;:&quot;0&quot;,&quot;shutter_speed&quot;:&quot;0&quot;,&quot;title&quot;:&quot;&quot;,&quot;orientation&quot;:&quot;0&quot;}\" data-image-title=\"Manel_Soria_FF-MFT_01\" data-image-description=\"\" data-image-caption=\"\" data-medium-file=\"https:\/\/photolari.com\/wp-content\/uploads\/2025\/12\/manel-soria-ff-mft-01-300x225.jpg\" data-large-file=\"https:\/\/photolari.com\/wp-content\/uploads\/2025\/12\/manel-soria-ff-mft-01-1030x773.jpg\" class=\"wp-image-84247 size-full\" src=\"https:\/\/www.europesays.com\/es\/wp-content\/uploads\/2025\/12\/manel-soria-ff-mft-01.jpg\" alt=\"Manel_Soria_FF-MFT_01\" width=\"2000\" height=\"1500\"  \/>La estabilizaci\u00f3n de imagen nos permite conseguir a pulso efectos que antes no hubi\u00e9ramos ni intentado sin un buen tr\u00edpode. Zuiko 12-45 F4 PRO, 0.4s F4 ISO 800. \u00a9 Manel Soria.<\/p>\n<p style=\"font-weight: 400;\">Y, sobre todo, c\u00e1maras que funcionen de maravilla a ISO vertiginoso. Yo he llegado a fotografiar en plena noche animales que a simple vista eran invisibles, con luz infrarroja y una Sony A7s astromodificada, a ISO 102.400. Y he usado las fotos para exposiciones y las he publicado en un libro.<\/p>\n<p style=\"font-weight: 400;\">Ahora, ya cerca de la inconfesable edad de sesenta a\u00f1os, sigo pasando todas las horas que puedo en el monte con mis perros. Pero cada vez m\u00e1s, pienso mucho que equipo fotogr\u00e1fico me voy a llevar. Tristemente, muchos d\u00edas termino por dejarlo todo en casa. No obstante, est\u00e1 cient\u00edficamente estudiado que los animales m\u00e1s interesantes y las mejores luces se dejan ver justamente esos d\u00edas en los que solamente llevo el tel\u00e9fono en el bolsillo.<\/p>\n<p><img loading=\"lazy\" decoding=\"async\" data-attachment-id=\"84256\" data-permalink=\"https:\/\/photolari.com\/confesiones-de-un-fotografo-full-frame-usando-micro-cuatro-tercios\/manel_soria_ff-mft_10\/\" data-orig-file=\"https:\/\/www.europesays.com\/es\/wp-content\/uploads\/2025\/12\/manel-soria-ff-mft-10.jpg\" data-orig-size=\"2000,1333\" data-comments-opened=\"1\" data-image-meta=\"{&quot;aperture&quot;:&quot;0&quot;,&quot;credit&quot;:&quot;&quot;,&quot;camera&quot;:&quot;&quot;,&quot;caption&quot;:&quot;&quot;,&quot;created_timestamp&quot;:&quot;0&quot;,&quot;copyright&quot;:&quot;&quot;,&quot;focal_length&quot;:&quot;0&quot;,&quot;iso&quot;:&quot;0&quot;,&quot;shutter_speed&quot;:&quot;0&quot;,&quot;title&quot;:&quot;&quot;,&quot;orientation&quot;:&quot;0&quot;}\" data-image-title=\"Manel_Soria_FF-MFT_10\" data-image-description=\"\" data-image-caption=\"\" data-medium-file=\"https:\/\/photolari.com\/wp-content\/uploads\/2025\/12\/manel-soria-ff-mft-10-300x200.jpg\" data-large-file=\"https:\/\/photolari.com\/wp-content\/uploads\/2025\/12\/manel-soria-ff-mft-10-1030x686.jpg\" class=\"wp-image-84256 size-full\" src=\"https:\/\/www.europesays.com\/es\/wp-content\/uploads\/2025\/12\/manel-soria-ff-mft-10.jpg\" alt=\"Manel_Soria_FF-MFT_10\" width=\"2000\" height=\"1333\"  \/>Fotografiando, siempre a pulso, en una catedral. Leica DG Summilux 9 mm f1.7, 1\/20 f1.7 ISO 200. \u00a9 Manel Soria.<\/p>\n<p style=\"font-weight: 400;\">Intent\u00e9 resolver este problema con una Sony RX100VII, con su zoom equivalente a 24-200 y su visor electr\u00f3nico (que para mi a veces es imprescindible). Pero no me vale para macro, o es muy justa, y el sensor es demasiado peque\u00f1o para capturar bien las luces sutiles de los paisajes antes o despu\u00e9s del amanecer. Y no digamos las estrellas o la V\u00eda L\u00e1ctea. Adem\u00e1s, los mandos no son pr\u00e1cticos: faltan ruedas y botones para poder cambiar los ajustes \u00e1gilmente.<\/p>\n<p><strong>\u00bfSer\u00e1 Micro Cuatro Tercios la soluci\u00f3n?<\/strong><\/p>\n<p style=\"font-weight: 400;\">As\u00ed estaban las cosas, yo a punto de dejar la droga, cuando pas\u00f3 por mi cabeza el Micro Cuatro Tercios. \u00bfSer\u00eda posible que esta fuera la soluci\u00f3n al dilema? \u00d3pticas intercambiables en un sensor peque\u00f1o. Al ser el sensor m\u00e1s peque\u00f1o, las \u00f3pticas pueden tambi\u00e9n ser m\u00e1s ligeras.<\/p>\n<p><img loading=\"lazy\" decoding=\"async\" data-attachment-id=\"84252\" data-permalink=\"https:\/\/photolari.com\/confesiones-de-un-fotografo-full-frame-usando-micro-cuatro-tercios\/manel_soria_ff-mft_06\/\" data-orig-file=\"https:\/\/www.europesays.com\/es\/wp-content\/uploads\/2025\/12\/manel-soria-ff-mft-06.jpg\" data-orig-size=\"2000,1500\" data-comments-opened=\"1\" data-image-meta=\"{&quot;aperture&quot;:&quot;0&quot;,&quot;credit&quot;:&quot;&quot;,&quot;camera&quot;:&quot;&quot;,&quot;caption&quot;:&quot;&quot;,&quot;created_timestamp&quot;:&quot;0&quot;,&quot;copyright&quot;:&quot;&quot;,&quot;focal_length&quot;:&quot;0&quot;,&quot;iso&quot;:&quot;0&quot;,&quot;shutter_speed&quot;:&quot;0&quot;,&quot;title&quot;:&quot;&quot;,&quot;orientation&quot;:&quot;0&quot;}\" data-image-title=\"Manel_Soria_FF-MFT_06\" data-image-description=\"\" data-image-caption=\"\" data-medium-file=\"https:\/\/photolari.com\/wp-content\/uploads\/2025\/12\/manel-soria-ff-mft-06-300x225.jpg\" data-large-file=\"https:\/\/photolari.com\/wp-content\/uploads\/2025\/12\/manel-soria-ff-mft-06-1030x773.jpg\" class=\"wp-image-84252 size-full\" src=\"https:\/\/www.europesays.com\/es\/wp-content\/uploads\/2025\/12\/manel-soria-ff-mft-06.jpg\" alt=\"Manel_Soria_FF-MFT_06\" width=\"2000\" height=\"1500\"  \/>El Zuiko 40-150 mm f4-5.6 es tan peque\u00f1o que suelo llevarlo siempre, a la espera de que las luces sean propicias. En este caso, el factor que limita la nitidez es la atm\u00f3sfera y el resultado hubiera sido el mismo con un enorme 300 mm f2.8 y una full frame. 1\/100 F5.6 ISO 250. \u00a9 Manel Soria.<\/p>\n<p style=\"font-weight: 400;\">\u00bfLo son realmente? Y el sensor \u00bftiene calidad suficiente? No nos enga\u00f1emos: a igualdad de factores, cuanto mayor es el sensor, mejor es la calidad de imagen. Algunas pruebas de equipo Micro Cuatro Tercios no me aclaraban demasiado: me temo que tienden a ser un poco sesgados, por decirlo suavemente. Hay un se\u00f1or que dice que el Olympus 60 macro es el mejor macro que ha usado, el 17mm F1.8, el mejor. Y as\u00ed con todo. \u00a1Para poder opinar, adem\u00e1s de ser honestos, hay que usar habitualmente equipos de varias marcas!<\/p>\n<p style=\"font-weight: 400;\">Finalmente, hace algo m\u00e1s de un mes, me atrev\u00ed a probar con una <a href=\"https:\/\/photolari.com\/om-3-la-nueva-om-system-que-resucita-el-espiritu-pen-f\/\" rel=\"nofollow noopener\" target=\"_blank\">OM-3<\/a> de OM SYSTEM, antiguamente Olympus, que compr\u00e9 con un 12-45 mm f4 PRO. Luego, fui coleccionando otras \u00f3pticas de segunda mano. Y estas son mis primeras conclusiones.<\/p>\n<p><strong>La c\u00e1mara<\/strong><\/p>\n<p style=\"font-weight: 400;\">El cuerpo de la OM-3 est\u00e1 bastante bien conseguido. Enfoca muy bien, con IA, de momento dir\u00eda que casi tanto como la Sony A7RV, pero es cierto que de momento no la he probado con sujetos complicados. La ergonom\u00eda y el dise\u00f1o de los men\u00fas son aceptables. En este punto, alg\u00fan detalle me parece mejorable. Por ejemplo, el mando de puesta en marcha debe estar a la derecha para poder usar la c\u00e1mara con una sola mano. En fotograf\u00eda de naturaleza no es raro tener que usar una sola mano. Cierto, se puede asignar la funci\u00f3n de encendido a otro mando, pero lo normal ser\u00eda no tener que hacer esto.<\/p>\n<p><img loading=\"lazy\" decoding=\"async\" data-attachment-id=\"84253\" data-permalink=\"https:\/\/photolari.com\/confesiones-de-un-fotografo-full-frame-usando-micro-cuatro-tercios\/manel_soria_ff-mft_07\/\" data-orig-file=\"https:\/\/www.europesays.com\/es\/wp-content\/uploads\/2025\/12\/manel-soria-ff-mft-07.jpg\" data-orig-size=\"2000,1333\" data-comments-opened=\"1\" data-image-meta=\"{&quot;aperture&quot;:&quot;0&quot;,&quot;credit&quot;:&quot;&quot;,&quot;camera&quot;:&quot;&quot;,&quot;caption&quot;:&quot;&quot;,&quot;created_timestamp&quot;:&quot;0&quot;,&quot;copyright&quot;:&quot;&quot;,&quot;focal_length&quot;:&quot;0&quot;,&quot;iso&quot;:&quot;0&quot;,&quot;shutter_speed&quot;:&quot;0&quot;,&quot;title&quot;:&quot;&quot;,&quot;orientation&quot;:&quot;0&quot;}\" data-image-title=\"Manel_Soria_FF-MFT_07\" data-image-description=\"\" data-image-caption=\"\" data-medium-file=\"https:\/\/photolari.com\/wp-content\/uploads\/2025\/12\/manel-soria-ff-mft-07-300x200.jpg\" data-large-file=\"https:\/\/photolari.com\/wp-content\/uploads\/2025\/12\/manel-soria-ff-mft-07-1030x686.jpg\" class=\"wp-image-84253 size-full\" src=\"https:\/\/www.europesays.com\/es\/wp-content\/uploads\/2025\/12\/manel-soria-ff-mft-07.jpg\" alt=\"Manel_Soria_FF-MFT_07\" width=\"2000\" height=\"1333\"  \/>La se\u00f1orita Nami a la luz de la luna. A pulso, con una sola mano y sosteniendo la correa de un perro (\u00a1beagle!) con la otra. Zuiko 45 mm f1.8, 1\/13 F1.8 ISO 12800 (con reducci\u00f3n de ru\u00eddo en post-proceso). \u00a9 Manel Soria.<\/p>\n<p style=\"font-weight: 400;\">La estabilizaci\u00f3n del cuerpo es muy buena. Se puede tirar, con un 9 mm (que ser\u00edan 18mm) a uno o dos segundos, con un poco de t\u00e9cnica. Con esto, y usando un objetivo luminoso, se pueden hacer fotos de noche en ciudades sin tr\u00edpode, cosa muy interesante. Los 20 megap\u00edxeles se quedan un poco cortos hoy en d\u00eda, pero es el precio a pagar por el tama\u00f1o. Adem\u00e1s, seamos realistas \u00bfcu\u00e1ntas veces vamos a imprimir una fotograf\u00eda a m\u00e1s de 20x30cm? \u00bfQui\u00e9n va a verla a pantalla completa, excepto su autor?<\/p>\n<p style=\"font-weight: 400;\">\u00bfY el ISO elevado, punto cr\u00edtico para mi? Digamos que no est\u00e1 mal, es aceptable. La reducci\u00f3n de ruido en post-proceso, mucho mejor ahora que hace algunos a\u00f1os, nos va a ayudar. Admito que soy muy exigente en este punto, ya lo he dicho. Tampoco me termina de convencer el formato nativo 4:3, yo personalmente prefiero el 3:2 de la pel\u00edcula 35 mm. Pero el 4:33 ciertamente aprovecha mejor el c\u00edrculo de imagen que proyectan las \u00f3pticas.\u00a0 El obturador electr\u00f3nico funciona estupendamente, y se puede usar siempre, excepto con flash.<\/p>\n<p><img loading=\"lazy\" decoding=\"async\" data-attachment-id=\"84248\" data-permalink=\"https:\/\/photolari.com\/confesiones-de-un-fotografo-full-frame-usando-micro-cuatro-tercios\/manel_soria_ff-mft_02\/\" data-orig-file=\"https:\/\/www.europesays.com\/es\/wp-content\/uploads\/2025\/12\/manel-soria-ff-mft-02.jpg\" data-orig-size=\"2000,1500\" data-comments-opened=\"1\" data-image-meta=\"{&quot;aperture&quot;:&quot;0&quot;,&quot;credit&quot;:&quot;&quot;,&quot;camera&quot;:&quot;&quot;,&quot;caption&quot;:&quot;&quot;,&quot;created_timestamp&quot;:&quot;0&quot;,&quot;copyright&quot;:&quot;&quot;,&quot;focal_length&quot;:&quot;0&quot;,&quot;iso&quot;:&quot;0&quot;,&quot;shutter_speed&quot;:&quot;0&quot;,&quot;title&quot;:&quot;&quot;,&quot;orientation&quot;:&quot;0&quot;}\" data-image-title=\"Manel_Soria_FF-MFT_02\" data-image-description=\"\" data-image-caption=\"\" data-medium-file=\"https:\/\/photolari.com\/wp-content\/uploads\/2025\/12\/manel-soria-ff-mft-02-300x225.jpg\" data-large-file=\"https:\/\/photolari.com\/wp-content\/uploads\/2025\/12\/manel-soria-ff-mft-02-1030x773.jpg\" class=\"wp-image-84248 size-full\" src=\"https:\/\/www.europesays.com\/es\/wp-content\/uploads\/2025\/12\/manel-soria-ff-mft-02.jpg\" alt=\"Manel_Soria_FF-MFT_02\" width=\"2000\" height=\"1500\"  \/>Para macros \u201cde verdad\u201d, el Zuiko 60 mm f2.8 macro es otro imprescindible en la bolsa, por su calidad y sobre todo su peque\u00f1o tama\u00f1o. 1\/125 F8 ISO 200. \u00a9 Manel Soria.<\/p>\n<p style=\"font-weight: 400;\">Las funciones de fotograf\u00eda computacional -que todav\u00eda no domino al 100%- est\u00e1n bien. Por ejemplo, el Live Composite es ideal para trazas de estrellas o rayos. La resoluci\u00f3n aumentada, que la c\u00e1mara logra desplazando infinitesimalmente el sensor, incluso a pulso, est\u00e1 muy bien y puede ayudarnos a compensar los 20 MP, siempre que usemos una \u00f3ptica buena.<\/p>\n<p style=\"font-weight: 400;\">Echo de menos una funci\u00f3n para alargar la exposici\u00f3n tomando muchas fotos y despu\u00e9s aline\u00e1ndolas y sum\u00e1ndolas, como hacen algunos tel\u00e9fonos. Esto, combinado con la estabilizaci\u00f3n, tal vez permitir\u00eda eliminar el tr\u00edpode incluso en astrofotograf\u00eda de paisaje.<\/p>\n<p><strong>Las \u00f3pticas<\/strong><\/p>\n<p style=\"font-weight: 400;\">Vamos a las \u00f3pticas disponibles para este sistema. El 12-45 mm f4 PRO es excelente. Peque\u00f1o, ligero y muy n\u00edtido. Claramente superior al 24-70 f4 de Sony, que nunca me ha gustado a pesar de llevar el logotipo Zeiss. El Zuiko 60 macro para mi es una \u00f3ptica imprescindible, es muy bueno y tambi\u00e9n muy ligero.<\/p>\n<p style=\"font-weight: 400;\">No he probado el 90 macro, que sobre el papel es mejor pero m\u00e1s caro y m\u00e1s pesado. El Zuiko 45mm f1.8 tambi\u00e9n es una joya: peque\u00f1o, barato (de segunda mano) y n\u00edtido; aunque no puede competir en bokeh con un 80mm f1.4 full frame.<\/p>\n<p><img loading=\"lazy\" decoding=\"async\" data-attachment-id=\"84255\" data-permalink=\"https:\/\/photolari.com\/confesiones-de-un-fotografo-full-frame-usando-micro-cuatro-tercios\/manel_soria_ff-mft_09\/\" data-orig-file=\"https:\/\/www.europesays.com\/es\/wp-content\/uploads\/2025\/12\/manel-soria-ff-mft-09.jpg\" data-orig-size=\"2000,1500\" data-comments-opened=\"1\" data-image-meta=\"{&quot;aperture&quot;:&quot;0&quot;,&quot;credit&quot;:&quot;&quot;,&quot;camera&quot;:&quot;&quot;,&quot;caption&quot;:&quot;&quot;,&quot;created_timestamp&quot;:&quot;0&quot;,&quot;copyright&quot;:&quot;&quot;,&quot;focal_length&quot;:&quot;0&quot;,&quot;iso&quot;:&quot;0&quot;,&quot;shutter_speed&quot;:&quot;0&quot;,&quot;title&quot;:&quot;&quot;,&quot;orientation&quot;:&quot;0&quot;}\" data-image-title=\"Manel_Soria_FF-MFT_09\" data-image-description=\"\" data-image-caption=\"\" data-medium-file=\"https:\/\/photolari.com\/wp-content\/uploads\/2025\/12\/manel-soria-ff-mft-09-300x225.jpg\" data-large-file=\"https:\/\/photolari.com\/wp-content\/uploads\/2025\/12\/manel-soria-ff-mft-09-1030x773.jpg\" class=\"wp-image-84255 size-full\" src=\"https:\/\/www.europesays.com\/es\/wp-content\/uploads\/2025\/12\/manel-soria-ff-mft-09.jpg\" alt=\"Manel_Soria_FF-MFT_09\" width=\"2000\" height=\"1500\"  \/>Fotografiar rayos con el Live Composite es mucho m\u00e1s f\u00e1cil y divertido. Zuiko 12-45 mm f4 PRO. \u00a9 Manel Soria<\/p>\n<p style=\"font-weight: 400;\">Pero \u00bfvoy a usar el micro 4\/3 como \u00fanico equipo?\u00a0 Ciertamente, usar dos equipos diferentes a la vez no es lo mejor. Es dif\u00edcil dominar ambos al 100%, para poder cambiar ese ISO o ese modo de enfoque en milisegundos cuando hace falta.<\/p>\n<p style=\"font-weight: 400;\">Veremos qu\u00e9 sucede, creo que me va a seguir haciendo falta full-frame, para hacer esas fotos extremas, de noche, que me gusta hacer. Si no fuera por esta particularidad m\u00eda, posiblemente la respuesta hubiera sido s\u00ed.<\/p>\n<p style=\"font-weight: 400;\">Queda pendiente de probar los teleobjetivos largos que hacen falta para p\u00e1jaros y fauna en general. Y esto es algo que debo dejar para otra ocasi\u00f3n. Por ahora, necesito un angular extremo y luminoso para astrofotograf\u00eda de paisaje.<\/p>\n<p><img loading=\"lazy\" decoding=\"async\" data-attachment-id=\"84249\" data-permalink=\"https:\/\/photolari.com\/confesiones-de-un-fotografo-full-frame-usando-micro-cuatro-tercios\/manel_soria_ff-mft_03\/\" data-orig-file=\"https:\/\/www.europesays.com\/es\/wp-content\/uploads\/2025\/12\/manel-soria-ff-mft-03.jpg\" data-orig-size=\"2000,1500\" data-comments-opened=\"1\" data-image-meta=\"{&quot;aperture&quot;:&quot;0&quot;,&quot;credit&quot;:&quot;&quot;,&quot;camera&quot;:&quot;&quot;,&quot;caption&quot;:&quot;&quot;,&quot;created_timestamp&quot;:&quot;0&quot;,&quot;copyright&quot;:&quot;&quot;,&quot;focal_length&quot;:&quot;0&quot;,&quot;iso&quot;:&quot;0&quot;,&quot;shutter_speed&quot;:&quot;0&quot;,&quot;title&quot;:&quot;&quot;,&quot;orientation&quot;:&quot;0&quot;}\" data-image-title=\"Manel_Soria_FF-MFT_03\" data-image-description=\"\" data-image-caption=\"\" data-medium-file=\"https:\/\/photolari.com\/wp-content\/uploads\/2025\/12\/manel-soria-ff-mft-03-300x225.jpg\" data-large-file=\"https:\/\/photolari.com\/wp-content\/uploads\/2025\/12\/manel-soria-ff-mft-03-1030x773.jpg\" class=\"wp-image-84249 size-full\" src=\"https:\/\/www.europesays.com\/es\/wp-content\/uploads\/2025\/12\/manel-soria-ff-mft-03.jpg\" alt=\"Manel_Soria_FF-MFT_03\" width=\"2000\" height=\"1500\"  \/>El Leica DG Summilux 9 1.7 es excelente como gran angular luminoso, ideal para este tipo de tomas. 1\/100 f1.7 ISO 200. \u00a9 Manel Soria.<\/p>\n<p style=\"font-weight: 400;\">Despu\u00e9s de mucho pensarlo, me decid\u00ed por un 9 mm 1.7 Leica-Lumix. Aunque no elimina por completo la aberraci\u00f3n de coma, ha demostrado ser otra joya: peque\u00f1o, ligero y encantador. Permite fotografiar a pulso en interiores a ISO 200, logrando efectos que ser\u00edan muy dif\u00edciles con otro equipo.<\/p>\n<p style=\"font-weight: 400;\">Tanto \u00e9ste como el 12-45 mm f4 PRO tienen la gran ventaja de enfocar a distancias muy cortas, cosa que nos permite hacer macros -no extremos- con un fondo no totalmente desenfocado. Aqu\u00ed el tama\u00f1o del sensor nos ayuda.<\/p>\n<p style=\"font-weight: 400;\">El Zuiko 40-150 mm f4-5.6 no va a ganar concursos de nitidez, pero es muy peque\u00f1o, muy ligero y muy econ\u00f3mico. En el mismo rango de distancias focales est\u00e1n disponibles un f4 y un f2.8, supongo que mucho mejores pero m\u00e1s caros y pesados. Yo lo uso para fotografiar monta\u00f1as algo lejanas y normalmente lo que limita la nitidez es el estado de la atm\u00f3sfera m\u00e1s que el objetivo. En resumen: otro imprescindible.<\/p>\n<p><img loading=\"lazy\" decoding=\"async\" data-attachment-id=\"84250\" data-permalink=\"https:\/\/photolari.com\/confesiones-de-un-fotografo-full-frame-usando-micro-cuatro-tercios\/manel_soria_ff-mft_04\/\" data-orig-file=\"https:\/\/www.europesays.com\/es\/wp-content\/uploads\/2025\/12\/manel-soria-ff-mft-04.jpg\" data-orig-size=\"2000,1500\" data-comments-opened=\"1\" data-image-meta=\"{&quot;aperture&quot;:&quot;0&quot;,&quot;credit&quot;:&quot;&quot;,&quot;camera&quot;:&quot;&quot;,&quot;caption&quot;:&quot;&quot;,&quot;created_timestamp&quot;:&quot;0&quot;,&quot;copyright&quot;:&quot;&quot;,&quot;focal_length&quot;:&quot;0&quot;,&quot;iso&quot;:&quot;0&quot;,&quot;shutter_speed&quot;:&quot;0&quot;,&quot;title&quot;:&quot;&quot;,&quot;orientation&quot;:&quot;0&quot;}\" data-image-title=\"Manel_Soria_FF-MFT_04\" data-image-description=\"\" data-image-caption=\"\" data-medium-file=\"https:\/\/photolari.com\/wp-content\/uploads\/2025\/12\/manel-soria-ff-mft-04-300x225.jpg\" data-large-file=\"https:\/\/photolari.com\/wp-content\/uploads\/2025\/12\/manel-soria-ff-mft-04-1030x773.jpg\" class=\"wp-image-84250 size-full\" src=\"https:\/\/www.europesays.com\/es\/wp-content\/uploads\/2025\/12\/manel-soria-ff-mft-04.jpg\" alt=\"Manel_Soria_FF-MFT_04\" width=\"2000\" height=\"1500\"  \/>El 12-45 mm f4 PRO permite enfocar muy cerca y hacer macros diferentes, representando al sujeto y su ambiente. Zuiko 12-45 F4 PRO, 1\/100 F8 ISO 2002. \u00a9 Manel Soria.<\/p>\n<p style=\"font-weight: 400;\">\u00bfConclusioneS? El sistema Micro Cuatro Tercios, sin ser la panacea universal que algunos pretenden, tiene cosas muy buenas y merece m\u00e1s atenci\u00f3n de la que est\u00e1 recibiendo. Es una l\u00e1stima: es lo suficientemente peque\u00f1o como para llevar encima un equipo bastante completo, aunque no vayamos a usarlo, solamente por si se presenta la ocasi\u00f3n, y har\u00eda que mucha gente se aficionara a la fotograf\u00eda.<\/p>\n<p style=\"font-weight: 400;\">Yo lo estoy disfrutando mucho y estoy haciendo m\u00e1s fotos. Fotos que no pueden hacerse a d\u00eda de hoy con un tel\u00e9fono. Y aunque pudieran, prefiero la c\u00e1mara, que me permite concentrarme m\u00e1s, tiene botones y mandos f\u00edsicos que la hacen m\u00e1s manejable y divertida de usar. Adem\u00e1s, me permite cambiar los objetivos seg\u00fan la circunstancia.<\/p>\n<p><strong>Manel Soria (@frikosal) es profesor de Ingenier\u00eda Aeroespacial en la UPC y fot\u00f3grafo. Sus im\u00e1genes han sido publicadas en NASA APOD entre otros medios. Recientemente ha publicado su primer libro de ficci\u00f3n, \u00abInsensats Ametllers\u00bb.<\/strong><\/p>\n<p>\n\tRelacionado<\/p>\n","protected":false},"excerpt":{"rendered":"Por Manel Soria. La fotograf\u00eda, amigos, es una cosa muy seria. Una pulsi\u00f3n que algunos sobrellevamos, y -por&hellip;\n","protected":false},"author":2,"featured_media":280881,"comment_status":"","ping_status":"","sticky":false,"template":"","format":"standard","meta":{"footnotes":""},"categories":[173],"tags":[229,233,231,230,232,234,146,147,25,24,68033,23],"class_list":{"0":"post-280880","1":"post","2":"type-post","3":"status-publish","4":"format-standard","5":"has-post-thumbnail","7":"category-arte-y-diseno","8":"tag-arte","9":"tag-arte-y-diseno","10":"tag-arts","11":"tag-arts-and-design","12":"tag-design","13":"tag-diseno","14":"tag-entertainment","15":"tag-entretenimiento","16":"tag-es","17":"tag-espana","18":"tag-micro-cuatro-tercios","19":"tag-spain"},"share_on_mastodon":{"url":"https:\/\/pubeurope.com\/@es\/115694611939287066","error":""},"_links":{"self":[{"href":"https:\/\/www.europesays.com\/es\/wp-json\/wp\/v2\/posts\/280880","targetHints":{"allow":["GET"]}}],"collection":[{"href":"https:\/\/www.europesays.com\/es\/wp-json\/wp\/v2\/posts"}],"about":[{"href":"https:\/\/www.europesays.com\/es\/wp-json\/wp\/v2\/types\/post"}],"author":[{"embeddable":true,"href":"https:\/\/www.europesays.com\/es\/wp-json\/wp\/v2\/users\/2"}],"replies":[{"embeddable":true,"href":"https:\/\/www.europesays.com\/es\/wp-json\/wp\/v2\/comments?post=280880"}],"version-history":[{"count":0,"href":"https:\/\/www.europesays.com\/es\/wp-json\/wp\/v2\/posts\/280880\/revisions"}],"wp:featuredmedia":[{"embeddable":true,"href":"https:\/\/www.europesays.com\/es\/wp-json\/wp\/v2\/media\/280881"}],"wp:attachment":[{"href":"https:\/\/www.europesays.com\/es\/wp-json\/wp\/v2\/media?parent=280880"}],"wp:term":[{"taxonomy":"category","embeddable":true,"href":"https:\/\/www.europesays.com\/es\/wp-json\/wp\/v2\/categories?post=280880"},{"taxonomy":"post_tag","embeddable":true,"href":"https:\/\/www.europesays.com\/es\/wp-json\/wp\/v2\/tags?post=280880"}],"curies":[{"name":"wp","href":"https:\/\/api.w.org\/{rel}","templated":true}]}}