{"id":280946,"date":"2025-12-10T10:25:09","date_gmt":"2025-12-10T10:25:09","guid":{"rendered":"https:\/\/www.europesays.com\/es\/280946\/"},"modified":"2025-12-10T10:25:09","modified_gmt":"2025-12-10T10:25:09","slug":"la-mujer-viajera-del-artista-inaki-martinez-hace-escala-en-la-ink-studio-de-mao","status":"publish","type":"post","link":"https:\/\/www.europesays.com\/es\/280946\/","title":{"rendered":"La mujer viajera del artista I\u00f1aki Mart\u00ednez hace escala en la I\u00f1k Studio de Ma\u00f3"},"content":{"rendered":"<p>El espacio-taller-galer\u00eda I\u00f1k Studio Ma\u00f3 acoge hasta el pr\u00f3ximo d\u00eda 15 de diciembre<strong> la exposici\u00f3n \u00abSoy una mujer viajera\u00bb, del artista I\u00f1aki Mart\u00ednez<\/strong>, que formada por seis obras responde a la nueva muestra art\u00edstica correspondiente al oto\u00f1o.<\/p>\n<p>Como se desprende del t\u00edtulo de la exposici\u00f3n, \u00abSoy una mujer viajera\u00bb, en esta ocasi\u00f3n el sujeto principal de la obra de I\u00f1aki Mart\u00ednez recae en las mujeres, \u00absin conocer ni su destino ni su rostro, vemos mujeres de colores, viajando como un r\u00edo\u00bb.<\/p>\n<p>I\u00f1aki Mart\u00ednez (Barcelona, 1968) es un artista autodidacta cuya trayectoria comenz\u00f3 en la escultura y, con el tiempo, se ha expandido hacia los soportes en dos dimensiones. El pasado mes de marzo abri\u00f3 el espacio en Ma\u00f3 con \u00abSoy un barco viajero\u00bb y en junio expuso \u00abSoy un bosque viajero\u00bb.<\/p>\n","protected":false},"excerpt":{"rendered":"El espacio-taller-galer\u00eda I\u00f1k Studio Ma\u00f3 acoge hasta el pr\u00f3ximo d\u00eda 15 de diciembre la exposici\u00f3n \u00abSoy una mujer&hellip;\n","protected":false},"author":2,"featured_media":280947,"comment_status":"","ping_status":"","sticky":false,"template":"","format":"standard","meta":{"footnotes":""},"categories":[173],"tags":[229,2250,233,231,230,209,232,234,146,147,25,24,23],"class_list":{"0":"post-280946","1":"post","2":"type-post","3":"status-publish","4":"format-standard","5":"has-post-thumbnail","7":"category-arte-y-diseno","8":"tag-arte","9":"tag-arte-en-menorca","10":"tag-arte-y-diseno","11":"tag-arts","12":"tag-arts-and-design","13":"tag-cultura","14":"tag-design","15":"tag-diseno","16":"tag-entertainment","17":"tag-entretenimiento","18":"tag-es","19":"tag-espana","20":"tag-spain"},"share_on_mastodon":{"url":"https:\/\/pubeurope.com\/@es\/115694791742245047","error":""},"_links":{"self":[{"href":"https:\/\/www.europesays.com\/es\/wp-json\/wp\/v2\/posts\/280946","targetHints":{"allow":["GET"]}}],"collection":[{"href":"https:\/\/www.europesays.com\/es\/wp-json\/wp\/v2\/posts"}],"about":[{"href":"https:\/\/www.europesays.com\/es\/wp-json\/wp\/v2\/types\/post"}],"author":[{"embeddable":true,"href":"https:\/\/www.europesays.com\/es\/wp-json\/wp\/v2\/users\/2"}],"replies":[{"embeddable":true,"href":"https:\/\/www.europesays.com\/es\/wp-json\/wp\/v2\/comments?post=280946"}],"version-history":[{"count":0,"href":"https:\/\/www.europesays.com\/es\/wp-json\/wp\/v2\/posts\/280946\/revisions"}],"wp:featuredmedia":[{"embeddable":true,"href":"https:\/\/www.europesays.com\/es\/wp-json\/wp\/v2\/media\/280947"}],"wp:attachment":[{"href":"https:\/\/www.europesays.com\/es\/wp-json\/wp\/v2\/media?parent=280946"}],"wp:term":[{"taxonomy":"category","embeddable":true,"href":"https:\/\/www.europesays.com\/es\/wp-json\/wp\/v2\/categories?post=280946"},{"taxonomy":"post_tag","embeddable":true,"href":"https:\/\/www.europesays.com\/es\/wp-json\/wp\/v2\/tags?post=280946"}],"curies":[{"name":"wp","href":"https:\/\/api.w.org\/{rel}","templated":true}]}}