{"id":280966,"date":"2025-12-10T10:46:12","date_gmt":"2025-12-10T10:46:12","guid":{"rendered":"https:\/\/www.europesays.com\/es\/280966\/"},"modified":"2025-12-10T10:46:12","modified_gmt":"2025-12-10T10:46:12","slug":"el-presidente-del-betis-analiza-el-fichaje-de-fabio-silva-y-confirma-que-pellegrini-tiene-una-via-de-escape-para-la-seleccion-de-chile","status":"publish","type":"post","link":"https:\/\/www.europesays.com\/es\/280966\/","title":{"rendered":"El presidente del Betis analiza el fichaje de F\u00e1bio Silva y confirma que Pellegrini tiene una v\u00eda de escape para la selecci\u00f3n de Chile"},"content":{"rendered":"<p>\u00c1ngel Haro ha atendido a la prensa desde el aeropuerto de Sevilla, antes de viajar a Zagreb para el partido ante el GNK Dinamo, y ha repasado asuntos de actualidad como el nuevo contrato del t\u00e9cnico, la hoja de ruta para el mercado de enero o las obras en el Benito Villamar\u00edn <\/p>\n<p class=\"parrafo\">La expedici\u00f3n del <strong>Real Betis<\/strong> ha llegado en torno a las 09:00 horas de este mi\u00e9rcoles al sevillano Aeropuerto de San Pablo para tomar un vuelo que le llevar\u00e1 hasta Zagreb (Croacia), donde en la tarde-noche de este jueves se enfrentar\u00e1 al <strong>GNK Dinamo<\/strong> en el estadio Maksimir, en busca de tres puntos que dejen encarrilada la clasificaci\u00f3n a falta a\u00fan de dos partidos m\u00e1s para el t\u00e9rmino de la Fase Liga. Justo antes del viaje previo a esta <strong>sexta jornada de la UEFA Europa League<\/strong> ha comparecido ante los medios de comunicaci\u00f3n el presidente verdiblanco, <strong>\u00c1ngel Haro<\/strong>, que ha repasado varios asuntos de la actualidad: las particularidades del contrato de Manuel Pellegrini, el posible fichaje invernal de F\u00e1bio Silva, los plazos para el regreso al estadio Benito Villamar\u00edn o el supuesto enfado de la entidad con Sofyan Amrabat.  <\/p>\n<p>La renovaci\u00f3n de Manuel Pellegrini y la cl\u00e1usula de escape en su contrato para asumir la selecci\u00f3n de Chile <\/p>\n<p class=\"parrafo\">\u00abBueno, <strong>estamos muy contentos con la renovaci\u00f3n<\/strong>. Ya dije en su momento que cuando se dieran las circunstancias apropiadas o favorables, nos sentar\u00edamos y llegar\u00edamos a un acuerdo pronto\u00bb, ha manifestado Haro sobre la ampliaci\u00f3n de contrato de Pellegrini hasta 2027, sin querer desmentir las informaciones que apuntan a que el t\u00e9cnico chileno habr\u00eda aceptado la considerable rebaja salarial propuesta por el Betis a cambio de incluir una v\u00eda de escape para poder asumir la selecci\u00f3n de Chile. <\/p>\n<p class=\"parrafo\">\u00abSe dieron esas circunstancias y nada, contento con esta renovaci\u00f3n. Creo que \u00e9l tambi\u00e9n est\u00e1 contento y se liga a nosotros un a\u00f1o m\u00e1s. Sinceramente, <strong>yo no le echo mucha cuenta a este tipo de ventanas (contractuales) porque hay una relaci\u00f3n tan fluida<\/strong> que, cuando Manuel entienda que su ciclo en el Betis ya acab\u00f3 porque piensa irse a la selecci\u00f3n chilena o a cualquier otro proyecto, nos sentaremos con el mismo cari\u00f1o que hemos tenido hasta ahora y lo resolveremos. Por tanto, <strong>no es tan relevante el hecho de tener ventanas de salida en el contrato<\/strong>\u00ab, ha a\u00f1adido. <\/p>\n<p>Haro, prudente con los fichajes invernales del Betis: \u00abSi hay salidas y es alguien que mejore lo que hay, se acometer\u00e1\u00bb<\/p>\n<p class=\"parrafo\">\u00abEste pr\u00f3ximo mercado invernal es un mercado m\u00e1s, <strong>ya nos hemos mostrado activos en otros a\u00f1os<\/strong><strong>. Creemos que tenemos un buen equipo, muy completo, pero todos los mercados son oportunidades y hay que verlo desde este punto de vista<\/strong>. S\u00ed es verdad que tendr\u00eda que haber salidas para que pudieran llegar jugadores\u00bb, ha explicado \u00c1ngel Haro tras ser preguntado por la alta actitividad de las dos \u00faltimas ventanas de enero: Bakambu, Fornals, Johnny Cardoso y Chimy \u00c1vila, en el de 2024; Antony y Cucho Hern\u00e1ndez, en 2025. En este sentido, no ha querido dar pistas sobre el nombre de <strong>F\u00e1bio Silva como principal objetivo<\/strong><strong>:<\/strong> <strong>\u00abCreemos que tenemos una buena delantera, pero todo es mejorable\u00bb<\/strong>. <\/p>\n<p class=\"parrafo\">\u00abEstamos siendo muy ambiciosos temporada tras temporada. Y <strong>para cuadrar n\u00fameros nosotros tenemos que dar plusval\u00edas antes de que termine el a\u00f1o. Ya vamos un poquito excedidos<\/strong>, en el sentido de que ya hemos puesto muchos elementos. Tenemos una plantilla amplia, de gran valor, y <strong>no estamos sobrados para poder ir al mercado<\/strong>. Por tanto, tiene que haber salidas antes de que llegue cualquier tipo de incorporaci\u00f3n. No es una obsesi\u00f3n, es un plus, es una ventana que se ve como una oportunidad y, si se dan las circunstancias, <strong>si<\/strong> <strong>vemos que puede venir un jugador que de verdad mejore lo que hay, se acometer\u00eda<\/strong>. Pero no vamos ir al mercado por ir, no estamos en esa situaci\u00f3n\u00bb, ha a\u00f1adido. <\/p>\n<p><img decoding=\"async\" src=\"https:\/\/www.europesays.com\/es\/wp-content\/uploads\/2025\/12\/dc5d0df0-6ff8-41e2-9dd1-493f92351e7b_800x450.jpeg\" loading=\"lazy\"\/>Los plazos para el regreso del Betis al Benito Villamar\u00edn: \u00abNo ser\u00e1n cuatro a\u00f1os; pero menos de tres, tampoco\u00bb<\/p>\n<p class=\"parrafo\">\u00abEstamos haciendo la base para la nueva licitaci\u00f3n. Va a ser una licitaci\u00f3n reglada, con un perfil diferente y con unas cuatro constructoras. En breve tendremos la licitaci\u00f3n en marcha y espero que en febrero o marzo tengamos adjudicaci\u00f3n. Las obras empezar\u00edan por esa \u00e9poca, 15 \u00f3 20 d\u00edas despu\u00e9s de la adjudicaci\u00f3n. <strong>Yo creo que los tres a\u00f1os son pr\u00e1cticamente ya inevitables<\/strong><strong>. No van a ser menos de tres, pero cuatro, no<\/strong>. Antes, sinceramente, trabaj\u00e1bamos con la hip\u00f3tesis de que ser\u00edan unos dos a\u00f1os y medio con. Ahora, dos a\u00f1os y medio o tres\u00bb.<\/p>\n","protected":false},"excerpt":{"rendered":"\u00c1ngel Haro ha atendido a la prensa desde el aeropuerto de Sevilla, antes de viajar a Zagreb para&hellip;\n","protected":false},"author":2,"featured_media":280967,"comment_status":"","ping_status":"","sticky":false,"template":"","format":"standard","meta":{"footnotes":""},"categories":[268],"tags":[2046,168,59050,25,24,284,13447,280,282,286,281,23,167],"class_list":{"0":"post-280966","1":"post","2":"type-post","3":"status-publish","4":"format-standard","5":"has-post-thumbnail","7":"category-futbol","8":"tag-angel-haro","9":"tag-deportes","10":"tag-dinamo-zagreb","11":"tag-es","12":"tag-espana","13":"tag-estadio-deportivo","14":"tag-europa-league","15":"tag-football","16":"tag-futbol","17":"tag-real-betis-balompie","18":"tag-soccer","19":"tag-spain","20":"tag-sports"},"share_on_mastodon":{"url":"https:\/\/pubeurope.com\/@es\/115694874828107890","error":""},"_links":{"self":[{"href":"https:\/\/www.europesays.com\/es\/wp-json\/wp\/v2\/posts\/280966","targetHints":{"allow":["GET"]}}],"collection":[{"href":"https:\/\/www.europesays.com\/es\/wp-json\/wp\/v2\/posts"}],"about":[{"href":"https:\/\/www.europesays.com\/es\/wp-json\/wp\/v2\/types\/post"}],"author":[{"embeddable":true,"href":"https:\/\/www.europesays.com\/es\/wp-json\/wp\/v2\/users\/2"}],"replies":[{"embeddable":true,"href":"https:\/\/www.europesays.com\/es\/wp-json\/wp\/v2\/comments?post=280966"}],"version-history":[{"count":0,"href":"https:\/\/www.europesays.com\/es\/wp-json\/wp\/v2\/posts\/280966\/revisions"}],"wp:featuredmedia":[{"embeddable":true,"href":"https:\/\/www.europesays.com\/es\/wp-json\/wp\/v2\/media\/280967"}],"wp:attachment":[{"href":"https:\/\/www.europesays.com\/es\/wp-json\/wp\/v2\/media?parent=280966"}],"wp:term":[{"taxonomy":"category","embeddable":true,"href":"https:\/\/www.europesays.com\/es\/wp-json\/wp\/v2\/categories?post=280966"},{"taxonomy":"post_tag","embeddable":true,"href":"https:\/\/www.europesays.com\/es\/wp-json\/wp\/v2\/tags?post=280966"}],"curies":[{"name":"wp","href":"https:\/\/api.w.org\/{rel}","templated":true}]}}