{"id":281021,"date":"2025-12-10T11:31:09","date_gmt":"2025-12-10T11:31:09","guid":{"rendered":"https:\/\/www.europesays.com\/es\/281021\/"},"modified":"2025-12-10T11:31:09","modified_gmt":"2025-12-10T11:31:09","slug":"el-surne-bilbao-a-mantener-su-firmeza-continental","status":"publish","type":"post","link":"https:\/\/www.europesays.com\/es\/281021\/","title":{"rendered":"El Surne Bilbao, a mantener su firmeza continental"},"content":{"rendered":"<p>\n        Inmerso en una fase de la temporada con numerosos encuentros como anfitri\u00f3n, <strong>el <\/strong><a href=\"https:\/\/www.deia.eus\/deportes\/bilbao-basket\/\" title=\"Surne Bilbao\" class=\"link copy\" rel=\"nofollow noopener\" target=\"_blank\"><strong>Surne Bilbao<\/strong><\/a><strong> quiere aprovechar<\/strong> ese factor, dar continuidad al <strong>notable trabajo realizado en <\/strong><a href=\"https:\/\/www.deia.eus\/tags\/liga-endesa\/\" title=\"Liga Endesa\" class=\"link copy\" rel=\"nofollow noopener\" target=\"_blank\">Liga Endesa<\/a> el pasado domingo <a href=\"https:\/\/www.deia.eus\/bilbao-basket\/2025\/12\/07\/surne-bilbao-miribilla-sufrir-acabar-10444986.html\" title=\"ante el Dreamland Gran Canaria\" target=\"_blank\" class=\"link copy\" rel=\"nofollow noopener\">ante el Dreamland Gran Canaria<\/a> y arrancar este mi\u00e9rcoles la <strong>segunda fase de grupos de la <\/strong><a href=\"https:\/\/www.deia.eus\/tags\/fiba-europe-cup\/\" title=\"FIBA Europe Cup\" class=\"link copy\" rel=\"nofollow noopener\" target=\"_blank\"><strong>FIBA Europe Cup<\/strong><\/a><strong> (18.30 horas)<\/strong> con una victoria <strong>ante el Sporting Portugal,<\/strong> dentro de un Grupo M que completan<strong> PAOK Sal\u00f3nica y Prievidza<\/strong>.\n<\/p>\n<blockquote class=\"twitter-tweet\" data-lang=\"es\">\n<p lang=\"en\" dir=\"ltr\">Group M is loaded with storylines.\ud83d\udd8b\ufe0f<\/p>\n<p>Bilbao\u2019s league-best offense, PAOK\u2019s last-second survival, Prievidza\u2019s hot shooting and Sporting\u2019s balanced attack &#8211; who takes control?<\/p>\n<p>\ud83d\uddf3\ufe0fVOTE l <a href=\"https:\/\/t.co\/Rtp7Zg9yZh\" rel=\"nofollow\">https:\/\/t.co\/Rtp7Zg9yZh<\/a> <a href=\"https:\/\/t.co\/f6UciwWuBU\" rel=\"nofollow\">pic.twitter.com\/f6UciwWuBU<\/a><\/p>\n<p>\u2014 FIBA Europe Cup (@FIBAEuropeCup) <a href=\"https:\/\/twitter.com\/FIBAEuropeCup\/status\/1998406819291558075?ref_src=twsrc%5Etfw\" rel=\"nofollow noopener\" target=\"_blank\">9 de diciembre de 2025<\/a><\/p><\/blockquote>\n<p class=\"article-body__text \">\n        Con numerosos resultados abultados a su favor en la fase anterior, <strong>el conjunto de <\/strong><a href=\"https:\/\/www.deia.eus\/tags\/jaume-ponsarnau\/\" title=\"Jaume Ponsarnau\" class=\"link copy\" rel=\"nofollow noopener\" target=\"_blank\"><strong>Jaume Ponsarnau<\/strong><\/a><strong> ha demostrado<\/strong> que se toma esta competici\u00f3n, en la que <strong>defiende la corona de campe\u00f3n<\/strong>, con absoluta seriedad y pretende seguir por ese camino, <strong>evitando sorpresas de buenas a primeras<\/strong> ante un contrincante que fue <strong>segundo del Grupo G<\/strong>, con un balance de 4-2, llegando sus<strong> dos derrotas<\/strong> en las canchas del Dinamo Sassari italiano y del Rasta Vechta alem\u00e1n. El conjunto <strong>entrenado por Luis Magalhaes<\/strong> llega a la contienda de Miribilla tras perder el pasado s\u00e1bado su segundo encuentro de la liga portuguesa <strong>en la cancha del Esgueira por 95-87.<\/strong> Sigue instalado en la segunda plaza de la tabla, pero se aleja del l\u00edder Benfica (7-0).\n<\/p>\n<p>  Estadounidenses con puntos<\/p>\n<p class=\"article-body__text \">\n        Te\u00f3ricamente, el conjunto vizcaino deber\u00eda saber<strong> imponer su superioridad f\u00edsica, t\u00e9cnica y t\u00e1ctica<\/strong> en el encuentro de este mi\u00e9rcoles, sobre todo si se emplea con la <strong>seriedad mostrada en anteriores citas<\/strong> y se aleja de cualquier exceso de confianza. \u201cVamos a jugar <strong>contra un equipo polivalente<\/strong>, con muchos jugadores americanos con c<strong>apacidad para inventar puntos<\/strong>. Nuestra receta ante esto siempre es colectiva,<strong> intentar ganar desde lo colectivo. <\/strong>Nuestro equipo est\u00e1 mentalizado, somos un grupo largo para tener fuerza durante todo el partido y <strong>a ver si encontramos tambi\u00e9n juego\u201d<\/strong>, apunt\u00f3 Ponsarnau, quien deber\u00e1 prescindir de uno de los jugadores habituales de sus convocatorias en <a href=\"https:\/\/www.deia.eus\/tags\/liga-acb\/\" title=\"Liga ACB\" class=\"link copy\" rel=\"nofollow noopener\" target=\"_blank\">Liga ACB<\/a> para <strong>hacer hueco a un quinto cupo.<\/strong>\n<\/p>\n<p>  Llamamiento al p\u00fablico<\/p>\n<p class=\"article-body__text \">\n        El t\u00e9cnico reconoci\u00f3 que <strong>se intent\u00f3 cambiar de d\u00eda el partido<\/strong> para no coincidir con el <strong>Athletic-PSG<\/strong>, pero el club luso no estuvo por la labor: \u201cPara nosotros era importante este cambio porque <strong>en Europa queremos jugar los martes<\/strong> para tener m\u00e1s tiempo para preparar el siguiente encuentro de Liga Endesa y en este caso m\u00e1s porque<strong> coincid\u00edamos con el Athletic<\/strong>. Ahora no coincidimos tanto -el conjunto rojiblanco juega a las 21.00- y a ver si la gente <strong>viene a apoyar al m\u00e1ximo\u201d.<\/strong>\n<\/p>\n<p>  Focos de peligro<\/p>\n<p class=\"article-body__text \">\n        La estructura del Sporting se sustenta sobre la <strong>aportaci\u00f3n de sus jugadores estadounidenses,<\/strong> con la colaboraci\u00f3n de los locales <strong>Diogo Ventura (base), Francisco Amarante (escolta) y Joao Fernandes (p\u00edvot),<\/strong> junto al director de juego belga formado en la NCAA Stephan Swenson. El ala-p\u00edvot de 2,03 metros <strong>Brandon Johns ha brillado en la primera fase<\/strong> promediando <a href=\"https:\/\/www.fiba.basketball\/en\/events\/fiba-europe-cup-25-26\/teams\/sporting-cp#statistics\" title=\"15 puntos y 8,8 rebotes\" rel=\"nofollow noopener\" target=\"_blank\" class=\"link copy\">15 puntos y 8,8 rebotes<\/a>, el escolta <strong>Malik Morgan, <\/strong>muy incisivo desde la distancia triple, ha sido su principal escudero (13,5) y el alero <strong>Maleek Harden-Hayes,<\/strong> ausente en el \u00faltimo partido liguero, es la tercera referencia anotadora (11,5). <strong>Robby Robinson<\/strong> y el jovenc\u00edsimo <strong>Malik Bowman,<\/strong> 21 a\u00f1os y profesional en Europa desde los 19, han tenido menos protagonismo.\n<\/p>\n<p>            <script async src=\"https:\/\/platform.twitter.com\/widgets.js\" charset=\"utf-8\"><\/script><\/p>\n","protected":false},"excerpt":{"rendered":"Inmerso en una fase de la temporada con numerosos encuentros como anfitri\u00f3n, el Surne Bilbao quiere aprovechar ese&hellip;\n","protected":false},"author":2,"featured_media":281022,"comment_status":"","ping_status":"","sticky":false,"template":"","format":"standard","meta":{"footnotes":""},"categories":[269],"tags":[299,298,2601,15582,168,25,24,38326,877,1462,23,4782,167,40205],"class_list":{"0":"post-281021","1":"post","2":"type-post","3":"status-publish","4":"format-standard","5":"has-post-thumbnail","7":"category-baloncesto","8":"tag-baloncesto","9":"tag-basketball","10":"tag-bilbao","11":"tag-continental","12":"tag-deportes","13":"tag-es","14":"tag-espana","15":"tag-firmeza","16":"tag-mantener","17":"tag-portugal","18":"tag-spain","19":"tag-sporting","20":"tag-sports","21":"tag-surne"},"share_on_mastodon":{"url":"","error":""},"_links":{"self":[{"href":"https:\/\/www.europesays.com\/es\/wp-json\/wp\/v2\/posts\/281021","targetHints":{"allow":["GET"]}}],"collection":[{"href":"https:\/\/www.europesays.com\/es\/wp-json\/wp\/v2\/posts"}],"about":[{"href":"https:\/\/www.europesays.com\/es\/wp-json\/wp\/v2\/types\/post"}],"author":[{"embeddable":true,"href":"https:\/\/www.europesays.com\/es\/wp-json\/wp\/v2\/users\/2"}],"replies":[{"embeddable":true,"href":"https:\/\/www.europesays.com\/es\/wp-json\/wp\/v2\/comments?post=281021"}],"version-history":[{"count":0,"href":"https:\/\/www.europesays.com\/es\/wp-json\/wp\/v2\/posts\/281021\/revisions"}],"wp:featuredmedia":[{"embeddable":true,"href":"https:\/\/www.europesays.com\/es\/wp-json\/wp\/v2\/media\/281022"}],"wp:attachment":[{"href":"https:\/\/www.europesays.com\/es\/wp-json\/wp\/v2\/media?parent=281021"}],"wp:term":[{"taxonomy":"category","embeddable":true,"href":"https:\/\/www.europesays.com\/es\/wp-json\/wp\/v2\/categories?post=281021"},{"taxonomy":"post_tag","embeddable":true,"href":"https:\/\/www.europesays.com\/es\/wp-json\/wp\/v2\/tags?post=281021"}],"curies":[{"name":"wp","href":"https:\/\/api.w.org\/{rel}","templated":true}]}}