{"id":281039,"date":"2025-12-10T11:44:06","date_gmt":"2025-12-10T11:44:06","guid":{"rendered":"https:\/\/www.europesays.com\/es\/281039\/"},"modified":"2025-12-10T11:44:06","modified_gmt":"2025-12-10T11:44:06","slug":"fuerte-temblor-en-colombia-un-sismo-de-5-8-se-sintio-esta-madrugada-en-varias-regiones-del-pais","status":"publish","type":"post","link":"https:\/\/www.europesays.com\/es\/281039\/","title":{"rendered":"Fuerte temblor en Colombia: un sismo de 5.8 se sinti\u00f3 esta madrugada en varias regiones del pa\u00eds"},"content":{"rendered":"<p><img alt=\"El Servicio Geol\u00f3gico Colombiano registr\u00f3\" class=\"global-image\" decoding=\"async\" fetchpriority=\"high\" height=\"1080\" loading=\"eager\" src=\"https:\/\/www.europesays.com\/es\/wp-content\/uploads\/2025\/12\/DPUSCXELKZCERFP6HG7FNUWMG4.jpg\" width=\"1920\"\/>El Servicio Geol\u00f3gico Colombiano registr\u00f3 un nuevo sismo en el pa\u00eds. &#8211; cr\u00e9dito captura de video<\/p>\n<p class=\"paragraph\">Un sismo de magnitud 5.9 sacudi\u00f3 en la madrugada de este mi\u00e9rcoles 10 de diciembre a varias regiones de Colombia, generando una amplia percepci\u00f3n en ciudades como Bogot\u00e1, Medell\u00edn, Bucaramanga y Tunja.<\/p>\n<p class=\"paragraph\">Seg\u00fan el Servicio Geol\u00f3gico Colombiano (SGC), el epicentro del evento fue localizado en el municipio de Piedecuesta, Santander, a las 03:27 a.m. (hora local). El informe t\u00e9cnico indic\u00f3 que la profundidad del temblor fue de 153 kil\u00f3metros, lo que permiti\u00f3 que la onda expansiva se sintiera en un extenso radio geogr\u00e1fico.<\/p>\n<p class=\"paragraph\"><b>Ahora puede seguirnos en<\/b><a rel=\"noopener nofollow\" href=\"https:\/\/www.facebook.com\/infobaecolombia\" target=\"_blank\"><b> Facebook<\/b><\/a><b> y en nuestro<\/b><a rel=\"noopener nofollow\" href=\"https:\/\/whatsapp.com\/channel\/0029Va4oNEALikgEL4Y8mb2K\" target=\"_blank\"><b> WhatsApp Channel<\/b><\/a><\/p>\n<p class=\"paragraph\">Desde las primeras horas, <b>en las redes sociales se multiplicaron los reportes de ciudadanos que experimentaron la fuerte intensidad del movimiento tel\u00farico, especialmente en Medell\u00edn y Bogot\u00e1.<\/b><\/p>\n<p class=\"paragraph\">Los organismos de socorro y gesti\u00f3n del riesgo activaron protocolos de verificaci\u00f3n para descartar da\u00f1os en las zonas m\u00e1s afectadas. Hasta el momento no se han reportado da\u00f1os estructurales mayores ni v\u00edctimas.<\/p>\n<p class=\"paragraph\">Minutos despu\u00e9s del temblor, <b>el SGC actualiz\u00f3 el reporte e indic\u00f3 que el epicentro tambi\u00e9n fue localizado en el municipio de Los Santos, Santander, y precis\u00f3 las coordenadas en Latitud 6.85 y Longitud -73.14, con una profundidad de 150 kil\u00f3metros.<\/b><\/p>\n<p><img alt=\"Seg\u00fan el Servicio Geol\u00f3gico Colombiano\" class=\"global-image\" decoding=\"async\" fetchpriority=\"low\" height=\"577\" loading=\"lazy\" src=\"https:\/\/www.europesays.com\/es\/wp-content\/uploads\/2025\/12\/OSO4CGSKVJGWTLTLLXD6JA3HME.png\" width=\"586\"\/>Seg\u00fan el Servicio Geol\u00f3gico Colombiano (SGC), el evento se produjo a las 03:27 a.m  en Los Santos &#8211; Santander &#8211; cr\u00e9dito @sgcol\/X<\/p>\n<p class=\"paragraph\"><b>La mesa de Los Santos es reconocida por expertos como una de las zonas de mayor concentraci\u00f3n de actividad s\u00edsmica del pa\u00eds y del mundo, y es frecuentemente llamada el \u201cNido S\u00edsmico de Bucaramanga\u201d<\/b>. Esta regi\u00f3n registra cada a\u00f1o miles de eventos s\u00edsmicos, la mayor\u00eda de baja magnitud y normalmente imperceptibles, pero de forma peri\u00f3dica presenta temblores de importancia como el ocurrido esta madrugada.<\/p>\n<p class=\"paragraph\">De acuerdo con los protocolos de gesti\u00f3n del riesgo, se realizan inspecciones y monitoreos en infraestructuras clave, mientras se atend\u00edan llamados de la ciudadan\u00eda en distintas ciudades del centro y oriente del pa\u00eds.<\/p>\n<p class=\"paragraph\">El SGC reiter\u00f3 la necesidad de que la ciudadan\u00eda mantenga la calma y siga \u00fanicamente las directrices de las entidades oficiales. Entre las recomendaciones divulgadas figuran no utilizar ascensores durante un sismo, buscar refugio bajo estructuras resistentes, alejarse de ventanas y objetos que puedan caer, y estar atentos a nuevas informaciones.<\/p>\n<p><img alt=\"Desde la Sala de Crisis\" class=\"global-image\" decoding=\"async\" fetchpriority=\"low\" height=\"1142\" loading=\"lazy\" src=\"https:\/\/www.europesays.com\/es\/wp-content\/uploads\/2025\/12\/25SCCDXEMVGJVKNHQ3NRR44YVA.jpg\" width=\"1170\"\/>Desde la Sala de Crisis Nacional de la UNGRD se realiza un barrido con las autoridades departamentales y municipales para verificar posibles afectaciones. &#8211; cr\u00e9dito Ungrd<\/p>\n<p class=\"paragraph\"><b>El organismo record\u00f3 que los datos iniciales divulgados, como la magnitud y la profundidad, pueden estar sujetos a ajustes tras una revisi\u00f3n t\u00e9cnica m\u00e1s detallada.<\/b> Se mantiene un monitoreo permanente ante la posibilidad de r\u00e9plicas o actividad s\u00edsmica relevante en las pr\u00f3ximas horas.<\/p>\n<p class=\"paragraph\">En Colombia, la actividad s\u00edsmica forma parte de la cotidianidad de las regiones ubicadas en el llamado Cintur\u00f3n de Fuego del Pac\u00edfico, por lo que las autoridades nacionales y regionales mantienen vigente la tarea de educaci\u00f3n y prevenci\u00f3n ante desastres naturales.<\/p>\n<p class=\"paragraph\">El alcalde de Medell\u00edn, Federico Guti\u00e9rrez, inform\u00f3, a trav\u00e9s de una publicaci\u00f3n de su cuenta de X, sobre la magnitud del movimiento s\u00edsmico en la ciudad y escribi\u00f3: \u201cEn Medell\u00edn se sinti\u00f3 muy fuerte el temblor\u201d, destacando la sorpresa con la que muchos ciudadanos vivieron el movimiento s\u00edsmico. <\/p>\n<p><img alt=\"Alcalde de Medell\u00edn, Fico Guti\u00e9rrez,\" class=\"global-image\" decoding=\"async\" fetchpriority=\"low\" height=\"648\" loading=\"lazy\" src=\"https:\/\/www.europesays.com\/es\/wp-content\/uploads\/2025\/12\/GTS2EC276ZHBJDE6VSGFEDVDC4.png\" width=\"590\"\/>Alcalde de Medell\u00edn, Fico Guti\u00e9rrez, reaccion\u00f3 al temblor registrado este martes y asegur\u00f3 que \u201cen Medell\u00edn se sinti\u00f3 muy fuerte el temblor\u201d &#8211; cr\u00e9dito @FicoGutierrez\/X<\/p>\n<p class=\"paragraph\">Expertos del Servicio Geol\u00f3gico Colombiano y de la Unidad Nacional para la Gesti\u00f3n del Riesgo de Desastres (UNGRD) insisten en que la prevenci\u00f3n comienza antes de cualquier evento. Entre las acciones prioritarias est\u00e1n:<\/p>\n<ul data-icon=\"\u2b24\" class=\"list\">\n<li data-icon=\"\u2b24\"><b>Identificar zonas seguras<\/b>: puntos alejados de ventanas, vidrios, objetos pesados o muebles que puedan caer.<\/li>\n<li data-icon=\"\u2b24\"><b>Revisar el estado estructural del hogar<\/b>: especialmente en viviendas antiguas o ubicadas en zonas de riesgo.<\/li>\n<li data-icon=\"\u2b24\"><b>Armar un kit de emergencia<\/b>: con agua, linterna, botiqu\u00edn, radio, documentos esenciales y alimentos no perecederos.<\/li>\n<li data-icon=\"\u2b24\"><b>Establecer un plan familiar<\/b>: que incluya rutas de evacuaci\u00f3n, puntos de encuentro y contactos de emergencia.<\/li>\n<\/ul>\n<p class=\"paragraph\"><b>Las autoridades recalcan tres acciones principales: agacharse, cubrirse y sujetarse<\/b>. Esta maniobra reduce la probabilidad de lesiones causadas por la ca\u00edda de objetos o el colapso parcial de estructuras.<\/p>\n<p class=\"paragraph\">Durante el movimiento es recomendable:<\/p>\n<ul data-icon=\"\u2b24\" class=\"list\">\n<li data-icon=\"\u2b24\">Mantener la calma y evitar correr.<\/li>\n<li data-icon=\"\u2b24\">Alejarse de estanter\u00edas, ventanas y objetos que puedan romperse.<\/li>\n<li data-icon=\"\u2b24\">Proteger la cabeza y el cuello debajo de una mesa resistente o junto a un mueble firme.<\/li>\n<li data-icon=\"\u2b24\">Si est\u00e1 en un edificio, no usar ascensores.<\/li>\n<li data-icon=\"\u2b24\">Si est\u00e1 en el exterior, alejarse de fachadas, cables el\u00e9ctricos, postes y \u00e1rboles.<\/li>\n<li data-icon=\"\u2b24\">Si conduce, estacionar en un lugar seguro, sin bloquear v\u00edas y lejos de puentes o pasos elevados.<\/li>\n<\/ul>\n<p><img alt=\"Estos son elementos que debe\" class=\"global-image\" decoding=\"async\" fetchpriority=\"low\" height=\"853\" loading=\"lazy\" src=\"https:\/\/www.europesays.com\/es\/wp-content\/uploads\/2025\/12\/XIPSDQM42VD23A7XTMMOK4BRT4.jpg\" width=\"711\"\/>Estos son elementos que debe tener un kit de emergencias para personas. &#8211; cr\u00e9dito Ungrd.<\/p>\n<p class=\"paragraph\">Una vez termina el movimiento, es crucial seguir medidas de verificaci\u00f3n para evitar riesgos secundarios:<\/p>\n<ul data-icon=\"\u2b24\" class=\"list\">\n<li data-icon=\"\u2b24\">Revisar si hay da\u00f1os, grietas o fugas de gas en la vivienda antes de reingresar.<\/li>\n<li data-icon=\"\u2b24\">Cortar el suministro el\u00e9ctrico y de gas ante cualquier sospecha de da\u00f1o.<\/li>\n<li data-icon=\"\u2b24\">Estar atento a r\u00e9plicas, que pueden ocurrir minutos u horas despu\u00e9s.<\/li>\n<li data-icon=\"\u2b24\">No propagar informaci\u00f3n falsa y atender \u00fanicamente los comunicados oficiales del Servicio Geol\u00f3gico Colombiano, la UNGRD y autoridades locales.<\/li>\n<li data-icon=\"\u2b24\">Acompa\u00f1ar a ni\u00f1os, adultos mayores y personas con movilidad reducida para garantizar su seguridad<\/li>\n<\/ul>\n","protected":false},"excerpt":{"rendered":"El Servicio Geol\u00f3gico Colombiano registr\u00f3 un nuevo sismo en el pa\u00eds. &#8211; cr\u00e9dito captura de video Un sismo&hellip;\n","protected":false},"author":2,"featured_media":281040,"comment_status":"","ping_status":"","sticky":false,"template":"","format":"standard","meta":{"footnotes":""},"categories":[42],"tags":[17,18,13,14,11,61,62,63,64,19,20,9,10,15,16,12,21,22,65,66,67],"class_list":{"0":"post-281039","1":"post","2":"type-post","3":"status-publish","4":"format-standard","5":"has-post-thumbnail","7":"category-internacional","8":"tag-breaking-news","9":"tag-breakingnews","10":"tag-featured-news","11":"tag-featurednews","12":"tag-headlines","13":"tag-internacional","14":"tag-international","15":"tag-international-news","16":"tag-internationalnews","17":"tag-latest-news","18":"tag-latestnews","19":"tag-news","20":"tag-noticias","21":"tag-noticias-destacadas","22":"tag-noticiasdestacadas","23":"tag-titulares","24":"tag-ultimas-noticias","25":"tag-ultimasnoticias","26":"tag-world","27":"tag-world-news","28":"tag-worldnews"},"share_on_mastodon":{"url":"","error":""},"_links":{"self":[{"href":"https:\/\/www.europesays.com\/es\/wp-json\/wp\/v2\/posts\/281039","targetHints":{"allow":["GET"]}}],"collection":[{"href":"https:\/\/www.europesays.com\/es\/wp-json\/wp\/v2\/posts"}],"about":[{"href":"https:\/\/www.europesays.com\/es\/wp-json\/wp\/v2\/types\/post"}],"author":[{"embeddable":true,"href":"https:\/\/www.europesays.com\/es\/wp-json\/wp\/v2\/users\/2"}],"replies":[{"embeddable":true,"href":"https:\/\/www.europesays.com\/es\/wp-json\/wp\/v2\/comments?post=281039"}],"version-history":[{"count":0,"href":"https:\/\/www.europesays.com\/es\/wp-json\/wp\/v2\/posts\/281039\/revisions"}],"wp:featuredmedia":[{"embeddable":true,"href":"https:\/\/www.europesays.com\/es\/wp-json\/wp\/v2\/media\/281040"}],"wp:attachment":[{"href":"https:\/\/www.europesays.com\/es\/wp-json\/wp\/v2\/media?parent=281039"}],"wp:term":[{"taxonomy":"category","embeddable":true,"href":"https:\/\/www.europesays.com\/es\/wp-json\/wp\/v2\/categories?post=281039"},{"taxonomy":"post_tag","embeddable":true,"href":"https:\/\/www.europesays.com\/es\/wp-json\/wp\/v2\/tags?post=281039"}],"curies":[{"name":"wp","href":"https:\/\/api.w.org\/{rel}","templated":true}]}}