{"id":281051,"date":"2025-12-10T11:55:09","date_gmt":"2025-12-10T11:55:09","guid":{"rendered":"https:\/\/www.europesays.com\/es\/281051\/"},"modified":"2025-12-10T11:55:09","modified_gmt":"2025-12-10T11:55:09","slug":"el-bayern-es-descomunal-as-com","status":"publish","type":"post","link":"https:\/\/www.europesays.com\/es\/281051\/","title":{"rendered":"\u201cEl Bayern es descomunal\u201d &#8211; AS.com"},"content":{"rendered":"<p class=\"\"><b>Jos\u00e9 Barcala <\/b>(1981, Mea\u00f1o, Pontevedra) lleva unos meses en el banquillo del <b>Bayern Munich<\/b> donde ya sabe lo que es ganar la <b>Supercopa de Alemania<\/b>. Regresa a \u2018casa\u2019 para enfrentarse al <b>Atl\u00e9tico <\/b>en <b>Champions<\/b>. Otro t\u00e9cnico que triunfa fuera de las fronteras espa\u00f1olas\u2026<\/p>\n<p class=\"\"><b>Vuelve la Champions y le toca visitar en Madrid al Atl\u00e9tico. \u00bfQu\u00e9 se espera?<\/b><\/p>\n<p class=\"\">Llegamos con mucha ilusi\u00f3n despu\u00e9s de un inicio complicado, pero supimos reaccionar despu\u00e9s de ese paso fallido El Atleti es un rival que tiene calidad, que si le das espacio te pueden hacer da\u00f1o. Vamos con la ilusi\u00f3n de imponer nuestro ritmo de partido, nuestro juego y dominar. Ser agresivo y protagonista. <\/p>\n<p class=\"\"><b>Recibieron una goleada del Barcelona, de las que duelen. <\/b><\/p>\n<p class=\"\">El Barcelona es una de las grandes referencias, es un modelo para seguir. Pero para nosotros es muy importante seguir nuestra se\u00f1a de identidad. Tenemos que ser muy exigentes con nosotros mismos y dar ese paso que tenemos que dar a nivel internacional. Es el siguiente objetivo para ponernos al nivel de Bar\u00e7a, Lyon, Chelsea o Arsenal. <\/p>\n<blockquote class=\"a_q\">\n<p>\u201cHemos jugado en Champions contra muchos gigantes: Arsenal, Bar\u00e7a, Juventus, PSG\u2026 Cada partido es como una final\u00bb<\/p>\n<p>Barcala<\/p><\/blockquote>\n<p class=\"\"><b>\u00bfQu\u00e9 le parece el nuevo formato de la Champions?<\/b><\/p>\n<p class=\"\">A m\u00ed personalmente me gusta, es fant\u00e1stico para el espectador. Se ven partidos de alto nivel desde el principio, cada enfrentamiento cuenta. Es important\u00edsimo el goal-average. La competici\u00f3n es mucho m\u00e1s atractiva y emocionante. Hemos jugado contra muchos gigantes: Arsenal, Bar\u00e7a, Juventus, PSG\u2026 Cada partido es como una final. <\/p>\n<p class=\"\"><b>\u00bfC\u00f3mo se dio su fichaje por el Bayern?<\/b><\/p>\n<p class=\"\">Una vez que sali\u00f3 Alexander Straus empezaron a llegar los contactos, mi referencia eran los dos a\u00f1os en el Suiza, en el Servette, donde logramos el doblete. Ven\u00eda antes de estar cinco a\u00f1os de la mano de Pedro Mart\u00ednez Losa en el f\u00fatbol internacional, selecci\u00f3n de Escocia, Girondins\u2026 <\/p>\n<p class=\"\"><b>\u00bfC\u00f3mo es estar en un gigante como el Bayern Munich?<\/b><\/p>\n<p class=\"\">La estructura es descomunal. Los recursos, el talento, el nivel de exigencia\u2026 pero al mismo tiempo dentro sientes que est\u00e1s en familia. Se toman decisiones en equipo, todo se consensua. En el d\u00eda a d\u00eda no sientes presi\u00f3n, aunque en la competici\u00f3n somos un grande y estamos exigidos a dar t\u00edtulos. <\/p>\n<p class=\"\"><b>Klara B\u00fchl es su gran estrella. Vaya partidazo en la Nations contra Espa\u00f1a. <\/b><\/p>\n<p class=\"\">Posiblemente sea de las personas a las que menos me haya sorprendido, tengo la fortuna de disfrutarla todos los d\u00edas. Es una especialista, una ganadora de duelos, muy h\u00e1bil, es extraordinaria. Lo m\u00e1s importante, y lo que m\u00e1s destaco de ella es que es una persona extraordinaria. Eso pasa mucho en el f\u00fatbol femenino, las mejores siguen estos patrones. Es una excelente profesional, es un gustazo. <\/p>\n<blockquote class=\"a_q\">\n<p>\u201cB\u00fchl trabaja como una bestia cada d\u00eda para lograrlo. Est\u00e1 claro que hay que copiar de las mejores y Aitana es una de ellas, sino la mejor\u201d<\/p>\n<p>Barcala<\/p><\/blockquote>\n<p class=\"\"><b>El seleccionador alem\u00e1n W\u00fcck le dijo a B\u00fchl que si copia dos cosas de Aitana llegar\u00e1 a ser la mejor del mundo. \u00bfLo piensa?<\/b><\/p>\n<p class=\"\">S\u00ed, por supuesto. Es muy joven y tiene margen de mejora. Trabaja como una bestia cada d\u00eda para lograrlo. Est\u00e1 claro que hay que copiar de las mejores y Aitana es una de ellas, sino la mejor. Las que ganan los Balones de Oro son futbolistas independientes, esas que se sientes bien bajo presi\u00f3n, que resuelven situaciones individualmente, que no necesitan la ayuda del colectivo\u2026 Klara es una de ellas. <\/p>\n<p class=\"\"><b>Espa\u00f1a es una referencia ya, \u00bfhay alguna jugadora que le haya sorprendido especialmente?<\/b><\/p>\n<p class=\"\">Sigo el f\u00fatbol espa\u00f1ol, destaco a las j\u00f3venes, en las categor\u00edas inferiores se est\u00e1 trabajando muy bien. El desarrollo del talento cada vez es mejor. Se ve en la Selecci\u00f3n y en los equipos espa\u00f1oles en Europa. Siempre son dominadores, con muy buen trato del bal\u00f3n. Y en esa l\u00ednea hay una jugadora, que ya es una realidad, que es de las mejores del mundo. Claudia Pina es una de mis debilidades. Ha dado un salto de nivel extraordinario. <\/p>\n<p class=\"\"><b>\u00bfEn qu\u00e9 momento cambi\u00f3 el f\u00fatbol masculino por el femenino?<\/b><\/p>\n<p class=\"\">En el 2019 Pedro Mart\u00ednez Losa me da la oportunidad de incorporarme a su staff en el Girondins. Estaba como entrenador en Australia y tom\u00e9 la decisi\u00f3n de dar el salto al f\u00fatbol femenino profesional. El m\u00edster me lo dio todo\u2026<\/p>\n<blockquote class=\"a_q\">\n<p>\u201cClaudia Pina es una de mis debilidades. Ha dado un salto de nivel extraordinario\u201d<\/p>\n<p>Barcala<\/p><\/blockquote>\n<p class=\"\"><b>Cuando cambian todos coinciden en el femenino engancha.<\/b><\/p>\n<p class=\"\">S\u00ed, las jugadoras son profesionales, exigentes pero humildes. Es un gustazo. Es el contexto perfecto. Engancha. <\/p>\n<p class=\"\"><b>Hay entrenadores espa\u00f1oles por todo el mundo triunfando\u2026<\/b><\/p>\n<p class=\"\">Lo que pasa es que la formaci\u00f3n de las licencias UEFA, PRO son accesibles y de mucha calidad. Existe mucha pasi\u00f3n, incluso cuando la retribuci\u00f3n econ\u00f3mica no est\u00e1 al nivel. No tenemos miedo a salir a otros pa\u00edses, se nos valora. Se junta la formaci\u00f3n de calidad con la m\u00e1xima adaptaci\u00f3n a la nueva cultura. <\/p>\n<p class=\"\"><b>Los resultados est\u00e1n ah\u00ed\u2026 ya tiene un t\u00edtulo con el Bayern.<\/b><\/p>\n<p class=\"\">Juan Carlos Amor\u00f3s, Jonathan Gir\u00e1ldez, Adri\u00e1n L\u00f3pez, Pedro y mil casos. Lo m\u00edo fue un partido, el de la Supercopa, no me quiero asumir mucho el m\u00e9rito (risas). <\/p>\n<p class=\"\"><b>\u00bfVolver a Espa\u00f1a es complicado? Por las condiciones\u2026<\/b><\/p>\n<p class=\"\">Esperemos que vaya cambiando y que se pueda volver en condiciones \u00f3ptimas para ello. No me cierro puertas porque es mi tierra, mi casa. Estoy disfrutando del f\u00fatbol de aqu\u00ed, que es fant\u00e1stico, me considero un afortunado por el proyecto que tengo en las manos. Llevo muchos a\u00f1os sin parar, es una suerte poder decirlo. <\/p>\n<p class=\"\"><b>El Bayern en el tema liga la exigencia es total, igual que el masculino. <\/b><\/p>\n<p class=\"\">Tenemos la obligaci\u00f3n de tener unos niveles de rendimientos muy alto, es m\u00e1ximo. La obligaci\u00f3n es siempre salir a ganar, ganarlo todo. Nos falta dar unos pasitos para tener ese dominio tambi\u00e9n en Europa. El club trabaja para eso, es muy ambicioso. <\/p>\n<p class=\"\"><b>Enfrente estar\u00e1 el Atl\u00e9tico, un hist\u00f3rico. <\/b><\/p>\n<p class=\"\">Es un club que lleva muchos a\u00f1os apostando, han ganado t\u00edtulos. Ahora es muy complejo ganarlos teniendo un transatl\u00e1ntico como es el Barcelona, que tiene una distancia tan grande. Siempre est\u00e1n en el top tres, habla muy bien de ellos. Sabemos que tienen calidad, tenemos que ser muy intensos, ser muy precisos. Tienen jugadoras para hacer da\u00f1o. <\/p>\n<blockquote class=\"a_q\">\n<p>\u201cEstamos entusiasmados con la llegada de Edna, queremos trabajar con ella cuanto antes\u201d<\/p>\n<p>Barcala<\/p><\/blockquote>\n<p class=\"\"><b>Edna Imade est\u00e1 cedida en la Real Sociedad, pero es propiedad del Bayern. \u00bfCu\u00e1l es el plan?<\/b><\/p>\n<p>Noticias relacionadas<\/p>\n<p class=\"\">Es un gran talento, y el Bayern como club grande siempre est\u00e1 detr\u00e1s de ese tipo de jugadoras j\u00f3venes con gran proyecci\u00f3n. Se demuestra que puede ser la gran referencia en Espa\u00f1a, ese 9 que es dif\u00edcil de ubicar. Estamos entusiasmados con su llegada, queremos trabajar con ella cuanto antes, para acelerar ese proceso de adaptaci\u00f3n. Creemos mucho en su talento. Ojal\u00e1 est\u00e9 con nosotros cuanto antes, es una de nuestras grandes inversiones.<\/p>\n<p class=\"\"><b>\u00a1Tus opiniones importan!<\/b> Comenta en los art\u00edculos y suscr\u00edbete gratis a nuestra <a href=\"https:\/\/asfan.as.com\/newsletters\/\" target=\"_blank\" rel=\"nofollow noopener\" title=\"https:\/\/asfan.as.com\/newsletters\/\">newsletter<\/a> y a las alertas informativas en la <a href=\"https:\/\/as.com\/aplicacion-de-as-n\/\" target=\"_blank\" rel=\"nofollow noopener\" title=\"https:\/\/as.com\/aplicacion-de-as-n\/\">App<\/a> o el canal de <a href=\"https:\/\/www.whatsapp.com\/channel\/0029VaAasdA7j6g745nz9M10\" target=\"_blank\" rel=\"nofollow noopener\" title=\"https:\/\/www.whatsapp.com\/channel\/0029VaAasdA7j6g745nz9M10\">WhatsApp<\/a>. \u00bfBuscas licenciar contenido? Haz clic <a href=\"https:\/\/profesional.elpais.com\/soluciones-sindicacion?utm_medium=interno&amp;utm_source=crosslinking&amp;utm_campaign=sindicacion_as_pie_articulos\" target=\"_blank\" rel=\"nofollow noopener\" title=\"https:\/\/profesional.elpais.com\/soluciones-sindicacion?utm_medium=interno&amp;utm_source=crosslinking&amp;utm_campaign=sindicacion_as_pie_articulos\">aqu\u00ed<\/a><\/p>\n","protected":false},"excerpt":{"rendered":"Jos\u00e9 Barcala (1981, Mea\u00f1o, Pontevedra) lleva unos meses en el banquillo del Bayern Munich donde ya sabe lo&hellip;\n","protected":false},"author":2,"featured_media":281052,"comment_status":"","ping_status":"","sticky":false,"template":"","format":"standard","meta":{"footnotes":""},"categories":[268],"tags":[168,25,24,280,282,281,23,167],"class_list":{"0":"post-281051","1":"post","2":"type-post","3":"status-publish","4":"format-standard","5":"has-post-thumbnail","7":"category-futbol","8":"tag-deportes","9":"tag-es","10":"tag-espana","11":"tag-football","12":"tag-futbol","13":"tag-soccer","14":"tag-spain","15":"tag-sports"},"share_on_mastodon":{"url":"https:\/\/pubeurope.com\/@es\/115695145798950929","error":""},"_links":{"self":[{"href":"https:\/\/www.europesays.com\/es\/wp-json\/wp\/v2\/posts\/281051","targetHints":{"allow":["GET"]}}],"collection":[{"href":"https:\/\/www.europesays.com\/es\/wp-json\/wp\/v2\/posts"}],"about":[{"href":"https:\/\/www.europesays.com\/es\/wp-json\/wp\/v2\/types\/post"}],"author":[{"embeddable":true,"href":"https:\/\/www.europesays.com\/es\/wp-json\/wp\/v2\/users\/2"}],"replies":[{"embeddable":true,"href":"https:\/\/www.europesays.com\/es\/wp-json\/wp\/v2\/comments?post=281051"}],"version-history":[{"count":0,"href":"https:\/\/www.europesays.com\/es\/wp-json\/wp\/v2\/posts\/281051\/revisions"}],"wp:featuredmedia":[{"embeddable":true,"href":"https:\/\/www.europesays.com\/es\/wp-json\/wp\/v2\/media\/281052"}],"wp:attachment":[{"href":"https:\/\/www.europesays.com\/es\/wp-json\/wp\/v2\/media?parent=281051"}],"wp:term":[{"taxonomy":"category","embeddable":true,"href":"https:\/\/www.europesays.com\/es\/wp-json\/wp\/v2\/categories?post=281051"},{"taxonomy":"post_tag","embeddable":true,"href":"https:\/\/www.europesays.com\/es\/wp-json\/wp\/v2\/tags?post=281051"}],"curies":[{"name":"wp","href":"https:\/\/api.w.org\/{rel}","templated":true}]}}