{"id":281055,"date":"2025-12-10T11:57:18","date_gmt":"2025-12-10T11:57:18","guid":{"rendered":"https:\/\/www.europesays.com\/es\/281055\/"},"modified":"2025-12-10T11:57:18","modified_gmt":"2025-12-10T11:57:18","slug":"laciana-un-retrato-intimista-de-la-memoria-minera-premio-lux","status":"publish","type":"post","link":"https:\/\/www.europesays.com\/es\/281055\/","title":{"rendered":"&#8216;Laciana&#8217;, un retrato intimista de la memoria minera, premio Lux"},"content":{"rendered":"<p class=\"paragraph\">La serie fotogr\u00e1fica \u00abLaciana\u00bb, de Arsenio Fern\u00e1ndez, &#8216;Arse Buzz&#8217;, ha sido reconocida con el Premio LUX Bronce 2025 en la categor\u00eda de Reportaje Social, uno de los galardones m\u00e1s prestigiosos del \u00e1mbito de la fotograf\u00eda profesional en Espa\u00f1a. La obra destaca por su capacidad para condensar, en solo tres im\u00e1genes, una historia que habla de tradici\u00f3n, de v\u00ednculos familiares y de un pasado minero que a\u00fan define el car\u00e1cter de la comarca.<\/p>\n<p class=\"paragraph\">Un momento \u00edntimo que revela toda una forma de vivir \u00abLaciana\u00bb se desarrolla en el interior de una casa de pueblo, durante los instantes previos a una boda. Lo que podr\u00eda ser un simple retrato de preparativos se convierte en una ventana a un territorio que ha vivido d\u00e9cadas de dureza, esfuerzo y profunda conexi\u00f3n con la tierra.<\/p>\n<p class=\"paragraph\">La serie enfrenta al espectador con un contraste emocional poderoso: la solemnidad del paisaje monta\u00f1oso, que envuelve y protege a la comarca, y la rudeza honesta de los rostros y gestos de quienes han crecido en un entorno marcado por la mina, la familia y la comunidad.<\/p>\n<p class=\"c-detail__media__subtitle\">\n<p>        Una de las tres fotos de la serie &#8216;Laciana&#8217;.ARSE RUZZ<\/p>\n<p class=\"paragraph\">En su conjunto, las tres im\u00e1genes componen una cr\u00f3nica visual de la vida en Laciana, donde la memoria del carb\u00f3n a\u00fan late en las miradas y la historia de las familias se escribe junto al paisaje.<br \/>\nEl jurado de los Premios LUX ha subrayado la fuerza narrativa de la serie y la capacidad del autor para transformar un momento cotidiano en un documento cultural de gran profundidad.<\/p>\n<p class=\"paragraph\">\u00abLaciana\u00bb no solo retrata una escena familiar: preserva un modo de vida que ha definido a la comarca durante d\u00e9cadas, haciendo visible una herencia que, lejos de desaparecer, sigue moldeando el presente.<\/p>\n<p class=\"paragraph\">\u00abEste premio es un reconocimiento a la gente de mi tierra. \u00abLaciana\u00bb nace de mi memoria y de mi v\u00ednculo con la comarca, y poder compartirlo desde un escenario nacional me emociona profundamente\u00bb, afirma su autor, Arsenio Fern\u00e1ndez, natural de Caboalles de Abajo. La serie ya hab\u00eda sido distinguida previamente en los Fine Art Awards internacionales, en la categor\u00eda People, lo que subraya su relevancia dentro y fuera de Espa\u00f1a.<\/p>\n<p class=\"c-detail__media__subtitle\">\n<p>        Laciana es un homenaje intimista a la memoria minera.ARSE RUZZ<\/p>\n","protected":false},"excerpt":{"rendered":"La serie fotogr\u00e1fica \u00abLaciana\u00bb, de Arsenio Fern\u00e1ndez, &#8216;Arse Buzz&#8217;, ha sido reconocida con el Premio LUX Bronce 2025&hellip;\n","protected":false},"author":2,"featured_media":281056,"comment_status":"","ping_status":"","sticky":false,"template":"","format":"standard","meta":{"footnotes":""},"categories":[173],"tags":[229,233,231,230,232,234,146,147,25,24,41419,12180,12179,23],"class_list":["post-281055","post","type-post","status-publish","format-standard","has-post-thumbnail","category-arte-y-diseno","tag-arte","tag-arte-y-diseno","tag-arts","tag-arts-and-design","tag-design","tag-diseno","tag-entertainment","tag-entretenimiento","tag-es","tag-espana","tag-laciana","tag-minas","tag-mineria","tag-spain"],"share_on_mastodon":{"url":"https:\/\/pubeurope.com\/@es\/115695153549231767","error":""},"_links":{"self":[{"href":"https:\/\/www.europesays.com\/es\/wp-json\/wp\/v2\/posts\/281055","targetHints":{"allow":["GET"]}}],"collection":[{"href":"https:\/\/www.europesays.com\/es\/wp-json\/wp\/v2\/posts"}],"about":[{"href":"https:\/\/www.europesays.com\/es\/wp-json\/wp\/v2\/types\/post"}],"author":[{"embeddable":true,"href":"https:\/\/www.europesays.com\/es\/wp-json\/wp\/v2\/users\/2"}],"replies":[{"embeddable":true,"href":"https:\/\/www.europesays.com\/es\/wp-json\/wp\/v2\/comments?post=281055"}],"version-history":[{"count":0,"href":"https:\/\/www.europesays.com\/es\/wp-json\/wp\/v2\/posts\/281055\/revisions"}],"wp:featuredmedia":[{"embeddable":true,"href":"https:\/\/www.europesays.com\/es\/wp-json\/wp\/v2\/media\/281056"}],"wp:attachment":[{"href":"https:\/\/www.europesays.com\/es\/wp-json\/wp\/v2\/media?parent=281055"}],"wp:term":[{"taxonomy":"category","embeddable":true,"href":"https:\/\/www.europesays.com\/es\/wp-json\/wp\/v2\/categories?post=281055"},{"taxonomy":"post_tag","embeddable":true,"href":"https:\/\/www.europesays.com\/es\/wp-json\/wp\/v2\/tags?post=281055"}],"curies":[{"name":"wp","href":"https:\/\/api.w.org\/{rel}","templated":true}]}}