{"id":281057,"date":"2025-12-10T11:59:07","date_gmt":"2025-12-10T11:59:07","guid":{"rendered":"https:\/\/www.europesays.com\/es\/281057\/"},"modified":"2025-12-10T11:59:07","modified_gmt":"2025-12-10T11:59:07","slug":"no-se-si-borja-y-almudena-acabaran-juntos-pero-tengo-claro-que-es-la-relacion-mas-bonita-que-ha-surgido-en-la-isla-de-las-tentaciones","status":"publish","type":"post","link":"https:\/\/www.europesays.com\/es\/281057\/","title":{"rendered":"No s\u00e9 si Borja y Almudena acabar\u00e1n juntos, pero tengo claro que es la relaci\u00f3n m\u00e1s bonita que ha surgido en &#8216;La isla de las tentaciones&#8217;"},"content":{"rendered":"<p>El soltero se ha convertido en el mayor apoyo de la malague\u00f1a, quien no reconoce las actitudes de su novio Dar\u00edo en la otra villa<\/p>\n<p>    <img loading=\"lazy\" decoding=\"async\" class=\"article-figure-img\" width=\"654\" height=\"368\" src=\"https:\/\/www.europesays.com\/es\/wp-content\/uploads\/2025\/12\/25a42ed76fa1aea7621078e7a18f4f88.jpg\"\/><\/p>\n<p>        Mediaset<\/p>\n<p class=\"bo-p\">Almudena y Dar\u00edo pasar\u00e1n a la historia en <b>La isla de las tentaciones 9<\/b>. No solo por ser la pareja m\u00e1s longeva del &#8216;reality&#8217;, con 11 a\u00f1os a sus espaldas juntos, tambi\u00e9n por protagonizar uno de los momentos m\u00e1s desgarradores de su historia. Desde <a href=\"https:\/\/www.sensacine.com\/television\/noticias\/noticia-1000177200.html\" class=\"bo-link\" rel=\"nofollow noopener\" target=\"_blank\">la primera hoguera de Almudena, en la que todos nos sentimos identificados<\/a>, hasta <a href=\"https:\/\/www.sensacine.com\/television\/noticias\/noticia-1000178631.html\" class=\"bo-link\" rel=\"nofollow noopener\" target=\"_blank\">la lapidaria frase de Dar\u00edo, que doli\u00f3 m\u00e1s que una infidelidad<\/a>, pasando por <a href=\"https:\/\/www.sensacine.com\/television\/noticias\/noticia-1000179671.html\" class=\"bo-link\" rel=\"nofollow noopener\" target=\"_blank\">el reencuentro m\u00e1s tenso de la novena edici\u00f3n<\/a> del formato presentado por <a href=\"https:\/\/www.sensacine.com\/actores\/actor-971274\/\" class=\"bo-link\" rel=\"nofollow noopener\" target=\"_blank\">Sandra Barneda<\/a>.<\/p>\n<p class=\"bo-p\">Tras el reencuentro de la pareja en el espejo, la entrega emitida este lunes 9 de diciembre mostr\u00f3 el regreso de los protagonistas. <b>La frialdad y tenacidad de Dar\u00edo contrastaron con la serenidad y tranquilidad que Borja mostr\u00f3 a Almudena a su llegada a la villa<\/b>. \u00abMe rompe verte as\u00ed. \u00bfHace cu\u00e1nto no ves amor en \u00e9l? \u00bfEs de ahora o es de hace unos a\u00f1os?\u00bb, le hizo reflexionar el tentador mientras le abrazaba.<\/p>\n<p>                                <img loading=\"lazy\" decoding=\"async\" class=\"article-figure-img\" src=\"https:\/\/www.europesays.com\/es\/wp-content\/uploads\/2025\/12\/12caedc79fc64be5b055d9458a402ace.jpg\" width=\"640\" height=\"320\" alt=\"\"\/><\/p>\n<p>                                    Mediaset<\/p>\n<p class=\"bo-p\">\u00abLo \u00fanico que quiero que entiendas y sepas que todo lo que est\u00e1s viviendo aqu\u00ed, incluso estas cosas que no te gustan una mierda, esas que t\u00fa piensas que te est\u00e1n rompiendo, est\u00e1n construyendo a una nueva Almudena. Estabas tan ciega de amor, que no te dabas cuenta realmente del amor que te faltaba\u00bb, a\u00f1adi\u00f3 Borja, mostrando su apoyo a la malague\u00f1a y acompa\u00f1\u00e1ndolo de un abrazo que la hizo volver a romperse, esta vez de emoci\u00f3n al escucharlo.<\/p>\n<p>Borja, el mejor soltero de &#8216;La isla de las tentaciones&#8217;<\/p>\n<p class=\"bo-p\">Este gesto de Borja demuestra, una vez m\u00e1s, que es el mejor soltero que ha pasado por La isla de las tentaciones. \u00abY no admito debate\u00bb, zanja un espectador del &#8216;reality&#8217; en X (antes Twitter). \u00ab<b>Borja consolando a Almudena es todo lo que est\u00e1 bien en esta edici\u00f3n<\/b>\u00ab, afirma otro seguidor del formato en las redes sociales. Y raz\u00f3n no les falta. El apoyo del onubense a Almudena est\u00e1 siendo vital para que la malague\u00f1a lleve mejor el \u00abduelo\u00bb por ver su relaci\u00f3n de m\u00e1s de una d\u00e9cada rota, y lo est\u00e1 haciendo con una gran empat\u00eda nunca vista en el formato.<\/p>\n<p>            Hace 9 a\u00f1os que apareci\u00f3 por primera vez en televisi\u00f3n, ahora esta concursante de realities anuncia su retirada: \u00abNecesito cerrar esta etapa\u00bb<\/p>\n<p class=\"bo-p\">Pero la relaci\u00f3n entre el tentador y Almudena va m\u00e1s all\u00e1 del apoyo. Se nota que la malague\u00f1a est\u00e1  ilusionada con esta nueva relaci\u00f3n que, por el momento, no se sabe si ir\u00e1 a m\u00e1s. Lo que est\u00e1 claro es que ambos est\u00e1n forjando una relaci\u00f3n \u00aba fuego lento\u00bb. \u00ab<b>Aunque ojal\u00e1 sea el comienzo de algo precioso, dejar atr\u00e1s a Dar\u00edo y elegirse a ella ya es una victoria<\/b>\u00ab, se\u00f1ala un espectador en las redes sociales.<\/p>\n","protected":false},"excerpt":{"rendered":"El soltero se ha convertido en el mayor apoyo de la malague\u00f1a, quien no reconoce las actitudes de&hellip;\n","protected":false},"author":2,"featured_media":281058,"comment_status":"","ping_status":"","sticky":false,"template":"","format":"standard","meta":{"footnotes":""},"categories":[171],"tags":[146,147,25,24,23,214],"class_list":{"0":"post-281057","1":"post","2":"type-post","3":"status-publish","4":"format-standard","5":"has-post-thumbnail","7":"category-tv","8":"tag-entertainment","9":"tag-entretenimiento","10":"tag-es","11":"tag-espana","12":"tag-spain","13":"tag-tv"},"share_on_mastodon":{"url":"https:\/\/pubeurope.com\/@es\/115695162460730327","error":""},"_links":{"self":[{"href":"https:\/\/www.europesays.com\/es\/wp-json\/wp\/v2\/posts\/281057","targetHints":{"allow":["GET"]}}],"collection":[{"href":"https:\/\/www.europesays.com\/es\/wp-json\/wp\/v2\/posts"}],"about":[{"href":"https:\/\/www.europesays.com\/es\/wp-json\/wp\/v2\/types\/post"}],"author":[{"embeddable":true,"href":"https:\/\/www.europesays.com\/es\/wp-json\/wp\/v2\/users\/2"}],"replies":[{"embeddable":true,"href":"https:\/\/www.europesays.com\/es\/wp-json\/wp\/v2\/comments?post=281057"}],"version-history":[{"count":0,"href":"https:\/\/www.europesays.com\/es\/wp-json\/wp\/v2\/posts\/281057\/revisions"}],"wp:featuredmedia":[{"embeddable":true,"href":"https:\/\/www.europesays.com\/es\/wp-json\/wp\/v2\/media\/281058"}],"wp:attachment":[{"href":"https:\/\/www.europesays.com\/es\/wp-json\/wp\/v2\/media?parent=281057"}],"wp:term":[{"taxonomy":"category","embeddable":true,"href":"https:\/\/www.europesays.com\/es\/wp-json\/wp\/v2\/categories?post=281057"},{"taxonomy":"post_tag","embeddable":true,"href":"https:\/\/www.europesays.com\/es\/wp-json\/wp\/v2\/tags?post=281057"}],"curies":[{"name":"wp","href":"https:\/\/api.w.org\/{rel}","templated":true}]}}