{"id":281062,"date":"2025-12-10T12:02:40","date_gmt":"2025-12-10T12:02:40","guid":{"rendered":"https:\/\/www.europesays.com\/es\/281062\/"},"modified":"2025-12-10T12:02:40","modified_gmt":"2025-12-10T12:02:40","slug":"la-lluvia-de-peluches-sera-el-proximo-21-de-diciembre-en-el-real-betis-getafe-cf","status":"publish","type":"post","link":"https:\/\/www.europesays.com\/es\/281062\/","title":{"rendered":"La lluvia de peluches ser\u00e1 el pr\u00f3ximo 21 de diciembre en el Real Betis &#8211; Getafe CF"},"content":{"rendered":"<p>El Real Betis pone en marcha una temporada m\u00e1s la tradicional lluvia de peluches, una acci\u00f3n solidaria en la que los aficionados lanzan al terreno de juego peluches que son donados a diferentes asociaciones con el objetivo de que ning\u00fan ni\u00f1o se quede sin un regalo en esta Navidad.<\/p>\n<p>En esta ocasi\u00f3n, esta iniciativa, que arranc\u00f3 en 2018, se realizar\u00e1 durante el Real Betis &#8211; Getafe CF del pr\u00f3ximo domingo 21 de diciembre, encuentro correspondiente a la 17\u00aa jornada liguera que se disputa en el Estadio La Cartuja a las 21:00 horas.<\/p>\n<p>El Real Betis y su Fundaci\u00f3n animan a todos los aficionados a participar, pero, a fin de que la acci\u00f3n pueda desarrollarse de manera segura, es necesario cumplir algunos requerimientos, sobre todo relativos a las dimensiones y caracter\u00edsticas de estos juguetes.\u00a0\u00a0<\/p>\n<ul>\n<li>Los peluches no pueden superar los 30 cent\u00edmetros en ninguna de sus dimensiones ni los 200 gramos de peso.<\/li>\n<\/ul>\n<ul>\n<li>No pueden tener bater\u00edas, ni internas ni externas, ni otros elementos duros que pudieran causar da\u00f1os al ser lanzados.<\/li>\n<\/ul>\n<p>Aquellos peluches que no cumplan estos requisitos ser\u00e1n recogidos en las puertas de acceso y, por supuesto, entregados a las distintas organizaciones.\u00a0<\/p>\n<p>El lanzamiento se realizar\u00e1 en el descanso una vez que finalice la cuenta regresiva que los asistentes podr\u00e1n seguir por los videomarcadores del estadio.\u00a0<\/p>\n<p>Por otro lado, la venta general para este partido, el \u00faltimo de 2025, ya est\u00e1 disponible. Las localidades pueden adquirirse haciendo clic <a href=\" http:\/\/rbbsms.es\/XsKdSM\" target=\"_blank\" style=\"font-weight: bold; text-decoration-line: underline;\">EN ESTE ENLACE<\/a>.<\/p>\n","protected":false},"excerpt":{"rendered":"El Real Betis pone en marcha una temporada m\u00e1s la tradicional lluvia de peluches, una acci\u00f3n solidaria en&hellip;\n","protected":false},"author":2,"featured_media":281063,"comment_status":"","ping_status":"","sticky":false,"template":"","format":"standard","meta":{"footnotes":""},"categories":[93],"tags":[14295,291,168,25,24,798,286,23,167],"class_list":{"0":"post-281062","1":"post","2":"type-post","3":"status-publish","4":"format-standard","5":"has-post-thumbnail","7":"category-deportes","8":"tag-balompie","9":"tag-betis","10":"tag-deportes","11":"tag-es","12":"tag-espana","13":"tag-real","14":"tag-real-betis-balompie","15":"tag-spain","16":"tag-sports"},"share_on_mastodon":{"url":"https:\/\/pubeurope.com\/@es\/115695173382234049","error":""},"_links":{"self":[{"href":"https:\/\/www.europesays.com\/es\/wp-json\/wp\/v2\/posts\/281062","targetHints":{"allow":["GET"]}}],"collection":[{"href":"https:\/\/www.europesays.com\/es\/wp-json\/wp\/v2\/posts"}],"about":[{"href":"https:\/\/www.europesays.com\/es\/wp-json\/wp\/v2\/types\/post"}],"author":[{"embeddable":true,"href":"https:\/\/www.europesays.com\/es\/wp-json\/wp\/v2\/users\/2"}],"replies":[{"embeddable":true,"href":"https:\/\/www.europesays.com\/es\/wp-json\/wp\/v2\/comments?post=281062"}],"version-history":[{"count":0,"href":"https:\/\/www.europesays.com\/es\/wp-json\/wp\/v2\/posts\/281062\/revisions"}],"wp:featuredmedia":[{"embeddable":true,"href":"https:\/\/www.europesays.com\/es\/wp-json\/wp\/v2\/media\/281063"}],"wp:attachment":[{"href":"https:\/\/www.europesays.com\/es\/wp-json\/wp\/v2\/media?parent=281062"}],"wp:term":[{"taxonomy":"category","embeddable":true,"href":"https:\/\/www.europesays.com\/es\/wp-json\/wp\/v2\/categories?post=281062"},{"taxonomy":"post_tag","embeddable":true,"href":"https:\/\/www.europesays.com\/es\/wp-json\/wp\/v2\/tags?post=281062"}],"curies":[{"name":"wp","href":"https:\/\/api.w.org\/{rel}","templated":true}]}}