{"id":281074,"date":"2025-12-10T12:08:08","date_gmt":"2025-12-10T12:08:08","guid":{"rendered":"https:\/\/www.europesays.com\/es\/281074\/"},"modified":"2025-12-10T12:08:08","modified_gmt":"2025-12-10T12:08:08","slug":"ultima-hora-de-la-actualidad-politica-en-directo-bolanos-sobre-la-sentencia-del-fiscal-general-cabia-una-interpretacion-mas-favorable-de-la-presuncion-de-inocencia-espana","status":"publish","type":"post","link":"https:\/\/www.europesays.com\/es\/281074\/","title":{"rendered":"\u00daltima hora de la actualidad pol\u00edtica, en directo | Bola\u00f1os, sobre la sentencia del fiscal general: \u201cCab\u00eda una interpretaci\u00f3n m\u00e1s favorable de la presunci\u00f3n de inocencia\u201d | Espa\u00f1a"},"content":{"rendered":"<p class=\"ev-title\">Teresa Peramato promete su cargo como fiscal general del Estado ante el Rey<\/p>\n<p>La nueva fiscal general del Estado, Teresa Peramato, ha prometido este mi\u00e9rcoles su cargo ante el Rey Felipe VI en un acto celebrado en el Palacio de la Zarzuela y al que tambi\u00e9n han asistido el presidente del Gobierno, Pedro S\u00e1nchez, y la presidenta del Tribunal Supremo y del Consejo General del Poder Judicial (CGPJ), Isabel Perell\u00f3.<\/p>\n<p>La ceremonia, presidida por el monarca, ha tenido lugar el d\u00eda siguiente del nombramiento de Peramato por parte del Consejo Ministros, y se ha celebrado en el Sal\u00f3n de Audiencias del Palacio, donde la nueva fiscal general ha prometido su cargo ante un ejemplar de la Constituci\u00f3n facs\u00edmil del original de 1978. \u201cPrometo, por mi conciencia y honor, cumplir fielmente las obligaciones del cargo de fiscal general del Estado, con lealtad al Rey, y guardar y hacer guardar la Constituci\u00f3n como norma fundamental del Estado\u201d, ha pronunciado la nueva jefa de la Fiscal\u00eda sobre el volumen constitucional abierto por el art\u00edculo 124, relativo al Ministerio Fiscal.<\/p>\n<p>Este art\u00edculo, sobre el que la nueva fiscal general no ha posado su mano, dictamina que el Ministerio Fiscal \u201ctiene por misi\u00f3n promover la acci\u00f3n de la justicia en defensa de la legalidad, de los derechos de los ciudadanos y del inter\u00e9s p\u00fablico tutelado por la ley, de oficio o a petici\u00f3n de los interesados\u201d, as\u00ed como \u201cvelar por la independencia de los Tribunales y procurar ante estos la satisfacci\u00f3n del inter\u00e9s social\u201d.<\/p>\n<p>Tambi\u00e9n han estado presentes durante el acto el ministro de la Presidencia, Justicia y Relaciones con las Cortes, F\u00e9lix Bola\u00f1os, en su condici\u00f3n de notario mayor del Reino; la presidenta del Congreso, Francisca Armengol; el presidente del Senado, Pedro Roll\u00e1n; o el jefe de la Casa del Rey, Camilo Villarino, entre otros. (EP)<\/p>\n","protected":false},"excerpt":{"rendered":"Teresa Peramato promete su cargo como fiscal general del Estado ante el Rey La nueva fiscal general del&hellip;\n","protected":false},"author":2,"featured_media":281075,"comment_status":"","ping_status":"","sticky":false,"template":"","format":"standard","meta":{"footnotes":""},"categories":[8],"tags":[6069,17,18,4456,6913,25,24,13,14,582,6909,248,11,19,20,6910,9,10,15,16,957,2959,952,1670,956,6914,6912,23,4453,12,21,22,624,6911,4454],"class_list":{"0":"post-281074","1":"post","2":"type-post","3":"status-publish","4":"format-standard","5":"has-post-thumbnail","7":"category-espana","8":"tag-alberto-nunez-feijoo","9":"tag-breaking-news","10":"tag-breakingnews","11":"tag-congreso-diputados","12":"tag-debates-parlamentarios","13":"tag-es","14":"tag-espana","15":"tag-featured-news","16":"tag-featurednews","17":"tag-gobierno","18":"tag-gobierno-de-coalicion","19":"tag-gobierno-de-espana","20":"tag-headlines","21":"tag-latest-news","22":"tag-latestnews","23":"tag-legislaturas-politicas","24":"tag-news","25":"tag-noticias","26":"tag-noticias-destacadas","27":"tag-noticiasdestacadas","28":"tag-partidos-politicos","29":"tag-pedro-sanchez","30":"tag-politica","31":"tag-politicos","32":"tag-pp","33":"tag-santiago-abascal","34":"tag-senado","35":"tag-spain","36":"tag-sumar","37":"tag-titulares","38":"tag-ultimas-noticias","39":"tag-ultimasnoticias","40":"tag-vox","41":"tag-xv-legislatura-espana","42":"tag-yolanda-diaz"},"share_on_mastodon":{"url":"","error":"Validation failed: Text character limit of 500 exceeded"},"_links":{"self":[{"href":"https:\/\/www.europesays.com\/es\/wp-json\/wp\/v2\/posts\/281074","targetHints":{"allow":["GET"]}}],"collection":[{"href":"https:\/\/www.europesays.com\/es\/wp-json\/wp\/v2\/posts"}],"about":[{"href":"https:\/\/www.europesays.com\/es\/wp-json\/wp\/v2\/types\/post"}],"author":[{"embeddable":true,"href":"https:\/\/www.europesays.com\/es\/wp-json\/wp\/v2\/users\/2"}],"replies":[{"embeddable":true,"href":"https:\/\/www.europesays.com\/es\/wp-json\/wp\/v2\/comments?post=281074"}],"version-history":[{"count":0,"href":"https:\/\/www.europesays.com\/es\/wp-json\/wp\/v2\/posts\/281074\/revisions"}],"wp:featuredmedia":[{"embeddable":true,"href":"https:\/\/www.europesays.com\/es\/wp-json\/wp\/v2\/media\/281075"}],"wp:attachment":[{"href":"https:\/\/www.europesays.com\/es\/wp-json\/wp\/v2\/media?parent=281074"}],"wp:term":[{"taxonomy":"category","embeddable":true,"href":"https:\/\/www.europesays.com\/es\/wp-json\/wp\/v2\/categories?post=281074"},{"taxonomy":"post_tag","embeddable":true,"href":"https:\/\/www.europesays.com\/es\/wp-json\/wp\/v2\/tags?post=281074"}],"curies":[{"name":"wp","href":"https:\/\/api.w.org\/{rel}","templated":true}]}}