{"id":281086,"date":"2025-12-10T12:19:11","date_gmt":"2025-12-10T12:19:11","guid":{"rendered":"https:\/\/www.europesays.com\/es\/281086\/"},"modified":"2025-12-10T12:19:11","modified_gmt":"2025-12-10T12:19:11","slug":"adios-a-robe-iniesta-un-repaso-de-su-carrera-en-diez-videos-musica","status":"publish","type":"post","link":"https:\/\/www.europesays.com\/es\/281086\/","title":{"rendered":"Adi\u00f3s a Robe Iniesta: un repaso de su carrera en diez v\u00eddeos | M\u00fasica"},"content":{"rendered":"<p class=\"loc\">Madrid<\/p>\n<p>Las palabras se quedan cortas para <a href=\"https:\/\/cadenaser.com\/extremadura\/2025\/12\/10\/muere-robe-iniesta-a-los-63-anos-radio-extremadura\/\" target=\"_blank\" rel=\"noreferrer nofollow noopener\" title=\"https:\/\/cadenaser.com\/extremadura\/2025\/12\/10\/muere-robe-iniesta-a-los-63-anos-radio-extremadura\/\">despedir a Robe Iniesta<\/a>. Muchos <a href=\"https:\/\/cadenaser.com\/nacional\/2025\/12\/10\/que-te-entierren-con-la-picha-por-fuera-espana-llora-a-robe-iniesta-con-sus-mejores-versos-cadena-ser\/\" target=\"_blank\" rel=\"noreferrer nofollow noopener\" title=\"https:\/\/cadenaser.com\/nacional\/2025\/12\/10\/que-te-entierren-con-la-picha-por-fuera-espana-llora-a-robe-iniesta-con-sus-mejores-versos-cadena-ser\/\">parafrasean algunas de sus canciones o poemas para recordarle<\/a> con la tristeza de que ha muerto uno de los mejores letristas de este pa\u00eds. El l\u00edder de Extremoduro utilizaba sus letras como parapeto para intentar pasar desapercibido, pero nunca lo consegu\u00eda. Precisamente parte de su carisma resid\u00eda en su discreci\u00f3n. Su arte hablaba por \u00e9l y, las pocas veces que hac\u00eda declaraciones, no dejaban a nadie indiferente. Si en su m\u00fasica utilizaba la met\u00e1fora, en las (pocas) entrevistas que conced\u00eda hablaba claro. <\/p>\n<p><img decoding=\"async\" src=\"https:\/\/www.europesays.com\/es\/wp-content\/uploads\/2025\/12\/ZIBLL2C7DBA65LJENWCG7SEOZU.jpg\" alt=\"Drogas y jubilaci\u00f3n: Robe Iniesta (Extremoduro) cuenta en la SER lo que nunca hab\u00eda dicho en sus canciones\" width=\"240\" height=\"135\"  loading=\"lazy\"\/>1990: los inicios<\/p>\n<p>El archivo de RTVE es uno de esos pocos lugares donde se guardan joyas musicales. Esta actuaci\u00f3n en el programa Plastic en 1990 en la que Robe canta Jesucristo Garc\u00eda disfrazado ya queda para el recuerdo.<\/p>\n<p>1996: Extrechinato y t\u00fa<\/p>\n<p>En 1996 Extremoduro se ali\u00f3 con otro de los grupos del momento, Platero y t\u00fa y formaron un proyecto musical llamado Extrechinato y t\u00fa. Durante la rueda de prensa de presentaci\u00f3n, Robe Iniesta insist\u00eda en que, en realidad, ambas bandas quer\u00eda que el protagonismo se lo llevara otra persona: \u00abTodo esto gira alrededor de Manolo Chinato\u00bb, dec\u00eda en referencia al poeta extreme\u00f1o que era el autor de la mayor\u00eda de las canciones de ese disco titulado Poes\u00eda B\u00e1sica.<\/p>\n<p>2002: la gran gira<\/p>\n<p>A principios de los a\u00f1os 2000 Extremoduro segu\u00eda estando en uno de sus mejores momentos tras la publicaci\u00f3n del disco Yo, minor\u00eda absoluta. Este v\u00eddeo recopila actuaciones de 2002 de aquella gira a su paso por Bilbao, Lesaka y la Cubierta de Legan\u00e9s interpretando La vereda de la puerta de atr\u00e1s, una de las canciones m\u00e1s emblem\u00e1ticas del grupo: <\/p>\n<p>2013: v\u00eddeo viral&#8230; a\u00f1os despu\u00e9s<\/p>\n<p>En 2013 se public\u00f3 un documental titulado Todos somos estrellas que hablaba sobre un grupo llamado Tabletom del que Robe Iniesta era seguidor. El cantante de Extremoduro participaba en ese documental y hac\u00eda una reflexi\u00f3n sobre el \u00e9xito que \u00faltimamente se ha hecho viral en redes sociales: \u00abQue le guste a mucha gente no quiere decir nada, porque la mayor\u00eda de la gente es idiota. Que un grupo sea mejor porque le guste a m\u00e1s gente, entonces \u00bfqu\u00e9 ser\u00eda lo mejor?, \u00bflas canciones del verano? \u00bfSer\u00eda la m\u00fasica cl\u00e1sica una puta mierda? Yo no lo creo. \u00bfEres mejor si te aguanta o le gusta a mucha gente o si a poca gente le gusta mucho?\u00bb, preguntaba.<\/p>\n<p>2014: Medalla de Extremadura<\/p>\n<p>Un a\u00f1o despu\u00e9s, en 2014, Robe Iniesta recibi\u00f3 la Medalla de Extremadura y dio un discurso muy emotivo en el teatro de M\u00e9rida cuando comenz\u00f3 diciendo que lo primero que hizo cuando le comunicaron el premio fue buscar excusas para no ir: \u00abYa que estoy aqu\u00ed voy a intentar que todo esto sirva para algo\u00bb, dijo, y pidi\u00f3 locales de ensayo y locales para creadores \u00aben todas las ciudades y pueblos de Extremadura\u00bb.<\/p>\n<p>2015: primer disco en solitario<\/p>\n<p>En 2015, Robe Iniesta publica su primer disco en solitario: Lo que aletea en nuestras cabezas. Extremoduro segu\u00eda en paralelo pero \u00e9l mismo reconoc\u00eda que hab\u00eda que darle \u00abun respiro\u00bb al grupo.<\/p>\n<p>2019: Extremoduro se separa<\/p>\n<p>En 2019 <a href=\"https:\/\/cadenaser.com\/ser\/2019\/12\/17\/cultura\/1576618050_169691.html\" target=\"_blank\" rel=\"noreferrer nofollow noopener\" title=\"https:\/\/cadenaser.com\/ser\/2019\/12\/17\/cultura\/1576618050_169691.html\">Extremoduro anunci\u00f3 su separaci\u00f3n<\/a> alegando<b> <\/b>falta de \u00abcompenetraci\u00f3n\u00bb entre los miembros del grupo. Se despidieron con una gira muy extensa por todo el pa\u00eds.<\/p>\n<p>2021: problemas con la gira<\/p>\n<p>La pandemia pas\u00f3 factura a muchos artistas y Robe Iniesta no qued\u00f3 excluido. Tras cancelar dos veces la gira de despedida de Extremoduro, <a href=\"https:\/\/cadenaser.com\/ser\/2021\/08\/25\/cultura\/1629909627_061442.html\" target=\"_blank\" rel=\"noreferrer nofollow noopener\" title=\"https:\/\/cadenaser.com\/ser\/2021\/08\/25\/cultura\/1629909627_061442.html\">el cantante no ocultaba sus desavenencias con la promotora:<\/a> \u00abNo han querido hacer la gira porque no han querido esperar a que pasara la pandemia para poner nuevas fechas, que es lo \u00fanico sensato que se pod\u00eda hacer en esta situaci\u00f3n\u00bb, explic\u00f3.<\/p>\n<p>2024: la \u00faltima gira<\/p>\n<p>En diciembre de 2023 Robe Iniesta public\u00f3 el que ser\u00eda su \u00faltimo disco, Se nos lleva el aire. Una obra maestra que pudo presentar en directo durante una extensa gira en 2024 hasta que <a href=\"https:\/\/cadenaser.com\/nacional\/2024\/11\/15\/robe-extremoduro-cancela-sus-conciertos-en-madrid-este-fin-de-semana-por-motivos-de-salud-cadena-ser\/\" target=\"_blank\" rel=\"noreferrer nofollow noopener\" title=\"https:\/\/cadenaser.com\/nacional\/2024\/11\/15\/robe-extremoduro-cancela-sus-conciertos-en-madrid-este-fin-de-semana-por-motivos-de-salud-cadena-ser\/\">tuvo que cancelar sus \u00faltimos conciertos en Madrid por problemas de salud<\/a>. Hasta entonces Robe demostr\u00f3 que habiendo superado los 60 a\u00f1os segu\u00eda en plena forma para mantener un directo de m\u00e1s de dos horas. <\/p>\n<p>2025: el adi\u00f3s<\/p>\n<p>El \u00faltimo v\u00eddeo de su canal de YouTube es una despedida que repasa algunas de las im\u00e1genes de esa \u00faltima gira. Hasta siempre Robe. Hasta siempre, siempre, siempre.<\/p>\n","protected":false},"excerpt":{"rendered":"Madrid Las palabras se quedan cortas para despedir a Robe Iniesta. Muchos parafrasean algunas de sus canciones o&hellip;\n","protected":false},"author":2,"featured_media":281087,"comment_status":"","ping_status":"","sticky":false,"template":"","format":"standard","meta":{"footnotes":""},"categories":[174],"tags":[255,146,147,25,24,256,23],"class_list":{"0":"post-281086","1":"post","2":"type-post","3":"status-publish","4":"format-standard","5":"has-post-thumbnail","7":"category-famosos","8":"tag-celebrities","9":"tag-entertainment","10":"tag-entretenimiento","11":"tag-es","12":"tag-espana","13":"tag-famosos","14":"tag-spain"},"share_on_mastodon":{"url":"https:\/\/pubeurope.com\/@es\/115695240608282232","error":""},"_links":{"self":[{"href":"https:\/\/www.europesays.com\/es\/wp-json\/wp\/v2\/posts\/281086","targetHints":{"allow":["GET"]}}],"collection":[{"href":"https:\/\/www.europesays.com\/es\/wp-json\/wp\/v2\/posts"}],"about":[{"href":"https:\/\/www.europesays.com\/es\/wp-json\/wp\/v2\/types\/post"}],"author":[{"embeddable":true,"href":"https:\/\/www.europesays.com\/es\/wp-json\/wp\/v2\/users\/2"}],"replies":[{"embeddable":true,"href":"https:\/\/www.europesays.com\/es\/wp-json\/wp\/v2\/comments?post=281086"}],"version-history":[{"count":0,"href":"https:\/\/www.europesays.com\/es\/wp-json\/wp\/v2\/posts\/281086\/revisions"}],"wp:featuredmedia":[{"embeddable":true,"href":"https:\/\/www.europesays.com\/es\/wp-json\/wp\/v2\/media\/281087"}],"wp:attachment":[{"href":"https:\/\/www.europesays.com\/es\/wp-json\/wp\/v2\/media?parent=281086"}],"wp:term":[{"taxonomy":"category","embeddable":true,"href":"https:\/\/www.europesays.com\/es\/wp-json\/wp\/v2\/categories?post=281086"},{"taxonomy":"post_tag","embeddable":true,"href":"https:\/\/www.europesays.com\/es\/wp-json\/wp\/v2\/tags?post=281086"}],"curies":[{"name":"wp","href":"https:\/\/api.w.org\/{rel}","templated":true}]}}