{"id":281100,"date":"2025-12-10T12:27:09","date_gmt":"2025-12-10T12:27:09","guid":{"rendered":"https:\/\/www.europesays.com\/es\/281100\/"},"modified":"2025-12-10T12:27:09","modified_gmt":"2025-12-10T12:27:09","slug":"el-mago-pop-anuncia-una-gira-mundial-de-magia-por-estadios-en-la-que-la-primera-parada-sera-el-santiago-bernabeu","status":"publish","type":"post","link":"https:\/\/www.europesays.com\/es\/281100\/","title":{"rendered":"El Mago Pop anuncia una gira mundial de magia por estadios en la que la primera parada ser\u00e1 el Santiago Bernab\u00e9u"},"content":{"rendered":"<p class=\"c-paragraph\">El <b><a href=\"https:\/\/www.20minutos.es\/tags\/temas\/el-mago-pop.html\" title=\"El Mago Pop\" rel=\"nofollow noopener\" target=\"_blank\">Mago Pop<\/a><\/b> ha celebrado este mi\u00e9rcoles, en su teatro Victoria, en Barcelona, un evento lleno de noticias en el que la mayor de todas ha sido que realizar\u00e1 algo nunca visto en el mundo de la magia:\u00a0<b>una gira mundial por estadios en la que la primera parada ser\u00e1 el Bernab\u00e9u y concluir\u00e1 en el Camp Nou. <\/b>Comenzar\u00e1<b> en 2027, <\/b>pero a\u00fan no pueden revelar m\u00e1s detalles, ni de las ciudades de todo el globo en las que se realizar\u00e1 ni de c\u00f3mo ser\u00e1 el espect\u00e1culo, ya que el anuncio se har\u00e1 en algunas semanas de forma simult\u00e1nea junto al propio estadio Santiago Bernab\u00e9u.<\/p>\n<p class=\"c-paragraph\">La sesi\u00f3n ha comenzado con\u00a0<a href=\"https:\/\/www.20minutos.es\/tags\/personas\/alex-gonzalez.html\" title=\"\u00c1lex Gonz\u00e1lez\" rel=\"nofollow noopener\" target=\"_blank\">\u00c1lex Gonz\u00e1lez<\/a>, <a href=\"https:\/\/www.20minutos.es\/tags\/personas\/jessica-goicoechea.html\" title=\"Jessica Goicoechea\" rel=\"nofollow noopener\" target=\"_blank\">Jessica Goicoechea<\/a> y <a href=\"https:\/\/www.20minutos.es\/tags\/temas\/aaron-paul.html\" title=\"Aaron Paul\" rel=\"nofollow noopener\" target=\"_blank\">Aaron Paul<\/a>, ellos han abierto una presentaci\u00f3n en la que, en espa\u00f1ol, catal\u00e1n e ingl\u00e9s respectivamente, han asegurado estar ante <b>un d\u00eda clave en el futuro del mundo del espect\u00e1culo,<\/b> una jornada que ha comenzado con un repaso a los primeros 5 a\u00f1os del teatro Victoria con el Mago Pop al frente.<\/p>\n<p class=\"c-paragraph\">Les han seguido en el escenario otras tres estrellas: Darko Peric (Helsinki en La casa de papel), <a href=\"https:\/\/www.20minutos.es\/tags\/personas\/martina-klein.html\" title=\"Martina Klein\" rel=\"nofollow noopener\" target=\"_blank\">Martina Klein<\/a> y <a href=\"https:\/\/www.20minutos.es\/tags\/personas\/leonor-watling.html\" title=\"Leonor Watling\" rel=\"nofollow noopener\" target=\"_blank\">Leonor Watling<\/a>. Ellos han sido los encargados de revelar que\u00a0<b>Mar i cel, el musical m\u00e1s exitoso de la historia de Catalu\u00f1a,<\/b> volver\u00e1 al teatro Victoria<\/p>\n<p class=\"c-paragraph\"><a href=\"https:\/\/www.20minutos.es\/tags\/personas\/jon-kortajarena.html\" title=\"Jon Kortajarena\" rel=\"nofollow noopener\" target=\"_blank\">Jon Kortajarena<\/a> y <a href=\"https:\/\/www.20minutos.es\/tags\/personas\/paz-vega.html\" title=\"Paz Vega\" rel=\"nofollow noopener\" target=\"_blank\">Paz Vega<\/a> han tra\u00eddo otra gran noticia, la creaci\u00f3n de unos nuevos premios de la industria del espect\u00e1culo, los\u00a0<b><b>Broadway World European Awards,<\/b><\/b>\u00a0que se entregar\u00e1n en Barcelona.<\/p>\n<p class=\"c-paragraph\">Las estrellas nacionales e internacionales han seguido desfilando por el escenario. Ahora llegaba el turno de <a href=\"https:\/\/www.20minutos.es\/tags\/personas\/aitana-sanchez-gijon.html\" title=\"Aitana S\u00e1nchez Gij\u00f3n\" rel=\"nofollow noopener\" target=\"_blank\">Aitana S\u00e1nchez Gij\u00f3n<\/a>, Billy Zane y <a href=\"https:\/\/www.20minutos.es\/tags\/personas\/mira-sorvino.html\" title=\"Mira Sorvino\" rel=\"nofollow noopener\" target=\"_blank\">Mira Sorvino<\/a> han dado paso a un v\u00eddeo del <b>reputado compositor Andrew Lloyd-Webber, <\/b>autor de, entre otros much\u00edsimos temas, Amigos para siempre para Barcelona 92, un mensaje en el que hablaba de su admiraci\u00f3n hacia el Mago Pop.<\/p>\n<p class=\"c-paragraph\">A continuaci\u00f3n ha llegado el primer momento m\u00e1gico del d\u00eda, pero no de manos de Antonio D\u00edaz sino de <b><a href=\"https:\/\/www.20minutos.es\/tags\/personas\/amaia-ot.html\" title=\"Amaia OT\" rel=\"nofollow noopener\" target=\"_blank\">Amaia Romero<\/a>,<\/b> que ha interpretado dos hermosos temas al piano.<\/p>\n<p class=\"c-paragraph\">David Henrie y <a href=\"https:\/\/www.20minutos.es\/tags\/personas\/michelle-rodriguez.html\" title=\"Michelle Rodr\u00edguez\" rel=\"nofollow noopener\" target=\"_blank\">Michelle Rodr\u00edguez<\/a> han sido los encargados de calentar el momento clave de la noche: \u00abAhora llegan <b>las dos noticias m\u00e1s importantes de esta presentaci\u00f3n\u00bb.<\/b> Aunque al Mago Pop le han llegado ofertas del West End londinense y de Broadway, el ilusionista \u00abest\u00e1 enamorado de su ciudad, de Barcelona\u00bb.<\/p>\n<p class=\"c-paragraph\">La primera noticia: a partir de ahora, el espect\u00e1culo del Mago Pop <b>Nada es imposible solo se ver\u00e1 en una ciudad del mundo<\/b>, Barcelona, y solo tres meses al a\u00f1o. Un nuevo v\u00eddeo, este protagonizado por Christopher Lloyd y el propio Antonio D\u00edaz homenajeando a Regreso al futuro (una de las pel\u00edculas preferidas del ilusionista), promociona el ya conocido gran show del mago.<\/p>\n<p class=\"c-paragraph\">Para terminar, ha aparecido <b>Helen Hunt.<\/b> Ella ha sido la encargada de presentar al protagonista del evento: <b>Antonio D\u00edaz, el Mago Pop.<\/b> Su llegada, por supuesto, ha sido de una manera dif\u00edcil de explicar, apareciendo aparentemente de la nada en una plataforma situada sobre el p\u00fablico. Una bienvenida acompa\u00f1ada por un mensaje en v\u00eddeo de <a href=\"https:\/\/www.20minutos.es\/tags\/personas\/cayetana-guillen-cuervo.html\" title=\"Cayetana Guill\u00e9n Cuervo\" rel=\"nofollow noopener\" target=\"_blank\">Cayetana Guill\u00e9n Cuervo<\/a>, presidenta de la Academia de las Ares Esc\u00e9nicas.<\/p>\n<p class=\"c-paragraph\">\u00abPara conseguir cosas extraordinarias hay que inventar nuevos caminos, encontrar playas sin huellas\u00bb, dice el mago, que comienza su discurso reivindicando la fuerza del teatro y las artes esc\u00e9nicas, y poniendo de relieve <b>lo complicado que lo tiene la magia<\/b> dentro de las mismas. \u00bb Solo montando estos pollos conseguimos que nos hagan caso\u00bb, asegura.<\/p>\n<p class=\"c-paragraph\">Por fin llega el momento del gran anuncio. \u00abPens\u00e9 que hab\u00eda hecho el mejor espect\u00e1culo que pod\u00eda, hacer, dif\u00edcilmente podr\u00eda hacer algo mejor, pens\u00e9\u00bb. Hab\u00eda conseguido su objetivo, crear \u00abEl rey le\u00f3n de la magia\u00bb, un espect\u00e1culo transversal al que puede ir toda la familia. Hab\u00eda que hacer algo nuevo, y la idea surgi\u00f3 de la persona m\u00e1s inesperada, de <b>Jos\u00e9 Ram\u00f3n de la Morena,<\/b> \u00e9l tuvo la idea de hacer algo m\u00e1s a lo grande y <b>fue \u00e9l quien le puso en contacto con Florentino P\u00e9rez,<\/b> y ah\u00ed surgi\u00f3 lo que comenzar\u00e1 <b>en 2027:<\/b> una gira mundial por estadios en la que la primera parada ser\u00e1 el Bernab\u00e9u.<\/p>\n","protected":false},"excerpt":{"rendered":"El Mago Pop ha celebrado este mi\u00e9rcoles, en su teatro Victoria, en Barcelona, un evento lleno de noticias&hellip;\n","protected":false},"author":2,"featured_media":281101,"comment_status":"","ping_status":"","sticky":false,"template":"","format":"standard","meta":{"footnotes":""},"categories":[91],"tags":[4187,146,147,25,24,1236,3304,6765,23,20877],"class_list":{"0":"post-281100","1":"post","2":"type-post","3":"status-publish","4":"format-standard","5":"has-post-thumbnail","7":"category-entretenimiento","8":"tag-anuncia","9":"tag-entertainment","10":"tag-entretenimiento","11":"tag-es","12":"tag-espana","13":"tag-gira","14":"tag-mago","15":"tag-pop","16":"tag-spain","17":"tag-una"},"share_on_mastodon":{"url":"https:\/\/pubeurope.com\/@es\/115695271827020197","error":""},"_links":{"self":[{"href":"https:\/\/www.europesays.com\/es\/wp-json\/wp\/v2\/posts\/281100","targetHints":{"allow":["GET"]}}],"collection":[{"href":"https:\/\/www.europesays.com\/es\/wp-json\/wp\/v2\/posts"}],"about":[{"href":"https:\/\/www.europesays.com\/es\/wp-json\/wp\/v2\/types\/post"}],"author":[{"embeddable":true,"href":"https:\/\/www.europesays.com\/es\/wp-json\/wp\/v2\/users\/2"}],"replies":[{"embeddable":true,"href":"https:\/\/www.europesays.com\/es\/wp-json\/wp\/v2\/comments?post=281100"}],"version-history":[{"count":0,"href":"https:\/\/www.europesays.com\/es\/wp-json\/wp\/v2\/posts\/281100\/revisions"}],"wp:featuredmedia":[{"embeddable":true,"href":"https:\/\/www.europesays.com\/es\/wp-json\/wp\/v2\/media\/281101"}],"wp:attachment":[{"href":"https:\/\/www.europesays.com\/es\/wp-json\/wp\/v2\/media?parent=281100"}],"wp:term":[{"taxonomy":"category","embeddable":true,"href":"https:\/\/www.europesays.com\/es\/wp-json\/wp\/v2\/categories?post=281100"},{"taxonomy":"post_tag","embeddable":true,"href":"https:\/\/www.europesays.com\/es\/wp-json\/wp\/v2\/tags?post=281100"}],"curies":[{"name":"wp","href":"https:\/\/api.w.org\/{rel}","templated":true}]}}