{"id":281194,"date":"2025-12-10T13:40:10","date_gmt":"2025-12-10T13:40:10","guid":{"rendered":"https:\/\/www.europesays.com\/es\/281194\/"},"modified":"2025-12-10T13:40:10","modified_gmt":"2025-12-10T13:40:10","slug":"el-alcalde-de-algeciras-jose-ignacio-landaluce-renuncia-temporalmente-a-su-militancia-del-partido-popular","status":"publish","type":"post","link":"https:\/\/www.europesays.com\/es\/281194\/","title":{"rendered":"El alcalde de Algeciras, Jos\u00e9 Ignacio Landaluce, renuncia temporalmente a su militancia del Partido Popular"},"content":{"rendered":"<p style=\"\">El alcalde de Algeciras (C\u00e1diz)<strong>, Jos\u00e9 Ignacio Landaluce,<\/strong> ha anunciado su <strong>suspensi\u00f3n temporal de militancia del PP<\/strong> para defender su honor ante la denuncia presentada por el PSOE en el Tribunal Supremo (al ser tambi\u00e9n senador) por presuntos delitos de<strong> malversaci\u00f3n, <\/strong> &#8230; <strong>tr\u00e1fico de influencias y acoso o abuso sexual<\/strong>. As\u00ed, ha se\u00f1alado que renuncia a sus cargos org\u00e1nicos, pero no renuncia a sus cargos institucionales como alcalde de la ciudad y como senador.<\/p>\n<p class=\"voc-p\" style=\"\">Landaluce ha reiterado su <strong>\u00ababsoluta inocencia\u00bb<\/strong> y ha reafirmado su \u00abdeterminaci\u00f3n de continuar ejerciendo su derecho a la defensa con todos los medios legales a su alcance\u00bb. En este sentido, ha afirmado que est\u00e1 siendo <strong>\u00abacosado, utilizado y perseguido\u00bb por el PSOE<\/strong> y ha afirmado que no permitir\u00e1 que \u00abnadie intente silenciarlo en la defensa de su honor\u00bb.<\/p>\n<p class=\"voc-p\" style=\"\">El alcalde ha considerado que la actuaci\u00f3n del PSOE \u00abobedece a un puro oportunismo pol\u00edtico, buscando<strong> aprovechar momentos de especial vulnerabilidad interna<\/strong> de su propio partido para reactivar acusaciones infundadas con el objetivo de desgastar al Gobierno municipal\u00ab. \u00bbSu estrategia pretende tapar sus propias crisis y desviar la atenci\u00f3n\u00ab, ha a\u00f1adido.<\/p>\n<p>\nEl alcalde niega acusaciones\n<\/p>\n<p class=\"voc-p\" style=\"\">Landaluce ha recordado que ya anunci\u00f3 hace meses su intenci\u00f3n de emprender acciones legales por las acusaciones vertidas contra \u00e9l por la portavoz del PSOE en Algeciras, Roc\u00edo Arrabal. En este sentido, ha se\u00f1alado que esas acciones se materializaron hace ocho meses y este mismo mi\u00e9rcoles se celebra en Algeciras el primer acto procesal derivado de esa denuncia. Asimismo, ha anunciado que se presentar\u00e1 querella ante el Tribunal Superior de Justicia de Andaluc\u00eda (TSJA) si no se produce una rectificaci\u00f3n.<\/p>\n<p class=\"voc-p\" style=\"\">En este sentido, ha subrayado que, por contra, el PSOE anunci\u00f3 en reiteradas ocasiones &#8211;el 9 de enero y el 5 de febrero&#8211; supuestas actuaciones ante la Fiscal\u00eda del Tribunal Supremo que nunca se materializaron. \u00ab<strong>Si hubieran tenido algo, lo habr\u00edan presentado hace un a\u00f1o,<\/strong> cuando lo anunciaron\u00bb, ha manifestado Landaluce, que considera que \u00abes humo, un intento de prolongar la nada y los algecire\u00f1os saben que el tiempo me est\u00e1 dando la raz\u00f3n\u00bb.<\/p>\n<p class=\"voc-p\" style=\"\">En cuanto a la suspensi\u00f3n temporal de militancia y renuncia de cargos org\u00e1nicos ha explicado que lo hace <strong>\u00abtras una reflexi\u00f3n sincera y dolorosa\u00bb<\/strong> y con el \u00fanico objetivo de evitar que su situaci\u00f3n personal pueda afectar a la organizaci\u00f3n pol\u00edtica a la que ha dedicado gran parte de su vida. Por ello, ha decidido presentar su dimisi\u00f3n como presidente del PP de Algeciras y renunciar a todos los cargos org\u00e1nicos que ocupaba tanto en la Ejecutiva regional como en la nacional del partido.<\/p>\n<p class=\"voc-p\" style=\"\">Asimismo, seg\u00fan ha apuntado, ha solicitado su suspensi\u00f3n temporal y transitoria de militancia para poder <strong>\u00abconcentrarse plenamente\u00bb<\/strong> en su defensa.<\/p>\n<p class=\"voc-p\" style=\"\">No obstante, Landaluce ha querido dejar claro que esta renuncia no implica su dimisi\u00f3n de los cargos institucionales que ostenta, por lo que seguir\u00e1 siendo<strong> alcalde de Algeciras<\/strong> y continuar\u00e1 desempe\u00f1ando su labor como senador.<\/p>\n<p class=\"voc-p\" style=\"\">\u00abEl pueblo de Algeciras decidi\u00f3 que fuera su alcalde, y miles de hombres y mujeres depositaron su confianza en m\u00ed para representarlos en el Senado. <strong>Ese compromiso es inquebrantable<\/strong>\u00bb, ha afirmado Landaluce, que ha a\u00f1adido que \u00abser\u00eda una irresponsabilidad abandonar el liderazgo de un proyecto que est\u00e1 transformando Algeciras como nunca antes\u00bb. \u00abHoy m\u00e1s que nunca, la ciudad necesita estabilidad, firmeza y visi\u00f3n de futuro\u00bb, ha afirmado.<\/p>\n<p class=\"voc-p\" style=\"\">As\u00ed, tras manifestar que esta decisi\u00f3n es \u00abla m\u00e1s triste y amarga\u00bb de su vida p\u00fablica, ha subrayado que la ha tomado \u00abpor responsabilidad y por respeto\u00bb a todos los vecinos y ha reiterado que seguir\u00e1 trabajando \u00abcon <strong>honestidad, transparencia y absoluta dedicaci\u00f3n<\/strong>\u00bb y que afrontar\u00e1 este proceso \u00abcon la cabeza alta y el coraz\u00f3n firme\u00bb.<\/p>\n<p class=\"voc-p\" style=\"\">La noticia de la denuncia del PSOE ante el Tribunal Supremo ha cogido al presidente de la Junta de Andaluc\u00eda y presidente regional del PP-A, Juanma Moreno, en Bruselas, donde ha manifestado que de momento no ten\u00eda m\u00e1s informaci\u00f3n que un titular, en cuanto a que el alcalde hab\u00eda sido denunciado por el PSOE. No obstante, se ha mostrado convencido de que el propio Landaluce dar\u00eda sus explicaciones, por lo que hab\u00eda que \u00abesperar\u00bb a que se posicionase el alcalde, \u00abque es el afectado\u00bb.<\/p>\n","protected":false},"excerpt":{"rendered":"El alcalde de Algeciras (C\u00e1diz), Jos\u00e9 Ignacio Landaluce, ha anunciado su suspensi\u00f3n temporal de militancia del PP para&hellip;\n","protected":false},"author":2,"featured_media":281195,"comment_status":"","ping_status":"","sticky":false,"template":"","format":"standard","meta":{"footnotes":""},"categories":[8],"tags":[1201,11951,17,18,25,24,13,14,11,10619,2467,65638,19,20,56980,9,10,15,16,1045,7108,17243,23,38658,12,21,22],"class_list":{"0":"post-281194","1":"post","2":"type-post","3":"status-publish","4":"format-standard","5":"has-post-thumbnail","7":"category-espana","8":"tag-alcalde","9":"tag-algeciras","10":"tag-breaking-news","11":"tag-breakingnews","12":"tag-es","13":"tag-espana","14":"tag-featured-news","15":"tag-featurednews","16":"tag-headlines","17":"tag-ignacio","18":"tag-jose","19":"tag-landaluce","20":"tag-latest-news","21":"tag-latestnews","22":"tag-militancia","23":"tag-news","24":"tag-noticias","25":"tag-noticias-destacadas","26":"tag-noticiasdestacadas","27":"tag-partido","28":"tag-popular","29":"tag-renuncia","30":"tag-spain","31":"tag-temporalmente","32":"tag-titulares","33":"tag-ultimas-noticias","34":"tag-ultimasnoticias"},"share_on_mastodon":{"url":"https:\/\/pubeurope.com\/@es\/115695558712799610","error":""},"_links":{"self":[{"href":"https:\/\/www.europesays.com\/es\/wp-json\/wp\/v2\/posts\/281194","targetHints":{"allow":["GET"]}}],"collection":[{"href":"https:\/\/www.europesays.com\/es\/wp-json\/wp\/v2\/posts"}],"about":[{"href":"https:\/\/www.europesays.com\/es\/wp-json\/wp\/v2\/types\/post"}],"author":[{"embeddable":true,"href":"https:\/\/www.europesays.com\/es\/wp-json\/wp\/v2\/users\/2"}],"replies":[{"embeddable":true,"href":"https:\/\/www.europesays.com\/es\/wp-json\/wp\/v2\/comments?post=281194"}],"version-history":[{"count":0,"href":"https:\/\/www.europesays.com\/es\/wp-json\/wp\/v2\/posts\/281194\/revisions"}],"wp:featuredmedia":[{"embeddable":true,"href":"https:\/\/www.europesays.com\/es\/wp-json\/wp\/v2\/media\/281195"}],"wp:attachment":[{"href":"https:\/\/www.europesays.com\/es\/wp-json\/wp\/v2\/media?parent=281194"}],"wp:term":[{"taxonomy":"category","embeddable":true,"href":"https:\/\/www.europesays.com\/es\/wp-json\/wp\/v2\/categories?post=281194"},{"taxonomy":"post_tag","embeddable":true,"href":"https:\/\/www.europesays.com\/es\/wp-json\/wp\/v2\/tags?post=281194"}],"curies":[{"name":"wp","href":"https:\/\/api.w.org\/{rel}","templated":true}]}}