{"id":281208,"date":"2025-12-10T13:51:28","date_gmt":"2025-12-10T13:51:28","guid":{"rendered":"https:\/\/www.europesays.com\/es\/281208\/"},"modified":"2025-12-10T13:51:28","modified_gmt":"2025-12-10T13:51:28","slug":"los-ultimos-convulsos-anos-de-robe-iniesta","status":"publish","type":"post","link":"https:\/\/www.europesays.com\/es\/281208\/","title":{"rendered":"los \u00faltimos convulsos a\u00f1os de Robe Iniesta"},"content":{"rendered":"<p>Robe Iniesta <a href=\"https:\/\/www.huffingtonpost.es\/life\/cultura\/muere-robe-iniesta-lider-cantante-extremoduro-63nos.html\" rel=\"nofollow noopener\" target=\"_blank\">ha muerto este mi\u00e9rcoles a los 63 a\u00f1os. <\/a>Una noticia que ha llegado como un jarro de agua fr\u00eda para los seguidores del extreme\u00f1o, los fans de Extremoduro y, en general, para la escena musical espa\u00f1ola, de la que Iniesta era, sin duda, un referente. En sus 38 a\u00f1os de trayectoria musical, Iniesta dej\u00f3 canciones para el recuerdo, tanto con el grupo como en solitario, donde centr\u00f3 su carrera en los \u00faltimos cinco a\u00f1os.<\/p>\n<p>Un punto de inflexi\u00f3n para aquellos para los que Jesucristo Garc\u00eda, La vereda de la puerta de atr\u00e1s o So payaso fueron su himno, fue <a href=\"https:\/\/www.huffingtonpost.es\/entry\/la-banda-de-rock-extremoduro-anuncia-su-separacion_es_5df94e7ee4b0969b618c6048.html\" rel=\"nofollow noopener\" target=\"_blank\">la separaci\u00f3n de Extremoduro en 2019<\/a>, seis a\u00f1os despu\u00e9s de su \u00faltimo \u00e1lbum con canciones originales. Precisamente argumentaron que esa falta de creatividad de nuevas canciones fue uno de los motivos de la disoluci\u00f3.<\/p>\n<p>\u00abPara trabajar de la manera en que nosotros hemos trabajado tanto tiempo, es imprescindible tener una compenetraci\u00f3n muy muy especial. Ahora, esa compenetraci\u00f3n tan dif\u00edcil de conseguir y mantener, aunque existe, no es la misma\u00bb, se\u00f1alaron entonces en un comunicado.<\/p>\n<p>En la misma nota de prensa, se\u00f1alaron que por \u201chonestidad\u201d, el grupo \u00abprefiere dejarlo aqu\u00ed\u00bb y quedarse \u00abcon el recuerdo de tantos a\u00f1os felices\u00bb. \u00abSeguimos y seguiremos siendo compa\u00f1eros de viaje, aunque de otra manera, pero siempre compa\u00f1eros\u00bb, declararon entonces.<\/p>\n<p>El desconcierto de la gira de despedida de Extremoduro<\/p>\n<p>Posteriormente, el grupo anunci\u00f3 una gira de despedida por Espa\u00f1a con parada en ocho ciudades espa\u00f1olas entre mayo y junio de 2020.\u00a0 \u00abEsta no es una despedida como la de los toreros. Podr\u00edamos habernos despedido en 2014 (cuando acabamos la anterior gira). Nosotros intentamos ser siempre lo m\u00e1s sinceros y decir lo que pensamos en cada momento. Podr\u00edamos volver, pero no es la idea. Dejarlo es lo que sentimos ahora\u00bb, indic\u00f3 entonces Iniesta.<\/p>\n<p>Sin embargo, esto solo era el principio de un gran desencuentro y caos entre sus seguidores. La pandemia de la covid-19 oblig\u00f3 al aplazamiento de la gira al oto\u00f1o de 2020 y, posteriormente, volvi\u00f3 a posponerse por razones ajenas a la promotora a la primavera de 2021.\u00a0<\/p>\n<p>\u00abDije que tocar\u00edamos por cojones, pero ahora ya no estoy tan seguro. De momento, lo \u00fanico seguro es que este a\u00f1o no va a poder ser\u00bb, dijo en 2021 Iniesta en un comunicado unilateral, donde aseguraba que no ten\u00eda sentido posponer los conciertos m\u00e1s de cara a 2022, algo que fue recibido con sorpresa por parte de la promotora.<\/p>\n<p>\u00abNo queda otra que adaptarse y hacer otro tipo de espect\u00e1culos m\u00e1s acorde con la situaci\u00f3n que estamos atravesando. Y cuando todo se arregle, reprogramaremos la gira si es que para entonces todav\u00eda sigue teniendo alg\u00fan sentido\u00bb, se\u00f1al\u00f3 entonces exigiendo el reintegro de las entradas por parte de Live Nation. Por su parte, la empresa anunci\u00f3 que desconoc\u00edan la decisi\u00f3n del artista y aseguraron que era decisi\u00f3n de \u00e9l reprogramar las citas.\u00a0<\/p>\n<p>\u00abEn la empresa promotora dicen que la gira de Extremoduro est\u00e1 en mis manos. No os lo cre\u00e1is, es mentira. Para los religiosos, est\u00e1 en manos de Dios, y para los ateos, en manos de la ciencia\u00bb, asegur\u00f3 entonces Iniesta, quien contraatac\u00f3 asegurando que la decisi\u00f3n \u00faltima depend\u00eda de la promotora.\u00a0<\/p>\n<p>Finalmente, el conflicto se solucion\u00f3 en 2021 con un mail de la promotora junto a la ticketera Ticketmaster donde indicaban a los compradores las instrucciones a seguir para la devoluci\u00f3n del importe de las entradas. Finalmente, el conflicto acab\u00f3 en los tribunales ya que Live Nation denunci\u00f3 a Iniesta y Ant\u00f3n por \u00abincumplimiento de contrato\u00bb.\u00a0<\/p>\n<p>No obstante, la sentencia de un tribunal de Navarra en 2023 eximi\u00f3 a los m\u00fasicos asegurando que \u00abla situaci\u00f3n sanitaria era cr\u00edtica\u00bb y que \u00abno existe una negativa de los artistas a realizar la gira, sino que la misma deb\u00eda ser pospuesta hasta que la misma se pudiese celebrar con todas las garant\u00edas de seguridad\u00bb.<\/p>\n<p><img decoding=\"async\" loading=\"lazy\" src=\"https:\/\/www.europesays.com\/es\/wp-content\/uploads\/2025\/12\/robe-iniesta-e-inaki-uoho-anton-en-un-concierto-en-2014.jpeg\" width=\"720\" height=\"0\"   alt=\"Robe Iniesta e I\u00f1aki Uoho Ant\u00f3n en un concierto en 2014.\"\/><\/p>\n<p>            \u00a0<\/p>\n<p>        Robe Iniesta e I\u00f1aki Uoho Ant\u00f3n en un concierto en 2014.Juan Aguado<\/p>\n<p>La desvinculaci\u00f3n de &#8216;Uoho&#8217;: \u00abEn la vida se pierden cosas\u00bb<\/p>\n<p>La gira no solo acab\u00f3 con la formaci\u00f3n que tanto fans cosech\u00f3 a lo largo de sus productivos a\u00f1os de trayectoria, sino tambi\u00e9n acab\u00f3 con la relaci\u00f3n entre los dos miembros que se manten\u00edan desde 1996, Iniesta e I\u00f1aki Ant\u00f3n &#8216;Uoho&#8217;.\u00a0<\/p>\n<p>En declaraciones a <a href=\"https:\/\/elpais.com\/cultura\/2022-04-17\/inaki-uoho-anton-el-arquitecto-del-sonido-extremoduro-tiene-muchas-cosas-que-contar.html?utm_source=Twitter&amp;ssm=TW_CM_CUL#Echobox=1650190170\" target=\"_blank\" rel=\"nofollow noopener\">El Pa\u00eds,<\/a> el guitarrista se\u00f1al\u00f3 que la relaci\u00f3n entre ambos se hab\u00eda perdido tambi\u00e9n durante estas idas y venidas provocadas por la reprogramaci\u00f3n de la gira y el posicionamiento de Ant\u00f3n m\u00e1s cercano al de la promotora.<\/p>\n<p>\u00abRobe y yo hemos sido amigos durante 30 a\u00f1os y hemos sido familia. Mi familia era la suya y la suya la m\u00eda. Pero en la vida se pierden cosas. \u00c9l me ve diferente a m\u00ed, eso me dijo un d\u00eda. Bueno, pues tengo un familiar menos. En la pandemia perd\u00ed otros dos familiares. El camino de la vida est\u00e1 lleno de p\u00e9rdidas y de hallazgos. Es eso\u2026 Es filosof\u00eda elemental\u00bb, se\u00f1al\u00f3 entonces el bilba\u00edno.<\/p>\n<p>La &#8216;May\u00e9utica&#8217; en medio de la tormenta\u00a0<\/p>\n<p>En pleno caos organizativo de devoluci\u00f3n de las entradas, Robe anunci\u00f3 Mierda de filosof\u00eda, el que ser\u00eda el primer adelanto de su quinto disco en solitario, May\u00e9utica, que se public\u00f3 pr\u00e1cticamente a la vez que el desenlace fatal de Extremoduro.\u00a0<\/p>\n<p>En este trabajo, Robe sigui\u00f3 la estructura en movimientos que ya hab\u00eda hecho en La ley innata de Extremoduro con solo seis canciones, dos de ellas de 10 y 14 minutos de duraci\u00f3n respectivamente.<\/p>\n<p>Iniesta llev\u00f3 el disco de gira en 19 fechas en toda Espa\u00f1a y, aunque entonces dejaba todav\u00eda la puerta abierta a una despedida de Extremoduro, dej\u00f3 claro que su momento personal y compositivo era otro.\u00a0<\/p>\n<p>\u00abCreo que tengo la mejor banda que he tenido en mi vida. Somos m\u00e1s un grupo que lo que ha sido Extremoduro nunca, en muchas cosas. C\u00f3mo trabajamos canciones o c\u00f3mo tomamos direcciones art\u00edsticas\u00bb, se\u00f1al\u00f3 entonces.<\/p>\n<p>La gira finaliz\u00f3 a principios de 2022 y entonces, Iniesta volvi\u00f3 a meterse en el estudio para componer el que fue su \u00faltimo \u00e1lbum en solitario Se nos lleva el aire, publicado en diciembre de 2023 con temas como ese Nada que perder, donde asegura que \u00abVolver\u00eda a mis adicciones \/ Si acaso fuera \/ Si fuera necesario\u00bb.<\/p>\n<p>El tromboembolismo pulmonar y su retirada definitiva de los escenarios<\/p>\n<p>Como parte de la gira de este \u00faltimo disco, Iniesta ten\u00eda previstas dos paradas en Madrid los d\u00edas 15 y 16 de noviembre de 2024, que se vio obligado a cancelar tras sufrir un tromboembolismo pulmonar.\u00a0\u00abEstamos abatidos por no poder terminar esta maravillosa gira como lo hab\u00edamos planeado, pero no vamos a poner en riesgo la salud de Robe por nada del mundo\u00bb, se\u00f1alaron entonces.\u00a0<\/p>\n<p>Lejos de ser una cancelaci\u00f3n temporal, Iniesta anunci\u00f3 a los pocos d\u00edas<a href=\"https:\/\/www.huffingtonpost.es\/life\/cultura\/robe-despide-indefinidamente-escenarios-problemas-salud.html\" rel=\"nofollow noopener\" target=\"_blank\"> una retirada permanente de los escenarios.<\/a>\u00a0\u00abPor \u00faltimo, agradeceros a toda la gente que hab\u00e9is venido a vernos en esta gira tan bonita y que tanto hemos disfrutado. Y deciros que las ganas de volver no nos las quita nada\u00bb, se\u00f1al\u00f3 el artista, quien asegur\u00f3 entonces que se encontraba bien, pero estaba en casa y ten\u00eda que guardar reposo.<\/p>\n","protected":false},"excerpt":{"rendered":"Robe Iniesta ha muerto este mi\u00e9rcoles a los 63 a\u00f1os. Una noticia que ha llegado como un jarro&hellip;\n","protected":false},"author":2,"featured_media":281209,"comment_status":"","ping_status":"","sticky":false,"template":"","format":"standard","meta":{"footnotes":""},"categories":[174],"tags":[255,146,147,25,24,21388,256,185,44417,23],"class_list":{"0":"post-281208","1":"post","2":"type-post","3":"status-publish","4":"format-standard","5":"has-post-thumbnail","7":"category-famosos","8":"tag-celebrities","9":"tag-entertainment","10":"tag-entretenimiento","11":"tag-es","12":"tag-espana","13":"tag-extremoduro","14":"tag-famosos","15":"tag-musica","16":"tag-robe-iniesta","17":"tag-spain"},"share_on_mastodon":{"url":"https:\/\/pubeurope.com\/@es\/115695602071409133","error":""},"_links":{"self":[{"href":"https:\/\/www.europesays.com\/es\/wp-json\/wp\/v2\/posts\/281208","targetHints":{"allow":["GET"]}}],"collection":[{"href":"https:\/\/www.europesays.com\/es\/wp-json\/wp\/v2\/posts"}],"about":[{"href":"https:\/\/www.europesays.com\/es\/wp-json\/wp\/v2\/types\/post"}],"author":[{"embeddable":true,"href":"https:\/\/www.europesays.com\/es\/wp-json\/wp\/v2\/users\/2"}],"replies":[{"embeddable":true,"href":"https:\/\/www.europesays.com\/es\/wp-json\/wp\/v2\/comments?post=281208"}],"version-history":[{"count":0,"href":"https:\/\/www.europesays.com\/es\/wp-json\/wp\/v2\/posts\/281208\/revisions"}],"wp:featuredmedia":[{"embeddable":true,"href":"https:\/\/www.europesays.com\/es\/wp-json\/wp\/v2\/media\/281209"}],"wp:attachment":[{"href":"https:\/\/www.europesays.com\/es\/wp-json\/wp\/v2\/media?parent=281208"}],"wp:term":[{"taxonomy":"category","embeddable":true,"href":"https:\/\/www.europesays.com\/es\/wp-json\/wp\/v2\/categories?post=281208"},{"taxonomy":"post_tag","embeddable":true,"href":"https:\/\/www.europesays.com\/es\/wp-json\/wp\/v2\/tags?post=281208"}],"curies":[{"name":"wp","href":"https:\/\/api.w.org\/{rel}","templated":true}]}}