{"id":281219,"date":"2025-12-10T13:59:09","date_gmt":"2025-12-10T13:59:09","guid":{"rendered":"https:\/\/www.europesays.com\/es\/281219\/"},"modified":"2025-12-10T13:59:09","modified_gmt":"2025-12-10T13:59:09","slug":"la-primera-fecha-en-el-estadio-santiago-bernabeu","status":"publish","type":"post","link":"https:\/\/www.europesays.com\/es\/281219\/","title":{"rendered":"la primera fecha, en el estadio Santiago Bernab\u00e9u"},"content":{"rendered":"<p style=\"\">Antonio D\u00edaz, el Mago Pop, ha adoptado el lema circense del &#8216;m\u00e1s dificil todav\u00eda&#8217;, y va a <strong>emprender una gira por estadios <\/strong>con un nuevo espect\u00e1culo, algo in\u00e9dito dentro del mundo de la magia. El <strong>Santiago Bernab\u00e9u, <\/strong>en Madrid, ser\u00e1 el primer escenario de esta  &#8230; gira, cuya fecha exacta de inicio -empezar\u00e1 en 2027- y duraci\u00f3n aun no han sido revelados; s\u00ed anunci\u00f3 el <a href=\"https:\/\/www.abc.es\/cultura\/teatros\/abci-verdad-nada-imposible-202110270059_noticia.html\" target=\"_self\" data-voc-vtm-id=\"in-text-traffic\" title=\"Mago Pop\" data-mrf-link=\"www.abc.es\" rel=\"nofollow noopener\">Mago Pop<\/a>, vestido totalmente de blanco (es cul\u00e9 declarado) y con <strong>Joan Laporta<\/strong>, presidente del FC Barcelona en el escenario, que concluir\u00e1 en el Spotify Camp Nou.<\/p>\n<p class=\"voc-p\" style=\"\">Fue el principal anuncio de un acto de presentaci\u00f3n &#8216;<strong>made in Hollywood<\/strong>&#8216; en el que primer truco de magia lo consigui\u00f3 Antonio D\u00edaz antes incluso de levantar el tel\u00f3n. Porque magia es llenar un teatro como el Victoria, en pleno Paralelo barcelon\u00e9s, para asistir a una rueda de prensa\u2026 que en realidad era algo m\u00e1s que una rueda de prensa. Era el anuncio de los nuevos proyectos internacionales de este joven ilusionista que se ha convertido en los \u00faltimos a\u00f1os en un aut\u00e9ntico fen\u00f3meno. Bastaba ver la cola que se form\u00f3 en el Paralelo desde una hora antes de la hora prevista para el comienzo del acto; bastaba ver el deslumbrante aparato humano y t\u00e9cnico desplegado, el n\u00famero -y el asombro- de periodistas nacionales e internacionales asistentes\u2026 Y, sobre todo, la entidad y diversidad de las figuras que acompa\u00f1aban, como maestros de ceremonia, al Mago Pop en esta presentaci\u00f3n: <strong>Helen Hunt, Aaron Paul, Mira Sorvino, Michelle Rodr\u00edguez, David Henrie, Billy Zane, Aitana S\u00e1nchez-Gij\u00f3n, Paz Vega, Leonor Watling, Jon Kortajarena, Martina Klein, \u00c1lex Gonz\u00e1lez y Jessica Goicoechea<\/strong> -adem\u00e1s de <strong>Amaia<\/strong>, que cant\u00f3 al piano un par de canciones-, la mayor\u00eda de ellos presentes para simplemente leer un par de frases. Y, junto a ellos, el presidente de la Generalitat catalana, Salvador Illa, y el alcalde de Barcelona. Jaume Collboni, para &#8216;bendecir&#8217; a un artista nacido en Bad\u00eda del Vall\u00e9s y que se ha convertido ya, a sus 39 a\u00f1os, en uno de los grandes embajadores de las artes esc\u00e9nicas y la cultura tanto barcelonesa como espa\u00f1ola.<\/p>\n<p class=\"voc-p\" style=\"\">Y es que la capital catalana fue una de las grandes protagonistas del acto. No solo por celebrarse en el Teatro Victoria, uno de los locales m\u00edticos del Paralelo barcelon\u00e9s, y propiedad del Mago Pop desde hace seis a\u00f1os, sino porque Antonio D\u00edaz anunci\u00f3 varias cosas relacionadas con la ciudad. En primer lugar, su colaboraci\u00f3n con<strong> Andrew Lloyd Webber,<\/strong> vinculado con la capital desde 1992, cuando compuso, para Jos\u00e9 Carreras y Sarah Brightman, la canci\u00f3n &#8216;Amigos para siempre&#8217;. A trav\u00e9s de un v\u00eddeo, el autor de musicales como &#8216;<a href=\"https:\/\/www.abc.es\/cultura\/teatros\/fantasma-opera-altura-leyenda-20231004170745-nt.html\" target=\"_self\" data-voc-vtm-id=\"in-text-traffic\" title=\"El fantasma de la \u00d3pera\" data-mrf-link=\"www.abc.es\" rel=\"nofollow noopener\">El fantasma de la \u00d3pera<\/a>&#8216; o &#8216;Cats&#8217;, declaraba que tras ver &#8216;Nada es imposible&#8217; en el teatro supo que alg\u00fan d\u00eda trabajar\u00edan juntos. Ese d\u00eda se acerca: Antonio D\u00edaz desvel\u00f3 que hace unos meses Lloyd Webber le pidi\u00f3 que acudiera a Londres; en aquella reuni\u00f3n se fragu\u00f3 la colaboraci\u00f3n del mago en la creaci\u00f3n de las ilusiones en el pr\u00f3ximo musical del m\u00fasico brit\u00e1nico.<\/p>\n<p class=\"voc-p\" style=\"\">Amante confeso de los grandes espect\u00e1culos de teatro musical, Antonio D\u00edaz anunci\u00f3 la recuperaci\u00f3n de &#8216;<a href=\"https:\/\/www.abc.es\/cultura\/musical-dagoll-dagom-mar-cel-salto-cine-20251124204205-vi.html\" target=\"_self\" data-voc-vtm-id=\"in-text-traffic\" title=\"Mar i Cel\" data-mrf-link=\"www.abc.es\" rel=\"nofollow noopener\">Mar i Cel<\/a>&#8216;, una obra estrenada en 1988 por el grupo <strong>Dagoll Dagom<\/strong>, ya disuelto. Basado en la obra de \u00c0ngel Guimer\u00e1, con m\u00fasica de <strong>Albert Guinovart<\/strong> y texto de<strong> Xavier Bru de Sala<\/strong>, se ha convertido en sus casi cuarenta a\u00f1os de historia en el musical m\u00e1s emblem\u00e1tico de Catalu\u00f1a, y lo han visto cerca de mill\u00f3n y medio de personas.<\/p>\n<p class=\"voc-p\" style=\"\"> Barcelona, adem\u00e1s, ser\u00e1 la \u00fanica localidad donde se podr\u00e1 ver, en un teatro y tres meses al a\u00f1o, el espect\u00e1culo &#8216;Nada  es imposible&#8217;, que han visto m\u00e1s de tres millones de espectadores, y que present\u00f3 en Broadway, donde se convirti\u00f3 en el espect\u00e1culo unipersonal con mayor recaudaci\u00f3n en tan solo una semana. Y acoger\u00e1 tambi\u00e9n la gala de celebraci\u00f3n de los reci\u00e9n creados <strong>Broadway World Europe Awards<\/strong> que pretende, al igual que ocurre con los Tony en Nueva York, premiar los mejores trabajos en las artes esc\u00e9nicas europeas.<\/p>\n<p class=\"voc-p\" style=\"\">Antonio D\u00edaz, todo un fen\u00f3meno dentro de la escena internacional. se siente un poco como Forrest Gump, confes\u00f3, cuando echaba a correr sin otro motivo que saber lo que habr\u00eda m\u00e1s all\u00e1. \u00abSi me llegas a decir hace cinco a\u00f1os que iba a hacer magia en estadios yo, que soy un purista del teatro, te hubiera dicho que no. Pero es lo que creo que toca ahora en mi carrera y voy a vivir esta aventura\u00bb. <\/p>\n<p class=\"voc-p\" style=\"\">\u00ab\u00bb<\/p>\n","protected":false},"excerpt":{"rendered":"Antonio D\u00edaz, el Mago Pop, ha adoptado el lema circense del &#8216;m\u00e1s dificil todav\u00eda&#8217;, y va a emprender&hellip;\n","protected":false},"author":2,"featured_media":281220,"comment_status":"","ping_status":"","sticky":false,"template":"","format":"standard","meta":{"footnotes":""},"categories":[91],"tags":[146,147,25,24,61,68069,6765,5568,23],"class_list":{"0":"post-281219","1":"post","2":"type-post","3":"status-publish","4":"format-standard","5":"has-post-thumbnail","7":"category-entretenimiento","8":"tag-entertainment","9":"tag-entretenimiento","10":"tag-es","11":"tag-espana","12":"tag-internacional","13":"tag-mag","14":"tag-pop","15":"tag-proyecto","16":"tag-spain"},"share_on_mastodon":{"url":"https:\/\/pubeurope.com\/@es\/115695633435711757","error":""},"_links":{"self":[{"href":"https:\/\/www.europesays.com\/es\/wp-json\/wp\/v2\/posts\/281219","targetHints":{"allow":["GET"]}}],"collection":[{"href":"https:\/\/www.europesays.com\/es\/wp-json\/wp\/v2\/posts"}],"about":[{"href":"https:\/\/www.europesays.com\/es\/wp-json\/wp\/v2\/types\/post"}],"author":[{"embeddable":true,"href":"https:\/\/www.europesays.com\/es\/wp-json\/wp\/v2\/users\/2"}],"replies":[{"embeddable":true,"href":"https:\/\/www.europesays.com\/es\/wp-json\/wp\/v2\/comments?post=281219"}],"version-history":[{"count":0,"href":"https:\/\/www.europesays.com\/es\/wp-json\/wp\/v2\/posts\/281219\/revisions"}],"wp:featuredmedia":[{"embeddable":true,"href":"https:\/\/www.europesays.com\/es\/wp-json\/wp\/v2\/media\/281220"}],"wp:attachment":[{"href":"https:\/\/www.europesays.com\/es\/wp-json\/wp\/v2\/media?parent=281219"}],"wp:term":[{"taxonomy":"category","embeddable":true,"href":"https:\/\/www.europesays.com\/es\/wp-json\/wp\/v2\/categories?post=281219"},{"taxonomy":"post_tag","embeddable":true,"href":"https:\/\/www.europesays.com\/es\/wp-json\/wp\/v2\/tags?post=281219"}],"curies":[{"name":"wp","href":"https:\/\/api.w.org\/{rel}","templated":true}]}}