{"id":281221,"date":"2025-12-10T14:00:18","date_gmt":"2025-12-10T14:00:18","guid":{"rendered":"https:\/\/www.europesays.com\/es\/281221\/"},"modified":"2025-12-10T14:00:18","modified_gmt":"2025-12-10T14:00:18","slug":"edicion-continua-con-ia-proteccion-antirrobo-y-un-diseno-que-mira-a-la-competencia","status":"publish","type":"post","link":"https:\/\/www.europesays.com\/es\/281221\/","title":{"rendered":"edici\u00f3n continua con IA, protecci\u00f3n antirrobo y un dise\u00f1o que mira a la competencia"},"content":{"rendered":"<p>Samsung ha lanzado oficialmente la fase beta de <strong>One UI 8.5<\/strong>, su pr\u00f3xima gran actualizaci\u00f3n de software para dispositivos Galaxy. Tras meses de filtraciones, los usuarios de la serie Galaxy S25 (incluyendo los modelos Plus y Ultra) ya pueden acceder a esta nueva versi\u00f3n que, aunque mantiene una numeraci\u00f3n incremental, introduce cambios sustanciales bajo el cap\u00f3 de <strong>Android 16<\/strong>. La actualizaci\u00f3n se centra en tres pilares fundamentales: creaci\u00f3n de contenido sin interrupciones, conectividad entre dispositivos y seguridad reforzada.<\/p>\n<p><img fetchpriority=\"high\" decoding=\"async\" src=\"data:image\/svg+xml,%3Csvg%20xmlns=\" http:=\"\" alt=\"\" width=\"1200\" height=\"800\" data-lazy- data-lazy- data-lazy-src=\"https:\/\/www.europesays.com\/es\/wp-content\/uploads\/2025\/12\/One-UI-8.5.jpg\"\/><\/p>\n<p>En el apartado creativo, la herramienta <strong>Photo Assist<\/strong> evoluciona para permitir una edici\u00f3n m\u00e1s fluida. Ahora, los usuarios pueden aplicar m\u00faltiples cambios con IA, como borrar objetos o cambiar estilos, de forma continua, sin la necesidad de guardar una copia nueva tras cada modificaci\u00f3n.<\/p>\n<p><img loading=\"lazy\" decoding=\"async\" class=\"aligncenter size-full wp-image-590849\" src=\"data:image\/svg+xml,%3Csvg%20xmlns=\" http:=\"\" alt=\"\" width=\"1000\" height=\"563\" data-lazy-src=\"https:\/\/www.europesays.com\/es\/wp-content\/uploads\/2025\/12\/1765375215_462_Samsung-Mobile-Samsung-Launches-One-UI-8.5-Beta_Main1.gif\"\/><\/p>\n<p>Por su parte, <strong>Quick Share<\/strong> se vuelve m\u00e1s proactivo: el sistema es capaz de reconocer las caras de las personas en tus fotos y sugerirte autom\u00e1ticamente envi\u00e1rselas a los contactos correspondientes, agilizando el proceso de compartir recuerdos grupales.<\/p>\n<p>Conectividad expandida para One UI 8.5 e \u00abinspiraci\u00f3n\u00bb en Liquid Glass<\/p>\n<p>La integraci\u00f3n del ecosistema Galaxy da un paso adelante con dos nuevas funciones. <strong>Audio Broadcast<\/strong>, basado en la tecnolog\u00eda Auracast, permite ahora utilizar el tel\u00e9fono como un micr\u00f3fono para transmitir voz a dispositivos Bluetooth LE cercanos, ideal para gu\u00edas tur\u00edsticos o eventos. Adem\u00e1s, llega <strong>Storage Share<\/strong>, una caracter\u00edstica que unifica el almacenamiento: podr\u00e1s ver y gestionar los archivos de tu tablet, PC o incluso TV Samsung directamente desde la aplicaci\u00f3n Mis Archivos\u00a0de tu m\u00f3vil, eliminando las barreras f\u00edsicas entre tus dispositivos.<\/p>\n<p><img loading=\"lazy\" decoding=\"async\" class=\"aligncenter size-full wp-image-590851\" src=\"data:image\/svg+xml,%3Csvg%20xmlns=\" http:=\"\" alt=\"\" width=\"1000\" height=\"563\" data-lazy-src=\"https:\/\/www.europesays.com\/es\/wp-content\/uploads\/2025\/12\/1765375218_377_Samsung-Mobile-Samsung-Launches-One-UI-8.5-Beta_Main2.gif\"\/><\/p>\n<p>La seguridad tambi\u00e9n recibe atenci\u00f3n prioritaria con el nuevo <strong>Bloqueo por Autenticaci\u00f3n Fallida<\/strong>. Esta funci\u00f3n est\u00e1 dise\u00f1ada para situaciones de robo en las que el ladr\u00f3n intenta acceder a apps cr\u00edticas, como las bancarias, en un tel\u00e9fono desbloqueado. Si el sistema detecta m\u00faltiples fallos al verificar la identidad mediante PIN o huella en estas apps, bloquear\u00e1 autom\u00e1ticamente la pantalla del dispositivo para prevenir cualquier acceso posterior.<\/p>\n<p>Visualmente, One UI 8.5 no pasa desapercibido. La interfaz presenta retoques de dise\u00f1o, como botones flotantes y barras de navegaci\u00f3n redondeadas, que recuerdan inevitablemente a la est\u00e9tica <strong><a href=\"https:\/\/www.profesionalreview.com\/2025\/09\/16\/ios-26-ya-esta-disponible\/\" rel=\"nofollow noopener\" target=\"_blank\">Liquid Glass<\/a><\/strong>\u00a0popularizada recientemente por Apple. La beta ya est\u00e1 disponible para descarga a trav\u00e9s de Samsung Members en mercados seleccionados como Estados Unidos, Reino Unido, Alemania, India, Polonia y Corea, con un lanzamiento final previsto para acompa\u00f1ar a la futura serie Galaxy S26 el pr\u00f3ximo a\u00f1o.<\/p>\n","protected":false},"excerpt":{"rendered":"Samsung ha lanzado oficialmente la fase beta de One UI 8.5, su pr\u00f3xima gran actualizaci\u00f3n de software para&hellip;\n","protected":false},"author":2,"featured_media":281222,"comment_status":"","ping_status":"","sticky":false,"template":"","format":"standard","meta":{"footnotes":""},"categories":[81],"tags":[7009,119,123,124,25,24,68070,1700,117,121,122,23,118,120],"class_list":{"0":"post-281221","1":"post","2":"type-post","3":"status-publish","4":"format-standard","5":"has-post-thumbnail","7":"category-ciencia-y-tecnologia","8":"tag-android","9":"tag-ciencia","10":"tag-ciencia-y-tecnologia","11":"tag-cienciaytecnologia","12":"tag-es","13":"tag-espana","14":"tag-one-ui-8-5","15":"tag-samsung","16":"tag-science","17":"tag-science-and-technology","18":"tag-scienceandtechnology","19":"tag-spain","20":"tag-technology","21":"tag-tecnologia"},"share_on_mastodon":{"url":"https:\/\/pubeurope.com\/@es\/115695637412288095","error":""},"_links":{"self":[{"href":"https:\/\/www.europesays.com\/es\/wp-json\/wp\/v2\/posts\/281221","targetHints":{"allow":["GET"]}}],"collection":[{"href":"https:\/\/www.europesays.com\/es\/wp-json\/wp\/v2\/posts"}],"about":[{"href":"https:\/\/www.europesays.com\/es\/wp-json\/wp\/v2\/types\/post"}],"author":[{"embeddable":true,"href":"https:\/\/www.europesays.com\/es\/wp-json\/wp\/v2\/users\/2"}],"replies":[{"embeddable":true,"href":"https:\/\/www.europesays.com\/es\/wp-json\/wp\/v2\/comments?post=281221"}],"version-history":[{"count":0,"href":"https:\/\/www.europesays.com\/es\/wp-json\/wp\/v2\/posts\/281221\/revisions"}],"wp:featuredmedia":[{"embeddable":true,"href":"https:\/\/www.europesays.com\/es\/wp-json\/wp\/v2\/media\/281222"}],"wp:attachment":[{"href":"https:\/\/www.europesays.com\/es\/wp-json\/wp\/v2\/media?parent=281221"}],"wp:term":[{"taxonomy":"category","embeddable":true,"href":"https:\/\/www.europesays.com\/es\/wp-json\/wp\/v2\/categories?post=281221"},{"taxonomy":"post_tag","embeddable":true,"href":"https:\/\/www.europesays.com\/es\/wp-json\/wp\/v2\/tags?post=281221"}],"curies":[{"name":"wp","href":"https:\/\/api.w.org\/{rel}","templated":true}]}}