{"id":281225,"date":"2025-12-10T14:02:10","date_gmt":"2025-12-10T14:02:10","guid":{"rendered":"https:\/\/www.europesays.com\/es\/281225\/"},"modified":"2025-12-10T14:02:10","modified_gmt":"2025-12-10T14:02:10","slug":"los-ladrones-del-louvre-escaparon-porque-las-imagenes-del-robo-se-miraron-con-30-segundos-de-retraso","status":"publish","type":"post","link":"https:\/\/www.europesays.com\/es\/281225\/","title":{"rendered":"Los ladrones del Louvre escaparon porque las im\u00e1genes del robo se miraron con 30 segundos de retraso"},"content":{"rendered":"<p style=\"\">La investigaci\u00f3n e interrogatorios del Senado (segunda c\u00e1mara del Parlamento franc\u00e9s) sobre el <a href=\"https:\/\/www.abc.es\/cultura\/robo-louvre-sintoma-francia-sufre-abandono-catastrofico-20251120031328-nt.html\" target=\"_self\" data-voc-vtm-id=\"in-text-traffic\" title=\"hist\u00f3rico robo del Museo del Louvre\" data-mrf-link=\"www.abc.es\" rel=\"nofollow noopener\">hist\u00f3rico robo del Museo del Louvre<\/a> contin\u00faan descubriendo y subrayando una gesti\u00f3n catastr\u00f3fica de su seguridad durante veinte a\u00f1os largos.<\/p>\n<p style=\"\">Pascal Mignerey, miembro de la Misi\u00f3n seguridad del ministerio de Cultura,  &#8230; que investiga el robo del 19 de octubre pasado, ha declarado ante la comisi\u00f3n investigadora del Senado: \u00abLas c\u00e1maras de seguridad grabaron la llegada de los ladrones, grabaron la entrada de los ladrones en el museo, grabaron la salida de los ladrones con las joyas robadas\u2026 pero <strong>nadie mir\u00f3 esas grabaciones en directo<\/strong>\u2026 con lo cual, cuando los servicios de vigilancia terminaron mirando esas grabaciones ya era demasiado tarde\u2026 <strong>los ladrones pudieron ser detenidos si las im\u00e1genes del robo no se hubiesen mirado con 30 segundos de retraso<\/strong>\u2026\u00bb.<\/p>\n<p class=\"voc-p\" style=\"\">\u00abCuando los vigilantes terminaron viendo las im\u00e1genes grabadas <strong>ya era demasiado tarde<\/strong>\u00bb, comenta lac\u00f3nico Pascal Mignerey, agregando: \u00abSi esas im\u00e1genes hubiesen sido vistas en directo o 30 segundos antes,<strong> el hist\u00f3rico robo hubiera podido evitarse<\/strong>\u00bb.<\/p>\n<p class=\"voc-p\" style=\"\">Laurent Lafon, senador centrista, que preside los trabajos del Senado intentando esclarecer el <a href=\"https:\/\/www.abc.es\/cultura\/cierran-museo-louvre-paris-tars-reportar-robo-20251019113225-nt.html\" target=\"_self\" data-voc-vtm-id=\"in-text-traffic\" title=\"hist\u00f3rico robo del museo nacional\" data-mrf-link=\"www.abc.es\" rel=\"nofollow noopener\">hist\u00f3rico robo del museo nacional<\/a>, antigua residencia de los reyes de Francia, resume sus primeras impresiones sobre la investigaci\u00f3n, que sigue su curso: \u00abEl Louvre ha sido v\u00edctima de los fallos de seguridad general del museo, <strong>v\u00edctima de los fallos de la tutela y direcci\u00f3n, que nunca tuvieron en cuenta los grandes problemas de seguridad<\/strong>. No se trata de un fracaso y fallo fortuitos, ni de mala suerte\u2026 se trata de decisiones que no se tomaron, en su d\u00eda, a\u00f1os atr\u00e1s, cuando fueron identificados los problemas de fondo de la inseguridad del Louvre\u00bb.<\/p>\n<p class=\"voc-p\" style=\"\">Hace seis a\u00f1os, el 2019, una empresa de joyer\u00eda c\u00e9lebre, &#8216;Van Cleef and Arpels&#8217;, presidi\u00f3 unos trabajos especiales que<strong> identificaron, ya entonces, todos los \u00abfallos\u00bb y \u00abdebilidades\u00bb<\/strong> que amenazaban varias galer\u00edas del Louvre, comenzando por la galer\u00eda Apolo, por donde entraron los ladrones, el mes de octubre pasado. <strong>La direcci\u00f3n del Louvre hizo caso omiso de las advertencias.<\/strong><\/p>\n<p>\nEn primera l\u00ednea\n<\/p>\n<p class=\"voc-p\" style=\"\"><strong>Jean-Luc Martinez<\/strong>, director del Louvre entre 2013 y 2021, y <strong>Laurence des Cars<\/strong>, directora desde el 2021 hasta hoy, son los gestores que est\u00e1n en primera l\u00ednea de crisis. Ambos deber\u00e1n responder, ante el Senado, de los graves fallos que se han acumulado en la seguridad del gran museo nacional, desde hace m\u00e1s de una d\u00e9cada.<\/p>\n<p class=\"voc-p\" style=\"\">Oficiosamente, Martinez y des Cars son acusados de la misma negligencia: <strong>dar mucha publicidad a su pol\u00edtica de compras<\/strong> de obras maestras, en detrimento de <a href=\"https:\/\/www.abc.es\/cultura\/goteras-inundan-sala-antiguedades-egipcias-louvre-20251207182020-nt.html\" target=\"_self\" data-voc-vtm-id=\"in-text-traffic\" title=\"los m\u00e1s elementales trabajos de seguridad\" data-mrf-link=\"www.abc.es\" rel=\"nofollow noopener\">los m\u00e1s elementales trabajos de seguridad<\/a>.<\/p>\n<p class=\"voc-p\" style=\"\">Laurence des Cars habr\u00eda sido <strong>\u00abinsensible\u00bb a los grandes y graves problemas de seguridad<\/strong>. Los investigadores del hist\u00f3rico robo subrayan su \u00abfalta de memoria\u00bb y de \u00abinter\u00e9s\u00bb por los sucesivos informes que denunciaban la agravaci\u00f3n de la inseguridad del Louvre, en sus entradas, en sus salas, en sus servicios de control y vigilancia.<\/p>\n","protected":false},"excerpt":{"rendered":"La investigaci\u00f3n e interrogatorios del Senado (segunda c\u00e1mara del Parlamento franc\u00e9s) sobre el hist\u00f3rico robo del Museo del&hellip;\n","protected":false},"author":2,"featured_media":281226,"comment_status":"","ping_status":"","sticky":false,"template":"","format":"standard","meta":{"footnotes":""},"categories":[42],"tags":[17,18,68071,13,14,11,1641,61,62,63,64,18296,19,20,9212,68072,9,10,15,16,6460,7561,16247,12,21,22,65,66,67],"class_list":{"0":"post-281225","1":"post","2":"type-post","3":"status-publish","4":"format-standard","5":"has-post-thumbnail","7":"category-internacional","8":"tag-breaking-news","9":"tag-breakingnews","10":"tag-escaparon","11":"tag-featured-news","12":"tag-featurednews","13":"tag-headlines","14":"tag-imagenes","15":"tag-internacional","16":"tag-international","17":"tag-international-news","18":"tag-internationalnews","19":"tag-ladrones","20":"tag-latest-news","21":"tag-latestnews","22":"tag-louvre","23":"tag-miraron","24":"tag-news","25":"tag-noticias","26":"tag-noticias-destacadas","27":"tag-noticiasdestacadas","28":"tag-retraso","29":"tag-robo","30":"tag-segundos","31":"tag-titulares","32":"tag-ultimas-noticias","33":"tag-ultimasnoticias","34":"tag-world","35":"tag-world-news","36":"tag-worldnews"},"share_on_mastodon":{"url":"https:\/\/pubeurope.com\/@es\/115695645208092827","error":""},"_links":{"self":[{"href":"https:\/\/www.europesays.com\/es\/wp-json\/wp\/v2\/posts\/281225","targetHints":{"allow":["GET"]}}],"collection":[{"href":"https:\/\/www.europesays.com\/es\/wp-json\/wp\/v2\/posts"}],"about":[{"href":"https:\/\/www.europesays.com\/es\/wp-json\/wp\/v2\/types\/post"}],"author":[{"embeddable":true,"href":"https:\/\/www.europesays.com\/es\/wp-json\/wp\/v2\/users\/2"}],"replies":[{"embeddable":true,"href":"https:\/\/www.europesays.com\/es\/wp-json\/wp\/v2\/comments?post=281225"}],"version-history":[{"count":0,"href":"https:\/\/www.europesays.com\/es\/wp-json\/wp\/v2\/posts\/281225\/revisions"}],"wp:featuredmedia":[{"embeddable":true,"href":"https:\/\/www.europesays.com\/es\/wp-json\/wp\/v2\/media\/281226"}],"wp:attachment":[{"href":"https:\/\/www.europesays.com\/es\/wp-json\/wp\/v2\/media?parent=281225"}],"wp:term":[{"taxonomy":"category","embeddable":true,"href":"https:\/\/www.europesays.com\/es\/wp-json\/wp\/v2\/categories?post=281225"},{"taxonomy":"post_tag","embeddable":true,"href":"https:\/\/www.europesays.com\/es\/wp-json\/wp\/v2\/tags?post=281225"}],"curies":[{"name":"wp","href":"https:\/\/api.w.org\/{rel}","templated":true}]}}