{"id":281227,"date":"2025-12-10T14:03:07","date_gmt":"2025-12-10T14:03:07","guid":{"rendered":"https:\/\/www.europesays.com\/es\/281227\/"},"modified":"2025-12-10T14:03:07","modified_gmt":"2025-12-10T14:03:07","slug":"del-293-de-la-junta-al-60-en-atencion-primaria-del-sindicato-medico","status":"publish","type":"post","link":"https:\/\/www.europesays.com\/es\/281227\/","title":{"rendered":"del 29,3% de la Junta al 60% en Atenci\u00f3n Primaria del Sindicato M\u00e9dico"},"content":{"rendered":"<p class=\"voc-p\" style=\"\">La <strong>segunda jornada de huelga m\u00e9dica<\/strong> convocada vuelve a dejar cifras dispares de seguimiento en la provincia de C\u00f3rdoba. Por un lado, la <strong>Consejer\u00eda de Sanidad<\/strong> ha estimado la concurrencia n este mi\u00e9rcoles en un 29,3%, casi punto y medio m\u00e1s que  &#8230; la registrada en el primer d\u00eda de esta protesta para el conjunto de la provincia de C\u00f3rdoba. <\/p>\n<p class=\"voc-p\" style=\"\">Por contra, desde el <strong>Sindicato M\u00e9dico de Andaluc\u00eda en C\u00f3rdoba<\/strong> las cifras son m\u00e1 altas, felicit\u00e1ndose por ese seguimiento que en el Hospital Reina Sof\u00eda de C\u00f3rdoba se eleva por encima de los 400 facultativos, entre un 80%-90% de quir\u00f3fanos suspendidos y para la Atenci\u00f3n Primaria un apoyo del 50%-60%. La central sindical acusa a la Junta de Andaluc\u00eda de dar unos datos \u00abgroseramente manipulados\u00bb.<\/p>\n<p class=\"voc-p\" style=\"\">El propio sindicato ha indicado en una nota que \u00abesta movilizaci\u00f3n no es un gesto aislado, es el <strong>grito de una profesi\u00f3n<\/strong> que no puede m\u00e1s, que ha sido llevada al l\u00edmite durante a\u00f1os por una precariedad laboral inadmisible, una sobrecarga asistencial estructural y la ausencia absoluta de medidas efectivas por parte dela Administraci\u00f3n\u00bb.<\/p>\n<p class=\"voc-p\" style=\"\">Las colas, el retraso en las <strong>citas en el nivel primario<\/strong> y las consultas especializadas y el algunos casos la falta de informaci\u00f3n siguen siendo la nota predominante en esta segunda jornada en los centros asistenciales de C\u00f3rdoba.<\/p>\n<p>\nArt\u00edculo solo para suscriptores\n<\/p>\n<p>Reportar un error<\/p>\n","protected":false},"excerpt":{"rendered":"La segunda jornada de huelga m\u00e9dica convocada vuelve a dejar cifras dispares de seguimiento en la provincia de&hellip;\n","protected":false},"author":2,"featured_media":281228,"comment_status":"","ping_status":"","sticky":false,"template":"","format":"standard","meta":{"footnotes":""},"categories":[8],"tags":[68073,1348,17,18,687,2760,25,24,13,14,69,11,13181,293,2024,19,20,11119,12753,9,10,15,16,17289,3745,40083,23,12,21,22],"class_list":{"0":"post-281227","1":"post","2":"type-post","3":"status-publish","4":"format-standard","5":"has-post-thumbnail","7":"category-espana","8":"tag-68073","9":"tag-atencion","10":"tag-breaking-news","11":"tag-breakingnews","12":"tag-cifras","13":"tag-cordoba","14":"tag-es","15":"tag-espana","16":"tag-featured-news","17":"tag-featurednews","18":"tag-guerra","19":"tag-headlines","20":"tag-huelga","21":"tag-jornada","22":"tag-junta","23":"tag-latest-news","24":"tag-latestnews","25":"tag-medica","26":"tag-medico","27":"tag-news","28":"tag-noticias","29":"tag-noticias-destacadas","30":"tag-noticiasdestacadas","31":"tag-primaria","32":"tag-segunda","33":"tag-sindicato","34":"tag-spain","35":"tag-titulares","36":"tag-ultimas-noticias","37":"tag-ultimasnoticias"},"share_on_mastodon":{"url":"https:\/\/pubeurope.com\/@es\/115695649127812872","error":""},"_links":{"self":[{"href":"https:\/\/www.europesays.com\/es\/wp-json\/wp\/v2\/posts\/281227","targetHints":{"allow":["GET"]}}],"collection":[{"href":"https:\/\/www.europesays.com\/es\/wp-json\/wp\/v2\/posts"}],"about":[{"href":"https:\/\/www.europesays.com\/es\/wp-json\/wp\/v2\/types\/post"}],"author":[{"embeddable":true,"href":"https:\/\/www.europesays.com\/es\/wp-json\/wp\/v2\/users\/2"}],"replies":[{"embeddable":true,"href":"https:\/\/www.europesays.com\/es\/wp-json\/wp\/v2\/comments?post=281227"}],"version-history":[{"count":0,"href":"https:\/\/www.europesays.com\/es\/wp-json\/wp\/v2\/posts\/281227\/revisions"}],"wp:featuredmedia":[{"embeddable":true,"href":"https:\/\/www.europesays.com\/es\/wp-json\/wp\/v2\/media\/281228"}],"wp:attachment":[{"href":"https:\/\/www.europesays.com\/es\/wp-json\/wp\/v2\/media?parent=281227"}],"wp:term":[{"taxonomy":"category","embeddable":true,"href":"https:\/\/www.europesays.com\/es\/wp-json\/wp\/v2\/categories?post=281227"},{"taxonomy":"post_tag","embeddable":true,"href":"https:\/\/www.europesays.com\/es\/wp-json\/wp\/v2\/tags?post=281227"}],"curies":[{"name":"wp","href":"https:\/\/api.w.org\/{rel}","templated":true}]}}