{"id":281231,"date":"2025-12-10T14:08:09","date_gmt":"2025-12-10T14:08:09","guid":{"rendered":"https:\/\/www.europesays.com\/es\/281231\/"},"modified":"2025-12-10T14:08:09","modified_gmt":"2025-12-10T14:08:09","slug":"el-liv-intercede-por-jon-rahm-para-negociar-sus-multas-con-el-dp-world-tour","status":"publish","type":"post","link":"https:\/\/www.europesays.com\/es\/281231\/","title":{"rendered":"El LIV intercede por Jon Rahm para negociar sus multas con el DP World Tour"},"content":{"rendered":"<p data-gtm-element-container=\"modulo-texto-link\" class=\"paragraph\"><strong>LIV Golf <\/strong>est\u00e1 trabajando con el<strong> DP World Tour<\/strong> para resolver las <strong>multas impuestas a Jon Rahm<\/strong> y a su compa\u00f1ero de equipo en el Legion XIII, <strong>Tyrrell Hatton<\/strong>, seg\u00fan declar\u00f3 a Telegraph Sport el director ejecutivo del circuito disidente, <strong>Scott O&#8217;Neil.<\/strong><\/p>\n<p data-gtm-element-container=\"modulo-texto-link\" class=\"paragraph\">Rahm abandon\u00f3 el PGA Tour para unirse a LIV Golf con un contrato millonario antes de la temporada 2024, y Hatton se uni\u00f3 a su equipo. Los golfistas se unieron a la liga patrocinada por la PIF sabiendo que <strong>ser\u00edan multados y suspendidos <\/strong>por competir en eventos sin la autorizaci\u00f3n del DP World Tour.<\/p>\n<p>    Lee tambi\u00e9n<\/p>\n<p data-gtm-element-container=\"modulo-texto-link\" class=\"paragraph\">Los golfistas<strong> apelaron las multas para mantener su elegibilidad para la Ryder Cup<\/strong> y ambos jugaron un papel importante en la victoria del equipo europeo por 15-13 en Bethpage Black en septiembre en Farmingale, Nueva York.<\/p>\n<p data-gtm-element-container=\"modulo-texto-link\" class=\"paragraph\"><strong>LIV Golf ha estado pagando las multas entre medias.<\/strong> Sin embargo, varios golfistas del circuito han contado que habr\u00e1 un cambio con la norma la pr\u00f3xima temporada: los jugadores que deseen seguir siendo miembros de ambos circuitos deber\u00e1n pagar las multas ellos mismos.<\/p>\n<p data-gtm-element-container=\"modulo-texto-link\" class=\"paragraph\"><strong>\u00abEsto es algo que debe resolverse y estoy deseando que llegue ese d\u00eda\u00bb,<\/strong> declar\u00f3 O&#8217;Neil a Telegraph Sport. \u00abEstamos manteniendo conversaciones constructivas con Guy Kinnings (director ejecutivo del DP World Tour) y su equipo. Esperamos que antes de que comience la temporada, podamos unirnos todos por el bien del golf y dejar esto atr\u00e1s\u00bb, ha asegurado.<\/p>\n<p data-gtm-element-container=\"modulo-texto-link\" class=\"paragraph\">Rahm ha declarado p\u00fablicamente que no tiene intenci\u00f3n de pagar las multas. \u00abNo me entusiasman las multas\u00bb, declar\u00f3 el pasado septiembre. \u00abNo pienso pagarlas y seguimos intentando dialogar con ellos (el DP World Tour) sobre c\u00f3mo podemos lograrlo\u00bb, ha insistido durante la temporada. <strong>Rahm repiti\u00f3 su triunfo general individual este a\u00f1o en el LIV <\/strong>y, posteriormente, llev\u00f3 a Legion XIII a su primer t\u00edtulo por equipos.<\/p>\n","protected":false},"excerpt":{"rendered":"LIV Golf est\u00e1 trabajando con el DP World Tour para resolver las multas impuestas a Jon Rahm y&hellip;\n","protected":false},"author":2,"featured_media":281232,"comment_status":"","ping_status":"","sticky":false,"template":"","format":"standard","meta":{"footnotes":""},"categories":[275],"tags":[168,25,24,329,23,167],"class_list":{"0":"post-281231","1":"post","2":"type-post","3":"status-publish","4":"format-standard","5":"has-post-thumbnail","7":"category-golf","8":"tag-deportes","9":"tag-es","10":"tag-espana","11":"tag-golf","12":"tag-spain","13":"tag-sports"},"share_on_mastodon":{"url":"https:\/\/pubeurope.com\/@es\/115695668789408744","error":""},"_links":{"self":[{"href":"https:\/\/www.europesays.com\/es\/wp-json\/wp\/v2\/posts\/281231","targetHints":{"allow":["GET"]}}],"collection":[{"href":"https:\/\/www.europesays.com\/es\/wp-json\/wp\/v2\/posts"}],"about":[{"href":"https:\/\/www.europesays.com\/es\/wp-json\/wp\/v2\/types\/post"}],"author":[{"embeddable":true,"href":"https:\/\/www.europesays.com\/es\/wp-json\/wp\/v2\/users\/2"}],"replies":[{"embeddable":true,"href":"https:\/\/www.europesays.com\/es\/wp-json\/wp\/v2\/comments?post=281231"}],"version-history":[{"count":0,"href":"https:\/\/www.europesays.com\/es\/wp-json\/wp\/v2\/posts\/281231\/revisions"}],"wp:featuredmedia":[{"embeddable":true,"href":"https:\/\/www.europesays.com\/es\/wp-json\/wp\/v2\/media\/281232"}],"wp:attachment":[{"href":"https:\/\/www.europesays.com\/es\/wp-json\/wp\/v2\/media?parent=281231"}],"wp:term":[{"taxonomy":"category","embeddable":true,"href":"https:\/\/www.europesays.com\/es\/wp-json\/wp\/v2\/categories?post=281231"},{"taxonomy":"post_tag","embeddable":true,"href":"https:\/\/www.europesays.com\/es\/wp-json\/wp\/v2\/tags?post=281231"}],"curies":[{"name":"wp","href":"https:\/\/api.w.org\/{rel}","templated":true}]}}