{"id":281266,"date":"2025-12-10T14:35:11","date_gmt":"2025-12-10T14:35:11","guid":{"rendered":"https:\/\/www.europesays.com\/es\/281266\/"},"modified":"2025-12-10T14:35:11","modified_gmt":"2025-12-10T14:35:11","slug":"la-acb-reconoce-errores-arbitrales-en-el-partido-contra-el-valencia-segun-felix-fernandez","status":"publish","type":"post","link":"https:\/\/www.europesays.com\/es\/281266\/","title":{"rendered":"La ACB reconoce errores arbitrales en el partido contra el Valencia, seg\u00fan F\u00e9lix Fern\u00e1ndez"},"content":{"rendered":"<p>Baskonia sigue digiriendo la derrota del pasado domingo frente al Valencia tras una <a href=\"https:\/\/www.gasteizhoy.com\/baskonia-valencia-2025-liga-endesa\/\" rel=\"nofollow noopener\" target=\"_blank\">canasta en el \u00faltimo segundo<\/a> y <strong>un Buesa encendido por el arbitraje<\/strong>.<\/p>\n<p><strong>\u00abObviamente no estamos conformes con el partido del otro d\u00eda y as\u00ed lo transmitimos a la direcci\u00f3n arbitral de la ACB a trav\u00e9s de los canales habituales\u00bb<\/strong>, ha indicado F\u00e9lix Fern\u00e1ndez en la presentaci\u00f3n de <a href=\"https:\/\/www.gasteizhoy.com\/hamidou-diallo-salida-baskonia-china\/\" rel=\"nofollow noopener\" target=\"_blank\">Gytis Radzevicius<\/a> esta ma\u00f1ana. De hecho, tambi\u00e9n ha subrayado que ayer mismo tuvo una reuni\u00f3n con ellos, donde \u00ab<strong>se reconocieron una serie de errores y fallos<\/strong>.\u00bb<\/p>\n<p>\t\t\t\t\t\t\tPUBLICIDAD &#8211; SIGUE LEYENDO ABAJO<br \/>\n\t\t\t\t\t\t\t<a rel=\"noreferrer nofollow noopener\" href=\"https:\/\/www.ecoisola.es\/\" target=\"_blank\"><br \/>\n\t\t\t\t\t\t\t\t<img decoding=\"async\" width=\"400px\" height=\"400px\" layout=\"responsive\" data-category=\"banner-ecoisola\" id=\"segundoparr\" class=\"banclick\" src=\"https:\/\/www.europesays.com\/es\/wp-content\/uploads\/2025\/11\/publicidad-segundo-parrafo-62.gif\"\/><br \/>\n\t\t\t\t\t\t\t<\/a><\/p>\n<p><img fetchpriority=\"high\" decoding=\"async\" aria-describedby=\"caption-attachment-277795\" class=\"wp-image-277795 size-large\" title=\"Baskonia vs Valencia\" src=\"https:\/\/www.europesays.com\/es\/wp-content\/uploads\/2025\/12\/G7mTnwXW0AALrJ-2-879x586.jpeg.webp.jpeg\" alt=\"Baskonia vs Valencia\" width=\"879\" height=\"586\"  \/><\/p>\n<p id=\"caption-attachment-277795\" class=\"wp-caption-text\">Baskonia vs Valencia<\/p>\n<p>Aun as\u00ed, el directivo insiste en que no se puede tomar el arbitraje como excusa: \u00abNo lo centrar\u00eda todo en el arbitraje, <strong>nosotros tambi\u00e9n tuvimos nuestras opciones y errores<\/strong>\u00ab.<\/p>\n<p>Adem\u00e1s, ha destacado el nivel del equipo y la capacidad de competir en cualquier pista: \u00abEl equipo demostr\u00f3 que est\u00e1 a un nivel alto y que puede ganar en cualquier sitio\u00bb. A pesar de ello, ha recalcado la importancia de <strong>ganar lejos de casa<\/strong>, ya que \u00abes la asignatura pendiente\u00bb.<\/p>\n<p>\t\t\t\t<a class=\"content_cards_image_link\" href=\"https:\/\/www.gasteizhoy.com\/baskonia-valencia-2025-liga-endesa\/\" target=\"_blank\" rel=\"nofollow noopener\"><br \/><img decoding=\"async\" src=\"https:\/\/www.europesays.com\/es\/wp-content\/uploads\/2025\/12\/baskonia-valencia-scaled.jpeg.webp.jpeg\" alt=\"Derrota dura en el Buesa frente a un Valencia Basket al l\u00edmite (89-91)\"\/>\t\t\t\t<\/a><\/p>\n<p>\t\t\t\t\t\t\tPUBLICIDAD &#8211; SIGUE LEYENDO ABAJO<br \/>\n\t\t\t\t\t\t\t<a rel=\"noreferrer nofollow noopener\" href=\"https:\/\/www.bakh.es\/\" target=\"_blank\"><br \/>\n\t\t\t\t\t\t\t\t<img decoding=\"async\" width=\"400px\" height=\"400px\" layout=\"responsive\" data-category=\"banner-bakh\" id=\"novparr\" class=\"banclick\" src=\"https:\/\/www.europesays.com\/es\/wp-content\/uploads\/2025\/12\/publicidad-noveno-parrafo-68.jpg\"\/><br \/>\n\t\t\t\t\t\t\t<\/a><\/p>\n","protected":false},"excerpt":{"rendered":"Baskonia sigue digiriendo la derrota del pasado domingo frente al Valencia tras una canasta en el \u00faltimo segundo&hellip;\n","protected":false},"author":2,"featured_media":281267,"comment_status":"","ping_status":"","sticky":false,"template":"","format":"standard","meta":{"footnotes":""},"categories":[269],"tags":[299,298,168,25,24,23,167],"class_list":{"0":"post-281266","1":"post","2":"type-post","3":"status-publish","4":"format-standard","5":"has-post-thumbnail","7":"category-baloncesto","8":"tag-baloncesto","9":"tag-basketball","10":"tag-deportes","11":"tag-es","12":"tag-espana","13":"tag-spain","14":"tag-sports"},"share_on_mastodon":{"url":"https:\/\/pubeurope.com\/@es\/115695775346736347","error":""},"_links":{"self":[{"href":"https:\/\/www.europesays.com\/es\/wp-json\/wp\/v2\/posts\/281266","targetHints":{"allow":["GET"]}}],"collection":[{"href":"https:\/\/www.europesays.com\/es\/wp-json\/wp\/v2\/posts"}],"about":[{"href":"https:\/\/www.europesays.com\/es\/wp-json\/wp\/v2\/types\/post"}],"author":[{"embeddable":true,"href":"https:\/\/www.europesays.com\/es\/wp-json\/wp\/v2\/users\/2"}],"replies":[{"embeddable":true,"href":"https:\/\/www.europesays.com\/es\/wp-json\/wp\/v2\/comments?post=281266"}],"version-history":[{"count":0,"href":"https:\/\/www.europesays.com\/es\/wp-json\/wp\/v2\/posts\/281266\/revisions"}],"wp:featuredmedia":[{"embeddable":true,"href":"https:\/\/www.europesays.com\/es\/wp-json\/wp\/v2\/media\/281267"}],"wp:attachment":[{"href":"https:\/\/www.europesays.com\/es\/wp-json\/wp\/v2\/media?parent=281266"}],"wp:term":[{"taxonomy":"category","embeddable":true,"href":"https:\/\/www.europesays.com\/es\/wp-json\/wp\/v2\/categories?post=281266"},{"taxonomy":"post_tag","embeddable":true,"href":"https:\/\/www.europesays.com\/es\/wp-json\/wp\/v2\/tags?post=281266"}],"curies":[{"name":"wp","href":"https:\/\/api.w.org\/{rel}","templated":true}]}}