{"id":281287,"date":"2025-12-10T14:49:09","date_gmt":"2025-12-10T14:49:09","guid":{"rendered":"https:\/\/www.europesays.com\/es\/281287\/"},"modified":"2025-12-10T14:49:09","modified_gmt":"2025-12-10T14:49:09","slug":"seis-anos-de-internamiento-para-los-dos-menores-que-mataron-a-su-educadora-en-badajoz-el-mundo","status":"publish","type":"post","link":"https:\/\/www.europesays.com\/es\/281287\/","title":{"rendered":"Seis a\u00f1os de internamiento para los dos menores que mataron a su educadora en Badajoz &#8211; El Mundo"},"content":{"rendered":"<ol>\n<li><a href=\"https:\/\/news.google.com\/rss\/articles\/CBMiigFBVV95cUxQb0RkQWxJcGxEOXdwUEZjdEUxU3RONlYzaWhpbUozMW00VDgtS3E3aVU0WVlacElON2hNVU1GcHBmbnFrektDc3BTRGpEel8xQ0p1X3RLdUM1SjZMTVVvUDlpR0tQdU85eTBSRm5JXzUtY2kyaXFPYnVuWmQxNGVmZ29PVG9USUI1aGfSAYoBQVVfeXFMTWtEbDVFSlFnek1NazZmN09DTGxLWDhPbGxLQWE0ZGt2eVhTM25GRjlHREVQUzJuY3U3dUk4UXVYNVB6d2hVeU9CeTBsNmVUMUU4SWlUQlVqNnhvU012U25LYUJZTzkyMjcyU3c5enhqX3pRVm9wTS11U0t2b0lQYWpSemtrcWNZeFVR?oc=5\" target=\"_blank\" rel=\"nofollow noopener\">Seis a\u00f1os de internamiento para los dos menores que mataron a su educadora en Badajoz<\/a>&nbsp;&nbsp;El Mundo<\/li>\n<li><a href=\"https:\/\/news.google.com\/rss\/articles\/CBMitgFBVV95cUxPd29iTXZRNGlrTEo5S2lsTHBjZWhUcUtjcXBrMnMta0N0ZjhLVm9hc2l6dHY2ZWtUNS1zU0VDMEhGa0JGbHFJa2xWOE9hamh3d1FnQUIzZFJJS0x5WUg5aFNwdVViTnhrMU9WV3ZQeTBxems0eTJleFVWeklKMzBiWDU0V1NjTjFEaEpQQ3RXSG93XzU2d2d3VVZuSVowUHNwZGttU1ZpUUs1QmJsOWhoVEV1ZU1YZw?oc=5\" target=\"_blank\" rel=\"nofollow noopener\">Condenan por asesinato a seis a\u00f1os de internamiento a dos de los menores acusados de la muerte de la educadora social Bel\u00e9n Cort\u00e9s<\/a>&nbsp;&nbsp;ABC<\/li>\n<li><a href=\"https:\/\/news.google.com\/rss\/articles\/CBMipAFBVV95cUxPcC1UcXV6WWZUVVBJYkJNTGZBRFVYeGdmM2hlR3A4TEd4QlZMWVgwUHRna2FEaE44Y0hJbXFZSWYxZVc4VHBaenpfTTF5MDJuQlhpaURsMDRXcU1DQ1pGQzU4d2h4czZCeno1cEMxbG5WT0ZZd3hHU0JZNERqVG5MenlRSndUUzc2Zk93dTZ0a0lkdjgzYkphdWdmdGRxQjc4YjVocA?oc=5\" target=\"_blank\" rel=\"nofollow noopener\">Los menores varones, condenados a seis a\u00f1os por el asesinato de Bel\u00e9n Cort\u00e9s y la chica a cinco como cooperadora<\/a>&nbsp;&nbsp;Hoy<\/li>\n<li><a href=\"https:\/\/news.google.com\/rss\/articles\/CBMipAFBVV95cUxNN1doRVBkbHRMN2RSc1pTaXVmS0xwVkkwdy1ZLVM5TkxQVng3S05uLXhRSUxrUFBzLXBvLWc1d1RJUThqUGxhR2dqcU5tNzY0ZnhYS2l6c0JpbkY0Y1dNeFAwUHd5dVY1WmtOanVmNWtIRjM4SldmWTZxWENkZmZPNk9NUEIzaGF2WlBGZmwwam9PdWFZdTBqb1RRYXFncTdHUDRoc9IBpAFBVV95cUxNQUUzOGw1RmxubXl2NnB3NlBYNkFDdzVOLVdpazBYQ3hvTk5FbHFIT1J3QlltZjBtTV90cFZodFY4TTUxYkdFME5rS1lnNk5Ed01UNWVzaE1JWDVHTDJPZEZCRDNTOGgwYVJtUDk4c0pTaWZCOG4yYWNZdnp6V28zMDBONVcxX1BfVTQ0MHBYZHdIbTh0b3RFeE93Qk9UWnB0b2p5SA?oc=5\" target=\"_blank\" rel=\"nofollow noopener\">Ya hay sentencia por el asesinato de Bel\u00e9n Cort\u00e9s en Badajoz: condenados los dos menores a 6 a\u00f1os de internamiento y a 5 la adolescente como c\u00f3mplice<\/a>&nbsp;&nbsp;El Peri\u00f3dico<\/li>\n<li><a href=\"https:\/\/news.google.com\/rss\/articles\/CBMiswFBVV95cUxONFJKV1FzMGJyWkpXTnIwNmNIUE10UGxDdmZKVnpudkUwSFp4UEZmNVdFVmxvOUNnVHNXZ2FsSWtCYjN5eXpvMEg5MUhCMlNtd1MyN3JBalNpVVJRdHZiMG0xWnVCcWdBLVJrYlpONjJyUU1hUDNhcWdocmJNc1JBRVdCNkEyT3NLVk9LcERwMVJWT3RrYm5tWjVDS0tJU0FMM29aQ2xwYkF2bUtsbGltd0J6WQ?oc=5\" target=\"_blank\" rel=\"nofollow noopener\">Condenados a seis a\u00f1os de internamiento los dos menores que mataron a una educadora social en Badajoz<\/a>&nbsp;&nbsp;Deia<\/li>\n<\/ol>\n","protected":false},"excerpt":{"rendered":"Seis a\u00f1os de internamiento para los dos menores que mataron a su educadora en Badajoz&nbsp;&nbsp;El Mundo Condenan por&hellip;\n","protected":false},"author":2,"featured_media":281288,"comment_status":"","ping_status":"","sticky":false,"template":"","format":"standard","meta":{"footnotes":""},"categories":[8],"tags":[7235,17,18,25,24,26920,7234,13,14,11,19,20,9,10,15,16,23,12,21,22],"class_list":{"0":"post-281287","1":"post","2":"type-post","3":"status-publish","4":"format-standard","5":"has-post-thumbnail","7":"category-espana","8":"tag-badajoz","9":"tag-breaking-news","10":"tag-breakingnews","11":"tag-es","12":"tag-espana","13":"tag-espana-extremadura","14":"tag-extremadura","15":"tag-featured-news","16":"tag-featurednews","17":"tag-headlines","18":"tag-latest-news","19":"tag-latestnews","20":"tag-news","21":"tag-noticias","22":"tag-noticias-destacadas","23":"tag-noticiasdestacadas","24":"tag-spain","25":"tag-titulares","26":"tag-ultimas-noticias","27":"tag-ultimasnoticias"},"share_on_mastodon":{"url":"https:\/\/pubeurope.com\/@es\/115695829978027416","error":""},"_links":{"self":[{"href":"https:\/\/www.europesays.com\/es\/wp-json\/wp\/v2\/posts\/281287","targetHints":{"allow":["GET"]}}],"collection":[{"href":"https:\/\/www.europesays.com\/es\/wp-json\/wp\/v2\/posts"}],"about":[{"href":"https:\/\/www.europesays.com\/es\/wp-json\/wp\/v2\/types\/post"}],"author":[{"embeddable":true,"href":"https:\/\/www.europesays.com\/es\/wp-json\/wp\/v2\/users\/2"}],"replies":[{"embeddable":true,"href":"https:\/\/www.europesays.com\/es\/wp-json\/wp\/v2\/comments?post=281287"}],"version-history":[{"count":0,"href":"https:\/\/www.europesays.com\/es\/wp-json\/wp\/v2\/posts\/281287\/revisions"}],"wp:featuredmedia":[{"embeddable":true,"href":"https:\/\/www.europesays.com\/es\/wp-json\/wp\/v2\/media\/281288"}],"wp:attachment":[{"href":"https:\/\/www.europesays.com\/es\/wp-json\/wp\/v2\/media?parent=281287"}],"wp:term":[{"taxonomy":"category","embeddable":true,"href":"https:\/\/www.europesays.com\/es\/wp-json\/wp\/v2\/categories?post=281287"},{"taxonomy":"post_tag","embeddable":true,"href":"https:\/\/www.europesays.com\/es\/wp-json\/wp\/v2\/tags?post=281287"}],"curies":[{"name":"wp","href":"https:\/\/api.w.org\/{rel}","templated":true}]}}