{"id":281299,"date":"2025-12-10T15:01:13","date_gmt":"2025-12-10T15:01:13","guid":{"rendered":"https:\/\/www.europesays.com\/es\/281299\/"},"modified":"2025-12-10T15:01:13","modified_gmt":"2025-12-10T15:01:13","slug":"los-arquitectos-fernandez-abascal-y-muruzabal-torrelaveguenses-ilustres-2025","status":"publish","type":"post","link":"https:\/\/www.europesays.com\/es\/281299\/","title":{"rendered":"Los arquitectos Fern\u00e1ndez-Abascal y Muruz\u00e1bal, Torrelaveguenses Ilustres 2025"},"content":{"rendered":"<p><a class=\"v-mdl-ath__fig-a\" href=\"https:\/\/www.eldiariomontanes.es\/autor\/laura-masegosa-6629.html\" title=\"Laura Masegosa\" rel=\"nofollow noopener\" target=\"_blank\"><br \/>\n<img decoding=\"async\" class=\"v-mdl-ath__img\" src=\"https:\/\/www.europesays.com\/es\/wp-content\/uploads\/2025\/12\/autor-6629-foto-3.jpeg\" alt=\"Laura Masegosa\"\/><br \/>\n<\/a><\/p>\n<p class=\"v-mdl-ath__p v-mdl-ath__p--6\">\nMi\u00e9rcoles, 10 de diciembre 2025, 14:29<\/p>\n<p class=\"v-p\">Torrelavega puede presumir de talento propio. Y este 2025 lo hace de manera especial: el Grupo de Opini\u00f3n Quercus ha elegido como Torrelaveguenses Ilustres a los arquitectos Eduardo Fern\u00e1ndez-Abascal y Floren Muruz\u00e1bal, dos profesionales unidos por una trayectoria tan s\u00f3lida como discreta, tejida durante m\u00e1s de cuarenta a\u00f1os desde su tierra y con la mirada siempre puesta en ella. Es la primera vez que este reconocimiento se concede de forma compartida, y tambi\u00e9n la primera que recae en arquitectos: doble motivo para celebrar. El anuncio ha sido recibido con orgullo en el entorno cultural y profesional de la ciudad, donde su nombre siempre ha inspirado respeto y admiraci\u00f3n sincera por su manera de entender la profesi\u00f3n.<\/p>\n<p class=\"v-p\">Ambos nacieron en Torrelavega y aqu\u00ed dieron los primeros pasos de una vocaci\u00f3n que, con el tiempo, los llevar\u00eda a firmar proyectos que ya forman parte del patrimonio contempor\u00e1neo de Cantabria. Aunque hoy viven a apenas unos kil\u00f3metros, contin\u00faan sintiendo la ciudad como hogar: \u00abPara m\u00ed Torrelavega es la ciudad de referencia\u00bb, afirma Fern\u00e1ndez-Abascal. \u00abCualquier reconocimiento aqu\u00ed tiene un valor especial\u00bb.<\/p>\n<p class=\"v-p\">Se conoc\u00edan antes de trabajar juntos y la amistad se convirti\u00f3 en sociedad a comienzos de los a\u00f1os 80. \u00abNos hemos mantenido unidos incluso en las \u00e9pocas dif\u00edciles. Eduardo es un amante de la arquitectura y siempre ha tirado hacia adelante\u00bb, recuerda Muruz\u00e1bal, que afronta su jubilaci\u00f3n con la satisfacci\u00f3n del trabajo bien hecho. \u00abNo me lo esperaba, pero me hace mucha ilusi\u00f3n terminar as\u00ed\u00bb.<\/p>\n<p class=\"v-p\">Su estudio en Mijares ha crecido sin prisa pero sin pausa. En su trayectoria destacan rehabilitaciones emblem\u00e1ticas como las Naves de Gamazo \u2014hoy sede de la Fundaci\u00f3n Enaire\u2014 la Torre de Don Borja en Santillana, el Seminario Mayor de Comillas, o la nueva terraza-mirador del Palacio de Festivales de Cantabria. Tambi\u00e9n han firmado viviendas que reinterpretan de manera contempor\u00e1nea la arquitectura c\u00e1ntabra y que les han dado alegr\u00edas recientes: el Colegio Oficial de Arquitectos de Cantabria les entregar\u00e1 un nuevo premio en reconocimiento a esa coherencia y calidad.<\/p>\n<p class=\"v-p\">Su manera de trabajar es tan particular como eficaz. No se reparten los encargos: todo lo firman a cuatro manos. \u00abSomos dos personas muy diferentes, pero eso nos ha enriquecido. En todos los proyectos trabajamos los dos desde el principio\u00bb, se\u00f1ala Eduardo. Floren lo resume con ternura: \u00abNos conocemos tanto que todo fluye\u00bb.<\/p>\n<p class=\"v-p\">En sus palabras aparece constantemente la idea de di\u00e1logo con el entorno: \u00abLa arquitectura construye el escenario de la vida de la gente\u00bb, explica \u00e9l. \u00abY en una tierra con una geograf\u00eda y un patrimonio tan espl\u00e9ndidos, nuestro deber es que la arquitectura conviva con el paisaje y con lo que ya existe\u00bb. De ah\u00ed su defensa de la arquitectura popular y su deseo de preservar la esencia del territorio, apostando siempre por materiales cercanos y soluciones respetuosas.<\/p>\n<p class=\"v-p\">Ambos reconocen que les gustar\u00eda haber podido trabajar m\u00e1s en Torrelavega. Pero el futuro sigue abierto: el estudio proyecta actualmente unas viviendas junto a la iglesia de La Asunci\u00f3n, en pleno centro, y contin\u00faa avanzando en el Centro de Interpretaci\u00f3n del Parque Natural de Oyambre, un proyecto muy cercano a su manera de entender la arquitectura. Tambi\u00e9n mantienen encargos en otras zonas de Cantabria, consolidando un legado que trasciende fronteras locales sin olvidar nunca el punto de partida. Su presencia contin\u00faa activa y creativa, especialmente en el caso de Fern\u00e1ndez-Abascal, que mantiene intacta la ilusi\u00f3n por seguir dise\u00f1ando.<\/p>\n<p class=\"v-p\">El pasado a\u00f1o recibieron en Madrid el Premio NAN a la Excelencia por toda su carrera. Ahora es su ciudad quien les da las gracias. Y este reconocimiento tiene para ellos un valor \u00fanico: habla de pertenencia, de amor por el lugar en el que crecieron, de la emoci\u00f3n de volver a casa. Una emoci\u00f3n compartida con quienes han seguido de cerca su trayectoria y celebran cada nuevo logro.<\/p>\n<p>Reporta un error<\/p>\n","protected":false},"excerpt":{"rendered":"Mi\u00e9rcoles, 10 de diciembre 2025, 14:29 Torrelavega puede presumir de talento propio. Y este 2025 lo hace de&hellip;\n","protected":false},"author":2,"featured_media":281300,"comment_status":"","ping_status":"","sticky":false,"template":"","format":"standard","meta":{"footnotes":""},"categories":[173],"tags":[45,3739,229,233,231,230,232,234,146,147,25,24,52089,13868,52090,23,68082],"class_list":{"0":"post-281299","1":"post","2":"type-post","3":"status-publish","4":"format-standard","5":"has-post-thumbnail","7":"category-arte-y-diseno","8":"tag-45","9":"tag-arquitectos","10":"tag-arte","11":"tag-arte-y-diseno","12":"tag-arts","13":"tag-arts-and-design","14":"tag-design","15":"tag-diseno","16":"tag-entertainment","17":"tag-entretenimiento","18":"tag-es","19":"tag-espana","20":"tag-fernandezabascal","21":"tag-ilustres","22":"tag-muruzabal","23":"tag-spain","24":"tag-torrelaveguenses"},"share_on_mastodon":{"url":"https:\/\/pubeurope.com\/@es\/115695877646292868","error":""},"_links":{"self":[{"href":"https:\/\/www.europesays.com\/es\/wp-json\/wp\/v2\/posts\/281299","targetHints":{"allow":["GET"]}}],"collection":[{"href":"https:\/\/www.europesays.com\/es\/wp-json\/wp\/v2\/posts"}],"about":[{"href":"https:\/\/www.europesays.com\/es\/wp-json\/wp\/v2\/types\/post"}],"author":[{"embeddable":true,"href":"https:\/\/www.europesays.com\/es\/wp-json\/wp\/v2\/users\/2"}],"replies":[{"embeddable":true,"href":"https:\/\/www.europesays.com\/es\/wp-json\/wp\/v2\/comments?post=281299"}],"version-history":[{"count":0,"href":"https:\/\/www.europesays.com\/es\/wp-json\/wp\/v2\/posts\/281299\/revisions"}],"wp:featuredmedia":[{"embeddable":true,"href":"https:\/\/www.europesays.com\/es\/wp-json\/wp\/v2\/media\/281300"}],"wp:attachment":[{"href":"https:\/\/www.europesays.com\/es\/wp-json\/wp\/v2\/media?parent=281299"}],"wp:term":[{"taxonomy":"category","embeddable":true,"href":"https:\/\/www.europesays.com\/es\/wp-json\/wp\/v2\/categories?post=281299"},{"taxonomy":"post_tag","embeddable":true,"href":"https:\/\/www.europesays.com\/es\/wp-json\/wp\/v2\/tags?post=281299"}],"curies":[{"name":"wp","href":"https:\/\/api.w.org\/{rel}","templated":true}]}}