{"id":281301,"date":"2025-12-10T15:03:18","date_gmt":"2025-12-10T15:03:18","guid":{"rendered":"https:\/\/www.europesays.com\/es\/281301\/"},"modified":"2025-12-10T15:03:18","modified_gmt":"2025-12-10T15:03:18","slug":"xenia-tostado-se-incorpora-al-reparto-de-suenos-de-libertad-para-interpretar-a-la-misteriosa-beatriz","status":"publish","type":"post","link":"https:\/\/www.europesays.com\/es\/281301\/","title":{"rendered":"Xenia Tostado se incorpora al reparto de &#8216;Sue\u00f1os de Libertad&#8217; para interpretar a la misteriosa Beatriz"},"content":{"rendered":"<p><strong>Xenia Tostado<\/strong> (44 a\u00f1os) sabe lo que es contar historias que marcaron a una \u00e9poca \u2013como &#8216;M\u00e9dico de familia&#8217;, &#8216;Ana y los 7&#8217; o &#8216;F\u00edsica o qu\u00edmica&#8217;\u2013 y formar parte de series de emisi\u00f3n diaria, como &#8216;Amar es para siempre&#8217;. La actriz\u00a0regresa a la parrilla televisiva para sumarse al <a href=\"https:\/\/www.lecturas.com\/television\/reparto-suenos-libertad-uno-a-uno-actores-y-actrices-serie-antena-3_153142\" target=\"_self\" rel=\"nofollow noopener\">reparto de &#8216;Sue\u00f1os de libertad&#8217;<\/a>. Despu\u00e9s de semanas de misterio, la ficci\u00f3n de las tardes de Antena 3 desvela, por fin, el rostro de Beatriz, el gran amor del pasado de Gabriel.\u00a0<\/p>\n<p>El nombre de Beatriz lleva semanas sonando <a href=\"https:\/\/www.lecturas.com\/television\/marta-tiene-corazon-roto-seguidoras-suenos-libertad-se-pronuncian-sobre-cloe_185573\" target=\"_self\" rel=\"nofollow noopener\">en los cap\u00edtulos de &#8216;Sue\u00f1os de libertad&#8217;<\/a>. Este nombre se ha convertido en un elemento recurrente y est\u00e1 cargado de misterio. De momento, se sabe que se trata del <strong>gran amor de Gabriel<\/strong>. Ambos habr\u00edan mantenido una relaci\u00f3n que llego a su fin despu\u00e9s de que la madre de \u00e9l les hubiera saboteado. <a href=\"https:\/\/www.lecturas.com\/television\/avance-semanal-suenos-libertad-12-diciembre-secreto-pasado-es-usado-como-chantaje_185360\" target=\"_self\" rel=\"nofollow noopener\">Delia M\u00e1rquez<\/a> habr\u00eda provocado un distanciamiento entre ambos que marc\u00f3 la vida de su hijo.<\/p>\n<p>Hasta ahora, hemos escuchado a Gabriel hablar de esta mujer con Bego\u00f1a y Dami\u00e1n, pero siempre lo ha hecho con cautela. Ha sido Andr\u00e9s quien ha localizado\u00a0informaci\u00f3n relevante sobre ella. Comenz\u00f3 esta investigaci\u00f3n, decidido a desenmascararlo, despu\u00e9s de dar con la madre de Gabriel\u00a0con la ayuda de un detective.<\/p>\n<p><img loading=\"lazy\" decoding=\"async\"   src=\"https:\/\/www.europesays.com\/es\/wp-content\/uploads\/2025\/12\/suenos-de-libertad_dc47c284_251210143715_1200x800.webp.webp\" alt=\"Sue\u00f1os de Libertad\" class=\"lazyload\" width=\"1200\" height=\"800\" data-aspectratio=\"1200\/800\"\/><\/p>\n<p>Andr\u00e9s estar\u00eda buscando el detonante perfecto para desenmascarar a Gabriel<\/p>\n<p>&#13;Atresmedia<\/p>\n<p>La llegada de Beatriz a &#8216;Sue\u00f1os de libertad&#8217; <strong>es justo lo que Andr\u00e9s andaba buscando<\/strong>. Se trata del detonante que quer\u00eda para desestabilizar a Gabriel y exponer sus mentiras. Actualmente, se siente\u00a0reforzado dentro del clan De la Reina tras manipular h\u00e1bilmente la versi\u00f3n de su madre para quedar en buen lugar.<\/p>\n<p>Xenia Tostado <a href=\"https:\/\/www.lecturas.com\/television\/reparto-suenos-libertad-uno-a-uno-actores-y-actrices-serie-antena-3_153142\" target=\"_self\" rel=\"nofollow noopener\">se incorpora a &#8216;Sue\u00f1os de libertad&#8217;<\/a>\u00a0justo cuando la serie se encamina hacia su desenlace de la segunda temporada. Todo apunta a que la actriz catalana se mantendr\u00e1 <strong>como uno de los personajes principales <\/strong>de la ficci\u00f3n durante la tercera entrega. No es la \u00fanica incorporaci\u00f3n que se suma en la recta final.\u00a0Hace unas semanas,\u00a0llegaba Fernando Andina y Jes\u00fas Blanco, quien interpreta a Francisco C\u00e1rdenas, un rival pol\u00edtico para Pelayo. La aparici\u00f3n de la madre de Gabriel propici\u00f3 la incorporaci\u00f3n de Celia Castro al reparto. Adem\u00e1s, han regresado otros tres personajes que ya hab\u00edan aparecido en el pasado.\u00a0<\/p>\n<p>Vuelta a la rutina<\/p>\n<p>La actriz ya ha trabajado en ficciones de emisi\u00f3n diaria, como &#8216;Amar es para siempre&#8217;. Eso quiere decir que conoce a la perfecci\u00f3n las exigencias de un formato como este. Sin embargo, <strong>su salto a la fama lleg\u00f3 con &#8216;Sin tetas no hay para\u00edso&#8217;<\/strong>, serie en la que interpret\u00f3 a la a\u00fan recordada Vanessa. Pero este no ha sido el \u00fanico gran \u00e9xito en el que ha trabajado.\u00a0\u2018Bandolera\u2019, \u2018Piratas\u2019, \u2018F\u00edsica o Qu\u00edmica\u2019, \u2018Gigantes\u2019 o \u2018La cocinera de Castamar\u2019 son otros de los t\u00edtulos en los que ha participado.<\/p>\n<p><img loading=\"lazy\" decoding=\"async\"   src=\"https:\/\/www.europesays.com\/es\/wp-content\/uploads\/2025\/12\/xenia-tostado_8675ec35_251210144004_1200x836.webp.webp\" alt=\"Xenia Tostado\" class=\"lazyload\" width=\"1200\" height=\"836\" data-aspectratio=\"1200\/836\"\/><\/p>\n<p>Xenia Tostado regresa a una ficci\u00f3n diaria para interpretar al que promete ser un personaje clave de la pr\u00f3xima temporada<\/p>\n<p>&#13;Instagram @xeniatostado<\/p>\n<p>Xenia Tostado ha estado vinculada a la interpretaci\u00f3n desde muy joven. Se form\u00f3 en teatro y con solo 18 a\u00f1os se traslad\u00f3 a Madrid para continuar con su carrera interpretativa. Debut\u00f3 en\u00a0\u2018Javier ya no vive solo\u2019, proyecto que le permiti\u00f3 trabajar con Emilio Arag\u00f3n y Emilio Guti\u00e9rrez Caba. A lo largo de los m\u00e1s de 20 a\u00f1os que lleva trabajando como actriz ha\u00a0demostrado versatilidad interpretativa, afrontando retos que van desde\u00a0el drama a la comedia.<\/p>\n<p>Su incorporaci\u00f3n a esta nueva fase de \u2018Sue\u00f1os de libertad\u2019 promete traducirse en\u00a0intensidad emocional y peso dram\u00e1tico. Su personaje llega en el <strong>momento m\u00e1s delicado de la relaci\u00f3n entre\u00a0Gabriel y Andr\u00e9s<\/strong>. Gabriel est\u00e1 fortalecido en la familia, pero Andr\u00e9s est\u00e1 dispuesto a casi cualquier cosa para desenmascararlo. Aunque a\u00fan no cuente con pruebas contundentes, la llegada de Beatriz podr\u00eda ser el detonante que provoque que los secretos de Gabriel salgan a la luz.<\/p>\n","protected":false},"excerpt":{"rendered":"Xenia Tostado (44 a\u00f1os) sabe lo que es contar historias que marcaron a una \u00e9poca \u2013como &#8216;M\u00e9dico de&hellip;\n","protected":false},"author":2,"featured_media":281302,"comment_status":"","ping_status":"","sticky":false,"template":"","format":"standard","meta":{"footnotes":""},"categories":[171],"tags":[146,147,25,24,23,214],"class_list":{"0":"post-281301","1":"post","2":"type-post","3":"status-publish","4":"format-standard","5":"has-post-thumbnail","7":"category-tv","8":"tag-entertainment","9":"tag-entretenimiento","10":"tag-es","11":"tag-espana","12":"tag-spain","13":"tag-tv"},"share_on_mastodon":{"url":"https:\/\/pubeurope.com\/@es\/115695885755234773","error":""},"_links":{"self":[{"href":"https:\/\/www.europesays.com\/es\/wp-json\/wp\/v2\/posts\/281301","targetHints":{"allow":["GET"]}}],"collection":[{"href":"https:\/\/www.europesays.com\/es\/wp-json\/wp\/v2\/posts"}],"about":[{"href":"https:\/\/www.europesays.com\/es\/wp-json\/wp\/v2\/types\/post"}],"author":[{"embeddable":true,"href":"https:\/\/www.europesays.com\/es\/wp-json\/wp\/v2\/users\/2"}],"replies":[{"embeddable":true,"href":"https:\/\/www.europesays.com\/es\/wp-json\/wp\/v2\/comments?post=281301"}],"version-history":[{"count":0,"href":"https:\/\/www.europesays.com\/es\/wp-json\/wp\/v2\/posts\/281301\/revisions"}],"wp:featuredmedia":[{"embeddable":true,"href":"https:\/\/www.europesays.com\/es\/wp-json\/wp\/v2\/media\/281302"}],"wp:attachment":[{"href":"https:\/\/www.europesays.com\/es\/wp-json\/wp\/v2\/media?parent=281301"}],"wp:term":[{"taxonomy":"category","embeddable":true,"href":"https:\/\/www.europesays.com\/es\/wp-json\/wp\/v2\/categories?post=281301"},{"taxonomy":"post_tag","embeddable":true,"href":"https:\/\/www.europesays.com\/es\/wp-json\/wp\/v2\/tags?post=281301"}],"curies":[{"name":"wp","href":"https:\/\/api.w.org\/{rel}","templated":true}]}}