{"id":281309,"date":"2025-12-10T15:07:14","date_gmt":"2025-12-10T15:07:14","guid":{"rendered":"https:\/\/www.europesays.com\/es\/281309\/"},"modified":"2025-12-10T15:07:14","modified_gmt":"2025-12-10T15:07:14","slug":"obituario-constantina-asuncion-varela-jubilada-del-hotel-de-suances-tinuca-varela-un-legado-de-amor-por-la-vida-que-ni-la-ela-le-arrebato","status":"publish","type":"post","link":"https:\/\/www.europesays.com\/es\/281309\/","title":{"rendered":"Obituario, Constantina Asunci\u00f3n Varela | Jubilada del Hotel de Suances: Tinuca Varela, un legado de amor por la vida que ni la ELA le arrebat\u00f3"},"content":{"rendered":"<p>A Constantina Asunci\u00f3n Varela Casta\u00f1eda todo el mundo la conoc\u00eda por Tinuca, vecina ejemplar, trabajadora, entregada a los suyos y siempre con tiempo para los  &#8230; dem\u00e1s, siempre pensando en los que la rodeaban y los que no, especialmente en sus hijas, Tina y Reyes, como demostr\u00f3 hasta el \u00faltimo minuto de su vida. <\/p>\n<p class=\"v-p\">Muri\u00f3 por una sufrida y larga enfermedad, esclerosis lateral amiotr\u00f3fica, ELA, y tras decidir que hab\u00eda llegado el momento, por no poder asumir el coste familiar y econ\u00f3mico que supon\u00edan sus cuidados. Un gesto m\u00e1s de la generosidad de una mujer que trasmiti\u00f3 ese esp\u00edritu de lucha a sus hijas, eso y sus tremendas ganas de vivir. <\/p>\n<p class=\"v-p\">Naci\u00f3 en agosto del a\u00f1o 1955 en Los Corrales de Buelna, en el barrio de Lombera, en su casa. Era hija de Gildo Varela, en su d\u00eda apodado &#8216;el alcalde del Bardal\u00f3n&#8217;, otro de los viejos barrios de Los Corrales. Dos lugares que han llorado el fallecimiento de una mujer a la que echaban de menos por la alegr\u00eda que trasmit\u00eda, pero a la que segu\u00edan de cerca, preguntando por una enfermedad que apenas la dejaba ya moverse.<\/p>\n<p class=\"v-p\">Al poco tiempo de tener a sus dos hijas enviud\u00f3 y fruto de su arrojo y coraje dio un paso adelante para salvaguardar su familia. Desde ese momento dedic\u00f3 todos sus esfuerzos a convertir a Tina y Reyes en las mujeres queridas y reconocidas que hoy son, tan trabajadoras y generosas como lo fue su madre, que no ocultaba el orgullo que sent\u00eda por ellas. Valientes y con coraje, como lo fue ella.<\/p>\n<p class=\"v-p\">Trabaj\u00f3 en el Hotel Suances como gobernanta hasta que se detect\u00f3 su enfermedad. Dentro y fuera fue querida por todos los que la trataban por su car\u00e1cter bondadoso y afable, su amor por la familia y su desinteresado af\u00e1n por hacer el bien all\u00e1 donde estaba. <\/p>\n<p class=\"v-p\">Una vida marcada tambi\u00e9n por un sentido del humor que se contagiaba, a pesar de los embates que le dio la vida. Algo que se notaba en las redes sociales, porque se mov\u00eda con soltura (mientras sus manos se lo permitieron) en Tiktok. <\/p>\n<p class=\"v-p\">\u00abNo ha hecho otra cosa que vivir para sus hijas, algo que dignifica a\u00fan m\u00e1s su \u00faltimo sacrificio, renunciar a una traqueotom\u00eda que podr\u00eda haber alargado su vida, pero tambi\u00e9n, como ella cre\u00eda, la agon\u00eda de Tina y Reyes\u00bb. En sus \u00faltimas horas pudo ver p\u00e1jaros en su ventana del Hospital de Sierrallana, la estaci\u00f3n espacial internacional sobrevolando el edificio a las 07.30 horas de la ma\u00f1ana, y nieve y granizo en toda Cantabria. De su querida Virgen de las Nieves y la de Santa Mar\u00eda la Mayor. Se\u00f1ales, por cielo y tierra, de la marcha de una mujer buena.<\/p>\n","protected":false},"excerpt":{"rendered":"A Constantina Asunci\u00f3n Varela Casta\u00f1eda todo el mundo la conoc\u00eda por Tinuca, vecina ejemplar, trabajadora, entregada a los&hellip;\n","protected":false},"author":2,"featured_media":281310,"comment_status":"","ping_status":"","sticky":false,"template":"","format":"standard","meta":{"footnotes":""},"categories":[92],"tags":[1733,38515,1813,25,24,165,363,166,23,68088,68089,2606],"class_list":{"0":"post-281309","1":"post","2":"type-post","3":"status-publish","4":"format-standard","5":"has-post-thumbnail","7":"category-salud","8":"tag-amor","9":"tag-arrebato","10":"tag-ela","11":"tag-es","12":"tag-espana","13":"tag-health","14":"tag-legado","15":"tag-salud","16":"tag-spain","17":"tag-tinuca","18":"tag-varela","19":"tag-vida"},"share_on_mastodon":{"url":"https:\/\/pubeurope.com\/@es\/115695901013185148","error":""},"_links":{"self":[{"href":"https:\/\/www.europesays.com\/es\/wp-json\/wp\/v2\/posts\/281309","targetHints":{"allow":["GET"]}}],"collection":[{"href":"https:\/\/www.europesays.com\/es\/wp-json\/wp\/v2\/posts"}],"about":[{"href":"https:\/\/www.europesays.com\/es\/wp-json\/wp\/v2\/types\/post"}],"author":[{"embeddable":true,"href":"https:\/\/www.europesays.com\/es\/wp-json\/wp\/v2\/users\/2"}],"replies":[{"embeddable":true,"href":"https:\/\/www.europesays.com\/es\/wp-json\/wp\/v2\/comments?post=281309"}],"version-history":[{"count":0,"href":"https:\/\/www.europesays.com\/es\/wp-json\/wp\/v2\/posts\/281309\/revisions"}],"wp:featuredmedia":[{"embeddable":true,"href":"https:\/\/www.europesays.com\/es\/wp-json\/wp\/v2\/media\/281310"}],"wp:attachment":[{"href":"https:\/\/www.europesays.com\/es\/wp-json\/wp\/v2\/media?parent=281309"}],"wp:term":[{"taxonomy":"category","embeddable":true,"href":"https:\/\/www.europesays.com\/es\/wp-json\/wp\/v2\/categories?post=281309"},{"taxonomy":"post_tag","embeddable":true,"href":"https:\/\/www.europesays.com\/es\/wp-json\/wp\/v2\/tags?post=281309"}],"curies":[{"name":"wp","href":"https:\/\/api.w.org\/{rel}","templated":true}]}}