{"id":281311,"date":"2025-12-10T15:08:10","date_gmt":"2025-12-10T15:08:10","guid":{"rendered":"https:\/\/www.europesays.com\/es\/281311\/"},"modified":"2025-12-10T15:08:10","modified_gmt":"2025-12-10T15:08:10","slug":"el-cartel-del-vina-rock-sufre-el-boicot-a-kkr-y-firma-su-primera-cancelacion-el-dia-despues-de-anunciarlo-el-salto","status":"publish","type":"post","link":"https:\/\/www.europesays.com\/es\/281311\/","title":{"rendered":"El cartel del Vi\u00f1a Rock sufre el boicot a KKR y firma su primera cancelaci\u00f3n el d\u00eda despu\u00e9s de anunciarlo &#8211; El Salto"},"content":{"rendered":"<p>Ha pasado medio a\u00f1o, pero <a href=\"https:\/\/www.elsaltodiario.com\/economia\/fondo-proisraeli-kkr-se-hace-grandes-festivales-espanoles-musica\" target=\"_blank\" rel=\"nofollow noopener\">el terremoto KKR<\/a> en la industria del espect\u00e1culo sigue resonando. El Vi\u00f1a Rock, uno de los festivales propiedad de Superstruct y, por lo tanto, del fondo proisrael\u00ed KKR, ha anunciado el cartel que m\u00e1s le ha costado negociar en su historia. Con <a href=\"https:\/\/www.elsaltodiario.com\/culturas\/residente-cancela-conciertos-festivales-propiedad-del-fondo-proisraeli-kkr\" target=\"_blank\" rel=\"nofollow noopener\">el posicionamiento p\u00fablico<\/a> contra el fondo de cientos de grupos de punk y de rock que se hab\u00edan convertido en referencia para el festival y sus asistentes, los organizadores del evento han sacado un cartel que ha cumplido con las expectativas de los m\u00e1s cr\u00edticos. <\/p>\n<p>No asistir\u00e1n ni Ferm\u00edn Muguruza ni Sons of Aguirre ni Los Chikos del Ma\u00edz ni Boikot ni La Ra\u00edz ni casi ninguno de sus artistas habituales. La organizaci\u00f3n del evento parec\u00eda salvar los platos con los Sex Pistols y\u00a0Bob Vylan, pero estos \u00faltimos han anunciado su cancelaci\u00f3n un d\u00eda despu\u00e9s de anunciarse el cartel. El d\u00fao de punk-rap se une, as\u00ed, a cientos de bandas coordinadas desde el movimiento que en redes sociales ha venido a llamarse <a href=\"https:\/\/www.instagram.com\/boicotkkr\/\" target=\"_blank\" rel=\"nofollow noopener\">Boicot KKR<\/a>: \u201cPara que quede claro para todos, no estaremos en este festival\u201d, han explicado <a href=\"https:\/\/x.com\/BobbyVylan\/status\/1998520884857024660\" target=\"_blank\" rel=\"nofollow\">en un mensaje<\/a> en la red X, antes Twitter.<\/p>\n<p>En mayo, El Salto public\u00f3 <a href=\"https:\/\/www.elsaltodiario.com\/economia\/fondo-proisraeli-kkr-se-hace-grandes-festivales-espanoles-musica\" target=\"_blank\" rel=\"nofollow noopener\">una investigaci\u00f3n<\/a> que, apoyada en <a href=\"https:\/\/www.eldiario.es\/cultura\/musica\/superstruct-desconocido-dueno-30-festivales-espanoles-colocado-segundo-promotor-importante-mundo_1_11972278.html\" target=\"_blank\" rel=\"nofollow noopener\">la alerta<\/a> del periodista Nando Cruz, revelaba la vinculaci\u00f3n del gigante KKR con el Estado de Israel en plena limpieza \u00e9tnica en Palestina.\u00a0KKR participa en la promoci\u00f3n inmobiliaria en los territorios ocupados ilegalmente por Israel en Palestina. Lo hace a trav\u00e9s de otro conocido conglomerado, el grupo alem\u00e1n Axel Springer, del que KKR es\u00a0<a href=\"https:\/\/www.reuters.com\/article\/us-axel-sprngr-m-a-idUSKCN1VG1DK\/\" rel=\"nofollow noopener\" target=\"_blank\">principal inversor<\/a>\u00a0desde 2019. Como ya ha publicado\u00a0<a href=\"https:\/\/www.elsaltodiario.com\/ocupacion-israeli\/mayores-grupos-mediaticos-europa-vende-pisos-cisjordania-tiene-siete-cabeceras-espana\" target=\"_blank\" rel=\"nofollow noopener\">con anterioridad esta redacci\u00f3n<\/a>,\u00a0Axel Springer \u2014due\u00f1o de medios de comunicaci\u00f3n como\u00a0Bild,\u00a0Die Welt,\u00a0Business Insider,\u00a0Politico\u00a0o\u00a0Upday\u2014 tiene tambi\u00e9n una l\u00ednea inmobiliaria similar a la espa\u00f1ola Idealista, llamada Yad2, que oferta viviendas en territorios ocupados. \u201cYad2 te ayuda a mirar hacia adelante y construir un futuro en tu pr\u00f3ximo hogar en Israel\u201d, indicaba un anuncio publicado en la prensa israel\u00ed en diciembre de 2024. El anuncio mostraba un mapa que inclu\u00eda las zonas reconocidas por el derecho internacional como palestinas, esto es, Jerusal\u00e9n Este, Gaza y Cisjordania. Adem\u00e1s, KKR controla tambi\u00e9n Guesty, plataforma de software de gesti\u00f3n de propiedades inmobiliarias con sede en Israel.<\/p>\n<p>KKR, un fondo conocido en EEUU por ser parte del\u00a0lobby\u00a0profracking, est\u00e1 dirigido por\u00a0<a href=\"https:\/\/en.wikipedia.org\/wiki\/Henry_Kravis\" rel=\"nofollow noopener\" target=\"_blank\">Henry Kravis<\/a>\u00a0y\u00a0<a href=\"https:\/\/en.wikipedia.org\/wiki\/George_R._Roberts\" rel=\"nofollow noopener\" target=\"_blank\">George Roberts<\/a>, ambos jud\u00edos estadounidenses. Kravis\u00a0<a href=\"https:\/\/www.expansion.com\/economia\/financial-times\/2024\/02\/20\/65d4bddbe5fdea4c378b4579.html\" rel=\"nofollow noopener\" target=\"_blank\">fue donante<\/a>\u00a0de Nikki Haley en la campa\u00f1a de primarias del Partido Republicano de 2024. Haley es recordada, entre otros mensajes, por escribir el mensaje \u201cacaben con ellos\u201d en un misil israel\u00ed dirigido a Gaza. Donante republicano \u2014con algunos escarceos para candidatos dem\u00f3cratas\u00a0probussiness\u2014 Kravis, el nuevo due\u00f1o de los macrofestivales que se celebran en Espa\u00f1a, aport\u00f3 un mill\u00f3n de d\u00f3lares en la primera toma de posesi\u00f3n de Donald Trump en 2016. Adem\u00e1s, es reconocido como un importante donante de iniciativas culturales promovidas por el Estado de Israel.<\/p>\n<p>KKR tiene un portafolio p\u00fablico y otro que no se conoce ya que interviene a trav\u00e9s de otros fondos de inversi\u00f3n. Entre lo que es p\u00fablico, la propia compa\u00f1\u00eda refiere inversiones en software, ciberseguridad, tecnolog\u00eda financiera, internet, datos e informaci\u00f3n en empresas y startup de Norteam\u00e9rica, Europa e Israel. En materia de ciberseguridad, KKR entr\u00f3 en el mercado israel\u00ed a trav\u00e9s de la compa\u00f1\u00eda Optiv, que estableci\u00f3 colaboraci\u00f3n con la firma Israel IntSights, fundada por exoficiales de inteligencia de las Fuerzas Armadas de Israel (FDI).<\/p>\n<p>En ese mismo campo, en el verano de 2021, KKR respald\u00f3 a la empresa Global Technical Realty (GTR),\u00a0<a href=\"https:\/\/globaltechnicalrealty.com\/gtr-builds-momentum-with-tel-aviv-data-center\/\" rel=\"nofollow noopener\" target=\"_blank\">anunciando un nuevo centro de datos subterr\u00e1neo<\/a>\u00a0de 10,5MW en Petah Tikva, ciudad creada por Israel en territorio hist\u00f3ricamente poblado por el pueblo palestino. El centro, que tras el anuncio pas\u00f3 a ocupar un lugar discreto en los medios israel\u00eds, tendr\u00eda a d\u00eda de hoy al menos 4.800 metros cuadrados de superficie, convirti\u00e9ndolo en la principal infraestructura israel\u00ed de este tipo.\u00a0<\/p>\n<p>La ramificaci\u00f3n tecnol\u00f3gica llamada GTR fue fundada\u00a0ad hoc\u00a0por el fondo para dise\u00f1ar, construir y operar centros de datos a medida en toda Europa para grandes clientes tecnol\u00f3gicos y\u00a0<a href=\"https:\/\/www.haaretz.com\/israel-news\/tech-news\/2021-08-11\/ty-article\/.premium\/israel-gets-massive-new-server-farm-amid-data-center-boon\/0000017f-e8b1-dea7-adff-f9fb6de90000\" rel=\"nofollow noopener\" target=\"_blank\">actualmente ya opera<\/a>\u00a0y teje v\u00ednculos en Oriente Pr\u00f3ximo.<\/p>\n<p>La compa\u00f1\u00eda se ha mantenido en un discreto segundo plano en las valoraciones pol\u00edticas de sus asociados con respecto al genocidio. El general de cuatro estrellas David Petraeus, exdirector tambi\u00e9n de la agencia de inteligencia estadounidense CIA, se incorpor\u00f3 a KKR en 2013 como presidente del grupo en Oriente Medio. Petraeus fue comandante de las fuerzas estadounidenses en Afganist\u00e1n entre 2010 y 2011. En 2013,\u00a0<a href=\"https:\/\/www.theguardian.com\/world\/video\/2013\/mar\/06\/us-petraeus-torture-iraq-video\" rel=\"nofollow noopener\" target=\"_blank\">The Guardian<\/a>\u00a0public\u00f3 informaci\u00f3n exclusiva sobre su conocimiento de las torturas en Iraq. En sus \u201ccomentarios de mercado\u201d, los analistas de KKR se\u00f1alaban la victoria de Trump como positiva, en tanto pod\u00edan servir para dinamizar los llamados Acuerdos de Abraham firmados por Israel con distintos pa\u00edses de mayor\u00eda \u00e1rabe.<\/p>\n<p>                    <script async src=\"\/\/www.instagram.com\/embed.js\"><\/script><\/p>\n","protected":false},"excerpt":{"rendered":"Ha pasado medio a\u00f1o, pero el terremoto KKR en la industria del espect\u00e1culo sigue resonando. El Vi\u00f1a Rock,&hellip;\n","protected":false},"author":2,"featured_media":281312,"comment_status":"","ping_status":"","sticky":false,"template":"","format":"standard","meta":{"footnotes":""},"categories":[91],"tags":[146,147,25,24,185,4805,1273,23],"class_list":{"0":"post-281311","1":"post","2":"type-post","3":"status-publish","4":"format-standard","5":"has-post-thumbnail","7":"category-entretenimiento","8":"tag-entertainment","9":"tag-entretenimiento","10":"tag-es","11":"tag-espana","12":"tag-musica","13":"tag-radical-magazine","14":"tag-rock","15":"tag-spain"},"share_on_mastodon":{"url":"https:\/\/pubeurope.com\/@es\/115695904790140325","error":""},"_links":{"self":[{"href":"https:\/\/www.europesays.com\/es\/wp-json\/wp\/v2\/posts\/281311","targetHints":{"allow":["GET"]}}],"collection":[{"href":"https:\/\/www.europesays.com\/es\/wp-json\/wp\/v2\/posts"}],"about":[{"href":"https:\/\/www.europesays.com\/es\/wp-json\/wp\/v2\/types\/post"}],"author":[{"embeddable":true,"href":"https:\/\/www.europesays.com\/es\/wp-json\/wp\/v2\/users\/2"}],"replies":[{"embeddable":true,"href":"https:\/\/www.europesays.com\/es\/wp-json\/wp\/v2\/comments?post=281311"}],"version-history":[{"count":0,"href":"https:\/\/www.europesays.com\/es\/wp-json\/wp\/v2\/posts\/281311\/revisions"}],"wp:featuredmedia":[{"embeddable":true,"href":"https:\/\/www.europesays.com\/es\/wp-json\/wp\/v2\/media\/281312"}],"wp:attachment":[{"href":"https:\/\/www.europesays.com\/es\/wp-json\/wp\/v2\/media?parent=281311"}],"wp:term":[{"taxonomy":"category","embeddable":true,"href":"https:\/\/www.europesays.com\/es\/wp-json\/wp\/v2\/categories?post=281311"},{"taxonomy":"post_tag","embeddable":true,"href":"https:\/\/www.europesays.com\/es\/wp-json\/wp\/v2\/tags?post=281311"}],"curies":[{"name":"wp","href":"https:\/\/api.w.org\/{rel}","templated":true}]}}