{"id":281326,"date":"2025-12-10T15:21:12","date_gmt":"2025-12-10T15:21:12","guid":{"rendered":"https:\/\/www.europesays.com\/es\/281326\/"},"modified":"2025-12-10T15:21:12","modified_gmt":"2025-12-10T15:21:12","slug":"hankins-se-va-al-maccabi","status":"publish","type":"post","link":"https:\/\/www.europesays.com\/es\/281326\/","title":{"rendered":"Hankins se va al Maccabi"},"content":{"rendered":"<p>Zach Hankins se marcha al Maccabi de Tel Aviv. El adi\u00f3s del p\u00edvot de Michigan estaba cantado desde hace d\u00edas. El conjunto israel\u00ed que milita  &#8230; en la zona baja de la Euroliga encuentra as\u00ed un recambio para sus torres y, de paso, el Covir\u00e1n se desprende de uno de los jugadores con la n\u00f3mina m\u00e1s alta de su plantilla, adem\u00e1s de que su rendimiento fue muy bajo durante las nueve jornadas disputadas de Liga Endesa. <\/p>\n<p class=\"v-p\">Su despedida, en parte, puede ser un alivio para la formaci\u00f3n granadina, que est\u00e1 en plena fase de reconstrucci\u00f3n tras las incorporaciones de William Howard y Amida Brimah, por las lesiones de Elias Valtonen y Jovan Kljajic. <\/p>\n<p class=\"v-p\">Al principio, la contrataci\u00f3n de Howard, un &#8216;tres&#8217;, era l\u00f3gica para cubrir la baja de Valtonen, dado que el finland\u00e9s, operado del hombro en su pa\u00eds, seguramente no podr\u00e1 volver en lo que resta de campa\u00f1a o muy al final de ella, pero la de Brimah no se entendi\u00f3 demasiado, procedente del Estudiantes de Primera FEB. Empero, seg\u00fan la entidad, se vio como una opci\u00f3n de mejora en la zona que surgi\u00f3 en el mercado. <\/p>\n<p class=\"v-p\">Con ese movimiento, el Covir\u00e1n se desprendi\u00f3 de Iv\u00e1n Aurrecoechea, dado que el campe\u00f3n del mundo de 3&#215;3 pas\u00f3 pr\u00e1cticamente desapercibido y durante las \u00faltimas jornadas, el entrenador Ram\u00f3n D\u00edaz incluso le sac\u00f3 de las convocatorias, siendo el descarte. El Covir\u00e1n, por tanto, de disponer de cuatro &#8216;centers&#8217; en su plantilla, con Babatunde y Brimah, pasa a solo dos tras irse Hankins y Aurreoechea.<\/p>\n<p class=\"v-p\">\u00abEl Covir\u00e1n Granada y Zach Hankins separan sus caminos\u00bb, as\u00ed comunic\u00f3 el Covir\u00e1n la baja del americano. \u00abEl jugador abandona la entidad rojinegra utilizando la cl\u00e1usula de salida para un equipo que compite en Euroliga. El club rojinegro agradece al p\u00edvot la labor realizada durante estos meses y le desea la mayor de las suertes en su futuro personal y en sus pr\u00f3ximos retos profesionales\u00bb, agrega la nota del club.<\/p>\n<p class=\"v-p\">Zach Hankins se convierte as\u00ed en la tercera baja del Covir\u00e1n Granada en lo que va de temporada. Tras las pasadas rescisiones de Micah Speight por bajo rendimiento y de Iv\u00e1n Aurrecoechea por falta de oportunidades, el p\u00edvot norteamericano pone rumbo al Maccabi de Tel Aviv mediante una compensaci\u00f3n econ\u00f3mica. Seg\u00fan public\u00f3 el periodista israel\u00ed Arel Ginsber, la cantidad ronda los 250.000 euros. <\/p>\n<p class=\"v-p\">Este dinero y el ahorro de un salario de los m\u00e1s elevados ser\u00e1 empleado en la contrataci\u00f3n de un nuevo &#8216;center&#8217;, sea extracomunitario o comunitario, as\u00ed lo ha solicitado el club nazar\u00ed a los agentes, abierto a los dos, expone Noelia G\u00f3mez en la red social X. Adem\u00e1s, tendr\u00e1 dinero para reforzar el per\u00edmetro, dado que debe cubrir la baja de larga duraci\u00f3n de Jovan Kljajic. De momento, Howard relev\u00f3 a Valtonen y Brimah a Aurrecoechea, pero quedan dos fichas pendientes, las del montenegrino y la de Hankins.<\/p>\n<p class=\"v-p\">Zach Hankins no entren\u00f3 con el resto del grupo ya el pasado martes. El &#8216;center&#8217; natural de Michigan aprovech\u00f3 para despedirse de sus compa\u00f1eros, as\u00ed como de los miembros del cuerpo t\u00e9cnico y del resto de empleados del club, antes de poner rumbo hacia su nuevo destino. <\/p>\n<p class=\"v-p\">El paso del estadounidense por la Liga Endesa y el Covir\u00e1n fue pobre, con buena actitud pero flojo en defensa, cierta colaboraci\u00f3n en el rebote y escasa en puntos. Hankins, sin embargo, mejor\u00f3 en los tres \u00faltimos encuentros, con una anotaci\u00f3n que superaba los dobles d\u00edgitos (10 puntos ante Girona, 16 ante el Real Madrid y 12 frente al Casademont Zaragoza), adem\u00e1s de capturar 17 rebotes entre los tres partidos, su mejor faceta. Hab\u00eda mejorado, pero no lo suficiente como para ayudar al Covir\u00e1n a salir del descenso.<\/p>\n<p class=\"v-p\">En nueve partidos y 19:39 minutos, promedi\u00f3 7,6 puntos, con 62,5% y 44,4 en tiros de dos y libres, 6,6 rebotes, 0,4 asistencias, un tap\u00f3n, 0,4 recuperaciones y 9,7 en valoraci\u00f3n, cortos n\u00fameros para tratarse de un extracomunitario. Su estancia en Granada fue breve.<\/p>\n","protected":false},"excerpt":{"rendered":"Zach Hankins se marcha al Maccabi de Tel Aviv. El adi\u00f3s del p\u00edvot de Michigan estaba cantado desde&hellip;\n","protected":false},"author":2,"featured_media":281327,"comment_status":"","ping_status":"","sticky":false,"template":"","format":"standard","meta":{"footnotes":""},"categories":[269],"tags":[299,298,168,25,24,9780,15139,23,167],"class_list":{"0":"post-281326","1":"post","2":"type-post","3":"status-publish","4":"format-standard","5":"has-post-thumbnail","7":"category-baloncesto","8":"tag-baloncesto","9":"tag-basketball","10":"tag-deportes","11":"tag-es","12":"tag-espana","13":"tag-hankins","14":"tag-maccabi","15":"tag-spain","16":"tag-sports"},"share_on_mastodon":{"url":"https:\/\/pubeurope.com\/@es\/115695955892426950","error":""},"_links":{"self":[{"href":"https:\/\/www.europesays.com\/es\/wp-json\/wp\/v2\/posts\/281326","targetHints":{"allow":["GET"]}}],"collection":[{"href":"https:\/\/www.europesays.com\/es\/wp-json\/wp\/v2\/posts"}],"about":[{"href":"https:\/\/www.europesays.com\/es\/wp-json\/wp\/v2\/types\/post"}],"author":[{"embeddable":true,"href":"https:\/\/www.europesays.com\/es\/wp-json\/wp\/v2\/users\/2"}],"replies":[{"embeddable":true,"href":"https:\/\/www.europesays.com\/es\/wp-json\/wp\/v2\/comments?post=281326"}],"version-history":[{"count":0,"href":"https:\/\/www.europesays.com\/es\/wp-json\/wp\/v2\/posts\/281326\/revisions"}],"wp:featuredmedia":[{"embeddable":true,"href":"https:\/\/www.europesays.com\/es\/wp-json\/wp\/v2\/media\/281327"}],"wp:attachment":[{"href":"https:\/\/www.europesays.com\/es\/wp-json\/wp\/v2\/media?parent=281326"}],"wp:term":[{"taxonomy":"category","embeddable":true,"href":"https:\/\/www.europesays.com\/es\/wp-json\/wp\/v2\/categories?post=281326"},{"taxonomy":"post_tag","embeddable":true,"href":"https:\/\/www.europesays.com\/es\/wp-json\/wp\/v2\/tags?post=281326"}],"curies":[{"name":"wp","href":"https:\/\/api.w.org\/{rel}","templated":true}]}}