{"id":281351,"date":"2025-12-10T15:35:11","date_gmt":"2025-12-10T15:35:11","guid":{"rendered":"https:\/\/www.europesays.com\/es\/281351\/"},"modified":"2025-12-10T15:35:11","modified_gmt":"2025-12-10T15:35:11","slug":"el-tribunal-de-justicia-de-madrid-anula-parcialmente-la-ciudad-del-deporte-del-atletico-tribunales","status":"publish","type":"post","link":"https:\/\/www.europesays.com\/es\/281351\/","title":{"rendered":"El Tribunal de Justicia de Madrid anula parcialmente la Ciudad del Deporte del Atl\u00e9tico | Tribunales"},"content":{"rendered":"<p class=\"loc\">Madrid<\/p>\n<p>El Tribunal de Justicia de Madrid ha tumbado parcialmente otro de los proyectos estrella de Jos\u00e9 Luis Mart\u00ednez Almeida. El plan especial que aprob\u00f3 el Ayuntamiento de Madrid en octubre de 2024 por el que ced\u00eda al Atl\u00e9tico de Madrid 205.000 metros cuadrados de suelo para explotar espacios deportivos, recreativos y comerciales por un periodo de 75 a\u00f1os porque el consistorio no ha cumplido con los requisitos que exige la ley. <\/p>\n<p>M\u00e1s informaci\u00f3n<\/p>\n<p>Eran tres parcelas que estaban incluidas en el proyecto para convertir a la capital en sede de los Juegos Ol\u00edmpicos y el alto tribunal madrile\u00f1o anula el proyecto de una de ellas. Ese terreno contemplaba un centro acu\u00e1tico y convertir ese suelo deportivo en terciario para levantar bares, restaurantes y hoteles. <\/p>\n<p>Dice la sentencia que el plan especial que aprob\u00f3 el gobierno municipal de Jos\u00e9 Luis Mart\u00ednez-Almeida en este punto choca con el plan general y a\u00f1ade, adem\u00e1s, que no se ha realizado la correspondiente evaluaci\u00f3n ambiental estrat\u00e9gica a la que obligan la ley y la jurisprudencia del Tribunal Supremo.<\/p>\n<p>M\u00e1s a\u00fan cuando lo que se pretende es cambiar el uso deportivo del suelo por uso destinado a bares, restaurantes y hoteles. Los magistrados subrayan que \u00abno se trata de un mero desarrollo de una determinaci\u00f3n pormenorizada, sino que se pretende incluir usos asociados que son claramente incompatibles con el uso principal de equipamiento deportivo\u00bb y, por eso, \u00abno se puede modificar por un plan especial que adem\u00e1s, no justifica tampoco que esa introducci\u00f3n de dichos usos asociados claramente contradictorios con el principal de esa parcela sean congruentes\u00bb.<\/p>\n<p>Cambio de due\u00f1o en el club<\/p>\n<p>La sentencia, que estima el recurso de un particular, se conoce solo unos d\u00edas despu\u00e9s de que se hiciera p\u00fablica la venta por parte de las familias Gil y Cerezo del 55% de las acciones del club al fondo de inversi\u00f3n Apollo en el que se incluy\u00f3 este plan urban\u00edstico que ahora est\u00e1 anulado.<\/p>\n<p>La operaci\u00f3n se cerr\u00f3 por un precio que ronda los 1.300 millones de euros.<\/p>\n","protected":false},"excerpt":{"rendered":"Madrid El Tribunal de Justicia de Madrid ha tumbado parcialmente otro de los proyectos estrella de Jos\u00e9 Luis&hellip;\n","protected":false},"author":2,"featured_media":281352,"comment_status":"","ping_status":"","sticky":false,"template":"","format":"standard","meta":{"footnotes":""},"categories":[8],"tags":[28499,14564,24838,1517,31900,17,18,25,24,5912,13,14,5719,33853,280,11,20198,36716,62,19,20,9,10,15,16,23024,281,23,5842,167,12,22917,21,22,3933,19397],"class_list":{"0":"post-281351","1":"post","2":"type-post","3":"status-publish","4":"format-standard","5":"has-post-thumbnail","7":"category-espana","8":"tag-aerial","9":"tag-air","10":"tag-aircraft","11":"tag-atletico","12":"tag-atletico-madrid","13":"tag-breaking-news","14":"tag-breakingnews","15":"tag-es","16":"tag-espana","17":"tag-european","18":"tag-featured-news","19":"tag-featurednews","20":"tag-field","21":"tag-fly","22":"tag-football","23":"tag-headlines","24":"tag-historic","25":"tag-infrastructure","26":"tag-international","27":"tag-latest-news","28":"tag-latestnews","29":"tag-news","30":"tag-noticias","31":"tag-noticias-destacadas","32":"tag-noticiasdestacadas","33":"tag-plane","34":"tag-soccer","35":"tag-spain","36":"tag-spanish","37":"tag-sports","38":"tag-titulares","39":"tag-transport","40":"tag-ultimas-noticias","41":"tag-ultimasnoticias","42":"tag-urban","43":"tag-view"},"share_on_mastodon":{"url":"","error":"Validation failed: Text character limit of 500 exceeded"},"_links":{"self":[{"href":"https:\/\/www.europesays.com\/es\/wp-json\/wp\/v2\/posts\/281351","targetHints":{"allow":["GET"]}}],"collection":[{"href":"https:\/\/www.europesays.com\/es\/wp-json\/wp\/v2\/posts"}],"about":[{"href":"https:\/\/www.europesays.com\/es\/wp-json\/wp\/v2\/types\/post"}],"author":[{"embeddable":true,"href":"https:\/\/www.europesays.com\/es\/wp-json\/wp\/v2\/users\/2"}],"replies":[{"embeddable":true,"href":"https:\/\/www.europesays.com\/es\/wp-json\/wp\/v2\/comments?post=281351"}],"version-history":[{"count":0,"href":"https:\/\/www.europesays.com\/es\/wp-json\/wp\/v2\/posts\/281351\/revisions"}],"wp:featuredmedia":[{"embeddable":true,"href":"https:\/\/www.europesays.com\/es\/wp-json\/wp\/v2\/media\/281352"}],"wp:attachment":[{"href":"https:\/\/www.europesays.com\/es\/wp-json\/wp\/v2\/media?parent=281351"}],"wp:term":[{"taxonomy":"category","embeddable":true,"href":"https:\/\/www.europesays.com\/es\/wp-json\/wp\/v2\/categories?post=281351"},{"taxonomy":"post_tag","embeddable":true,"href":"https:\/\/www.europesays.com\/es\/wp-json\/wp\/v2\/tags?post=281351"}],"curies":[{"name":"wp","href":"https:\/\/api.w.org\/{rel}","templated":true}]}}